{"id":32424,"date":"2026-04-07T07:46:12","date_gmt":"2026-04-07T07:46:12","guid":{"rendered":"https:\/\/domosistemas.com\/?p=32424"},"modified":"2026-04-07T07:46:12","modified_gmt":"2026-04-07T07:46:12","slug":"carrefour-liquida-este-conjunto-de-sillas-mesa-y-sofa-para-el-balcon-o-terraza-ahora-cuesta-99-euros","status":"publish","type":"post","link":"https:\/\/domosistemas.com\/?p=32424","title":{"rendered":"Carrefour liquida este conjunto de sillas, mesa y sof\u00e1 para el balc\u00f3n o terraza: ahora cuesta 99 euros"},"content":{"rendered":"<div>\n<p>\n      <img decoding=\"async\" src=\"https:\/\/i.blogs.es\/91464a\/carrefour-4-\/1024_2000.jpeg\" alt=\"Carrefour liquida este conjunto de sillas, mesa y sof\u00e1 para el balc\u00f3n o terraza: ahora cuesta 99 euros \">\n    <\/p>\n<p>La primavera ya est\u00e1 aqu\u00ed y es el momento perfecto para empezar a preparar nuestros balcones, terrazas y jardines de cara al buen tiempo. Si est\u00e1s buscando mobiliario para tus veladas en el exterior de casa, ahora en Carrefour tienes por <a rel=\"nofollow, sponsored, noopener, noreferrer\" target=\"_blank\" class=\"js-ecommerce\" id=\"link-ecommerce-1\" href=\"https:\/\/www.webedia-afilia.com\/redirect?url=https%3A%2F%2Fwww.carrefour.es%2Fconjunto-de-jardin-mesa-2-sillas-y-sofa-valencia%2FVC4A-25917311%2Fp&amp;category=seleccion&amp;site=xatakahome&amp;ecomPostExpiration=perish&amp;postId=122410\" data-vars-affiliate-url=\"https:\/\/www.carrefour.es\/conjunto-de-jardin-mesa-2-sillas-y-sofa-valencia\/VC4A-25917311\/p\">99 euros<\/a> (antes costaba 149 euros) este <strong>conjunto de jard\u00edn Valencia<\/strong>, con mesa, sillas y un sof\u00e1.<\/p>\n<p><!-- BREAK 1 --><br \/>\n<esi:include src=\"\/modules\/pivot-ecommerce\/28574?ecommerce_expiration=perish&amp;category=seleccion&amp;postId=122410&amp;post_type=normal\"><\/esi:include><\/p>\n<h2>Un set perfecto para disfrutar del buen tiempo en la zona exterior de casa<\/h2>\n<div class=\"article-asset-image article-asset-normal article-asset-center\">\n<div class=\"asset-content\">\n                    <a rel=\"nofollow, sponsored, noopener, noreferrer\" target=\"_blank\" class=\"js-ecommerce\" id=\"link-ecommerce-2\" href=\"https:\/\/www.webedia-afilia.com\/redirect?url=https%3A%2F%2Fwww.carrefour.es%2Fconjunto-de-jardin-mesa-2-sillas-y-sofa-valencia%2FVC4A-25917311%2Fp&amp;category=seleccion&amp;site=xatakahome&amp;ecomPostExpiration=perish&amp;postId=122410\" data-vars-affiliate-url=\"https:\/\/www.carrefour.es\/conjunto-de-jardin-mesa-2-sillas-y-sofa-valencia\/VC4A-25917311\/p\"><\/p>\n<p>    <img decoding=\"async\" alt=\"Conjunto Mesa Sillas Y Sofa Carrefour\" class=\"centro_sinmarco\" src=\"https:\/\/i.blogs.es\/767f6d\/conjunto-mesa-sillas-y-sofa-carrefour\/450_1000.jpeg\"><br \/>\n     <\/a><\/p><\/div>\n<\/div>\n<p>Este set no solo busca ser un lugar donde sentarse sino crear una verdadera zona de relax exterior, incluso en balcones y terrazas peque\u00f1os. Este conjunto incluye un <strong>sof\u00e1 de dos plazas<\/strong>, <strong>dos sillones individuales<\/strong> y una <strong>mesa de centro<\/strong>, con el tama\u00f1o justo para desayunos en el exterior o incluso para apoyar el port\u00e1til si decides teletrabajar al aire libre.<\/p>\n<p><!-- BREAK 2 --><\/p>\n<div class=\"article-asset article-asset-normal article-asset-center\">\n<div class=\"desvio-container\">\n<div class=\"desvio\">\n<div class=\"desvio-figure js-desvio-figure\">\n    <a href=\"https:\/\/www.compradiccion.com\/electrodomesticos-y-hogar\/corte-ingles-arranca-liquidacion-juegos-sabanas-a-mitad-precio-para-dormitorio-primavera\" class=\"pivot-outboundlink\" target=\"_blank\" data-vars-post-title=\"El Corte Ingl\u00e9s arranca una liquidaci\u00f3n de juegos de s\u00e1banas a mitad de precio para un dormitorio de primavera\"><br \/>\n     <img loading=\"lazy\" decoding=\"async\" alt=\"El Corte Ingl\u00e9s arranca una liquidaci\u00f3n de juegos de s\u00e1banas a mitad de precio para un dormitorio de primavera\" width=\"375\" height=\"142\" src=\"https:\/\/i.blogs.es\/6bed9e\/el-corte-ingles-fachada\/375_142.jpeg\"><br \/>\n    <\/a>\n   <\/div>\n<div class=\"desvio-summary\">\n<div class=\"desvio-taxonomy js-desvio-taxonomy\">\n     <a href=\"https:\/\/www.compradiccion.com\/electrodomesticos-y-hogar\/corte-ingles-arranca-liquidacion-juegos-sabanas-a-mitad-precio-para-dormitorio-primavera\" class=\"desvio-taxonomy-anchor pivot-outboundlink m-crosspost\" target=\"_blank\" data-vars-post-title=\"El Corte Ingl\u00e9s arranca una liquidaci\u00f3n de juegos de s\u00e1banas a mitad de precio para un dormitorio de primavera\">En Compradicci\u00f3n<\/a>\n    <\/div>\n<p>    <a href=\"https:\/\/www.compradiccion.com\/electrodomesticos-y-hogar\/corte-ingles-arranca-liquidacion-juegos-sabanas-a-mitad-precio-para-dormitorio-primavera\" class=\"desvio-title js-desvio-title pivot-outboundlink\" target=\"_blank\" data-vars-post-title=\"El Corte Ingl\u00e9s arranca una liquidaci\u00f3n de juegos de s\u00e1banas a mitad de precio para un dormitorio de primavera\">El Corte Ingl\u00e9s arranca una liquidaci\u00f3n de juegos de s\u00e1banas a mitad de precio para un dormitorio de primavera<\/a>\n   <\/div>\n<\/p><\/div>\n<\/p><\/div>\n<\/div>\n<div class=\"article-asset-video article-asset-normal\">\n<div class=\"asset-content\">\n<div class=\"base-asset-video\">\n<div class=\"js-dailymotion\">\n    <script type=\"application\/json\">\n                          {\"videoId\":\"x8006fc\",\"autoplay\":true,\"title\":\"C\u00f3mo dormir cuando hace mucho calor y no tienes aire acondicionado\", \"tag\":\"\", \"duration\":\"217\"}\n                  <\/script>\n   <\/div>\n<\/p><\/div>\n<\/p><\/div>\n<\/div>\n<p>Fabricado en<strong> rat\u00e1n sint\u00e9tico<\/strong>, este material imita la est\u00e9tica natural del mimbre pero tiene ventajas como no pudrirse con la lluvia, no decolorarse tan r\u00e1pido con el sol y se limpia f\u00e1cilmente con un pa\u00f1o h\u00famedo.<\/p>\n<p><!-- BREAK 3 --><\/p>\n<p>Aunque incluye cuatro piezas, el dise\u00f1o de este set de muebles para exterior es <strong>visualmente ligero<\/strong>. Las patas elevadas y las estructuras abiertas permiten que el aire y la luz fluyan, haciendo que si lo colocas en un balc\u00f3n peque\u00f1o, no se sienta recargado.<\/p>\n<div class=\"article-asset-table article-asset-normal\">\n<div class=\"asset-content\">\n<table class=\"tabla-datos\">\n<thead>\n<tr>\n<th class=\"align-left highlight-row\">\n<p>\u26a1 EN RESUMEN: oferta para el conjunto de jard\u00edn valencia en carrefour hoy<\/p>\n<\/th>\n<\/tr>\n<\/thead>\n<tbody>\n<tr>\n<td class=\"align-left\">\n<p><strong>\u2705<\/strong><strong>\u00a0LO MEJOR<\/strong><\/p>\n<ul>\n<li><strong>Dise\u00f1o atemporal:<\/strong> encaja tanto en ambientes r\u00fasticos como modernos.<\/li>\n<li><strong>Ligereza: <\/strong>al tener estructura de acero (hueco o fino), las piezas del set son f\u00e1ciles de mover. Puedes reconfigurar el balc\u00f3n seg\u00fan tengas visitas o quieras limpiar el suelo sin dejarte la espalda.<\/li>\n<\/ul>\n<\/td>\n<\/tr>\n<tr>\n<td class=\"align-left\">\n<p><strong>\u274c LO PEOR<\/strong><\/p>\n<ul>\n<li><strong>Dimensiones del sof\u00e1&#8230; <\/strong>Es un sof\u00e1 de dos plazas justas. Si sois dos personas corpulentas, estar\u00e9is un poco apretados.<\/li>\n<li><strong>Resistencia del acero al salitre&#8230; <\/strong>Si vives en primera l\u00ednea de playa, el acero de la estructura, aunque est\u00e9 pintado, es propenso a la oxidaci\u00f3n a largo plazo si no se cuida bien. En zonas de costa, el aluminio es mejor, pero mucho m\u00e1s caro.<\/li>\n<\/ul>\n<\/td>\n<\/tr>\n<tr>\n<td class=\"align-left\">\n<p><strong>\ud83d\udca1 C\u00d3MPRALO SI&#8230; <\/strong>Acabas de mudarte y tienes un balc\u00f3n vac\u00edo, este set lo vestir\u00e1 por completo sin que te duela la cartera.<\/p>\n<\/td>\n<\/tr>\n<tr>\n<td class=\"align-left\">\n<p><strong>\u26d4 NO LO COMPRES SI&#8230;<\/strong> Tu balc\u00f3n es tipo pasillo, ya que aunque las sillas son compactas, el sof\u00e1 requiere algo de profundidad.\u00a0<\/p>\n<\/td>\n<\/tr>\n<\/tbody>\n<\/table><\/div>\n<\/div>\n<h2>Otros sets para tu terraza o balc\u00f3n que pueden interesarte<\/h2>\n<p><esi:include src=\"\/modules\/pivot-ecommerce\/28575?ecommerce_expiration=perish&amp;category=seleccion&amp;postId=122410&amp;post_type=normal\"><\/esi:include><esi:include src=\"\/modules\/pivot-ecommerce\/28576?ecommerce_expiration=perish&amp;category=seleccion&amp;postId=122410&amp;post_type=normal\"><\/esi:include><\/p>\n<p><em>Nota: algunos de los enlaces aqu\u00ed publicados son de afiliados y pueden reportar un beneficio.<\/em><\/p>\n<p>Im\u00e1genes | Webedia y Carrefour<\/p>\n<p>En Xataka Smart Home | <a class=\"text-outboundlink\" href=\"https:\/\/www.xatakahome.com\/guia-de-compra\/estas-soluciones-baratas-ikea-para-iluminar-cables-cajones-armarios-1\" data-vars-post-title=\"Estas son las soluciones baratas de IKEA para iluminar sin cables los cajones y armarios\" data-vars-post-url=\"https:\/\/www.xatakahome.com\/guia-de-compra\/estas-soluciones-baratas-ikea-para-iluminar-cables-cajones-armarios-1\">Estas son las soluciones baratas de IKEA para iluminar sin cables los cajones y armarios<\/a><\/p>\n<p>En Xataka Smart Home | <a class=\"text-outboundlink\" href=\"https:\/\/www.xatakahome.com\/seleccion\/ikea-tiene-mejores-muebles-para-terraza-jardin-incluso-para-pisos-pequenos\" data-vars-post-title=\"Ikea tiene los muebles ideales para disfrutar de tu terraza o balc\u00f3n esta primavera, incluso si vives en un piso peque\u00f1o\" data-vars-post-url=\"https:\/\/www.xatakahome.com\/seleccion\/ikea-tiene-mejores-muebles-para-terraza-jardin-incluso-para-pisos-pequenos\">Ikea tiene los muebles ideales para disfrutar de tu terraza o balc\u00f3n esta primavera, incluso si vives en un piso peque\u00f1o<\/a><\/p>\n<p><script>\n (function() {\n  window._JS_MODULES = window._JS_MODULES || {};\n  var headElement = document.getElementsByTagName('head')[0];\n  if (_JS_MODULES.instagram) {\n   var instagramScript = document.createElement('script');\n   instagramScript.src = 'https:\/\/platform.instagram.com\/en_US\/embeds.js';\n   instagramScript.async = true;\n   instagramScript.defer = true;\n   headElement.appendChild(instagramScript);\n  }\n })();\n<\/script><\/p>\n<p> &#8211; <br \/> La noticia<br \/>\n      <a href=\"https:\/\/www.xatakahome.com\/seleccion\/carrefour-liquida-este-conjunto-sillas-mesa-sofa-para-balcon-terraza-ahora-cuesta-99-euros?utm_source=feedburner&amp;utm_medium=feed&amp;utm_campaign=07_Apr_2026\"><br \/>\n       <em> Carrefour liquida este conjunto de sillas, mesa y sof\u00e1 para el balc\u00f3n o terraza: ahora cuesta 99 euros  <\/em><br \/>\n      <\/a><br \/>\n      fue publicada originalmente en<br \/>\n      <a href=\"https:\/\/www.xatakahome.com\/?utm_source=feedburner&amp;utm_medium=feed&amp;utm_campaign=07_Apr_2026\"><br \/>\n       <strong> Xataka Smart Home <\/strong><br \/>\n      <\/a><br \/>\n             por <a href=\"https:\/\/www.xatakahome.com\/autor\/fran-leon?utm_source=feedburner&amp;utm_medium=feed&amp;utm_campaign=07_Apr_2026\"><br \/>\n        Fran Le\u00f3n<br \/>\n       <\/a><br \/>\n      . <\/p>\n<\/div>\n","protected":false},"excerpt":{"rendered":"<p>La primavera ya est\u00e1 aqu\u00ed y es el momento perfecto para empezar a preparar nuestros balcones, terrazas y jardines de cara al buen tiempo. Si est\u00e1s buscando mobiliario para tus veladas en el exterior de casa, ahora en Carrefour tienes por 99 euros (antes costaba 149 euros) este conjunto de jard\u00edn Valencia, con mesa, sillas &hellip; <a href=\"https:\/\/domosistemas.com\/?p=32424\" class=\"more-link\">Sigue leyendo <span class=\"screen-reader-text\">Carrefour liquida este conjunto de sillas, mesa y sof\u00e1 para el balc\u00f3n o terraza: ahora cuesta 99 euros<\/span><\/a><\/p>\n","protected":false},"author":1,"featured_media":0,"comment_status":"closed","ping_status":"closed","sticky":false,"template":"","format":"standard","meta":{"footnotes":""},"categories":[8],"tags":[],"class_list":["post-32424","post","type-post","status-publish","format-standard","hentry","category-xataka"],"_links":{"self":[{"href":"https:\/\/domosistemas.com\/index.php?rest_route=\/wp\/v2\/posts\/32424","targetHints":{"allow":["GET"]}}],"collection":[{"href":"https:\/\/domosistemas.com\/index.php?rest_route=\/wp\/v2\/posts"}],"about":[{"href":"https:\/\/domosistemas.com\/index.php?rest_route=\/wp\/v2\/types\/post"}],"author":[{"embeddable":true,"href":"https:\/\/domosistemas.com\/index.php?rest_route=\/wp\/v2\/users\/1"}],"replies":[{"embeddable":true,"href":"https:\/\/domosistemas.com\/index.php?rest_route=%2Fwp%2Fv2%2Fcomments&post=32424"}],"version-history":[{"count":0,"href":"https:\/\/domosistemas.com\/index.php?rest_route=\/wp\/v2\/posts\/32424\/revisions"}],"wp:attachment":[{"href":"https:\/\/domosistemas.com\/index.php?rest_route=%2Fwp%2Fv2%2Fmedia&parent=32424"}],"wp:term":[{"taxonomy":"category","embeddable":true,"href":"https:\/\/domosistemas.com\/index.php?rest_route=%2Fwp%2Fv2%2Fcategories&post=32424"},{"taxonomy":"post_tag","embeddable":true,"href":"https:\/\/domosistemas.com\/index.php?rest_route=%2Fwp%2Fv2%2Ftags&post=32424"}],"curies":[{"name":"wp","href":"https:\/\/api.w.org\/{rel}","templated":true}]}}