{"id":32432,"date":"2026-04-07T15:00:13","date_gmt":"2026-04-07T15:00:13","guid":{"rendered":"https:\/\/domosistemas.com\/?p=32432"},"modified":"2026-04-07T15:00:13","modified_gmt":"2026-04-07T15:00:13","slug":"con-the-frame-pro-2026-samsung-no-se-quiere-quedar-en-las-teles-marco-tambien-quieren-competir-con-las-teles-de-mas-calidad","status":"publish","type":"post","link":"https:\/\/domosistemas.com\/?p=32432","title":{"rendered":"Con The Frame Pro 2026, Samsung no se quiere quedar en las &#8216;teles marco&#8217;. Tambi\u00e9n quieren competir con las teles de m\u00e1s calidad"},"content":{"rendered":"<div>\n<p>\n      <img decoding=\"async\" src=\"https:\/\/i.blogs.es\/59ffff\/portada\/1024_2000.jpeg\" alt=\"Con The Frame Pro 2026, Samsung no se quiere quedar en las 'teles marco'. Tambi\u00e9n quieren competir con las teles de m\u00e1s calidad \">\n    <\/p>\n<p>Samsung lleva a\u00f1os afinando sus \u00abtelevisores marco\u00bb. El concepto ya es m\u00e1s que reconocible: televisor dise\u00f1ado para ir colgado de la pared, marco decorativo, Art Store y una presencia mucho menos \u201ctelevisiva\u201d cuando no est\u00e1s viendo contenido. Como <strong>The Frame Pro 2026 <\/strong>ya viene con parte del trabajo hecho, Samsung ha querido afinar por otro lado, manteniendo la parte est\u00e9tica, s\u00ed, pero con un apartado interno m\u00e1s \u00abpro\u00bb, para que el producto s\u00f3lo se apoye en el dise\u00f1o.<\/p>\n<p><!-- BREAK 1 --><\/p>\n<p>En Xataka Smart Home ya hemos contado c\u00f3mo <a class=\"text-outboundlink\" href=\"https:\/\/www.xatakahome.com\/territorio-samsung\/asi-queda-nueva-gama-televisores-samsung-cara-a-2026-llegan-nuevas-tecnologias-modelos-oled-neo-qled\" data-vars-post-title=\"As\u00ed queda la nueva gama de televisores de Samsung de cara a 2026: llegan nuevas tecnolog\u00edas, m\u00e1s modelos OLED y menos Neo QLED\" data-vars-post-url=\"https:\/\/www.xatakahome.com\/territorio-samsung\/asi-queda-nueva-gama-televisores-samsung-cara-a-2026-llegan-nuevas-tecnologias-modelos-oled-neo-qled\">Samsung quer\u00eda ampliar su familia de teles cuadro y hacer que este formato pesara m\u00e1s dentro del cat\u00e1logo<\/a>, y The Frame Pro entra de lleno en esa estrategia. Samsung ya no parece conformarse con vender una tele bonita: quiere que esta l\u00ednea sea tambi\u00e9n m\u00e1s convincente cuando se habla de calidad de imagen, de refresco o de nuevas funciones.<\/p>\n<p><!-- BREAK 2 --><\/p>\n<h2>El The Fram Pro ya presume de panel, no solo de marco<\/h2>\n<div class=\"article-asset-image article-asset-normal article-asset-center\">\n<div class=\"asset-content\">\n<p>   <img decoding=\"async\" alt=\"Samsung The Frame Pro 2026\" class=\"centro_sinmarco\" src=\"https:\/\/i.blogs.es\/aab063\/samsung-the-frame-pro-2026-tv-design\/450_1000.jpeg\"><\/p><\/div>\n<\/div>\n<p>Seg\u00fan los detalles ya publicados, The Frame Pro 2026 monta un <strong>panel 4K VA con retroiluminaci\u00f3n Mini LED edge-lit<\/strong>, algo que cambia bastante la conversaci\u00f3n respecto a generaciones anteriores m\u00e1s centradas sobre todo en el dise\u00f1o y el modo arte. Tambi\u00e9n suma <strong>HDR10+ Advanced, HDR10+ Adaptive, HDR10+ Gaming, una frecuencia variable de hasta 144 Hz y tratamiento Glare Free<\/strong>.<\/p>\n<p><!-- BREAK 3 --><\/p>\n<p>Aqu\u00ed est\u00e1 probablemente el cambio m\u00e1s importante de fondo. Samsung sigue vendiendo The Frame Pro como una pieza decorativa para el sal\u00f3n, pero<strong> ahora lo hace con una base t\u00e9cnica mucho m\u00e1s dif\u00edcil de despachar como simple envoltorio bonito<\/strong>.<\/p>\n<div class=\"article-asset-video article-asset-normal\">\n<div class=\"asset-content\">\n<div class=\"base-asset-video\">\n<div class=\"js-dailymotion\">\n    <script type=\"application\/json\">\n                          {\"videoId\":\"xa1bkj6\",\"autoplay\":true,\"title\":\"LED vs MiniLED vs QLED vs OLED; \u00bfCu\u00e1l es la compra m\u00e1s inteligente?\", \"tag\":\"Smart TV\", \"duration\":\"829\"}\n                  <\/script>\n   <\/div>\n<\/p><\/div>\n<\/p><\/div>\n<\/div>\n<h2>Sigue siendo un marco, pero en una gama m\u00e1s abierta<\/h2>\n<p>Otra novedad importante es el tama\u00f1o. <strong>The Frame Pro 2026 estar\u00e1 disponible en 55, 65, 75 y 85 pulgadas<\/strong>, ampliando la familia respecto a la generaci\u00f3n anterior y dejando claro que Samsung quiere hacer este formato m\u00e1s flexible para distintos tipos de sal\u00f3n. Adem\u00e1s, viene acompa\u00f1ado de Wireless <a class=\"text-outboundlink\" href=\"https:\/\/www.xatakahome.com\/territorio-samsung\/que-one-connect-que-inventazo-para-tener-tele-salon-cable\" data-vars-post-title=\"Qu\u00e9 es One Connect y por qu\u00e9 es un inventazo para tener la tele y un sal\u00f3n sin tanto cable\" data-vars-post-url=\"https:\/\/www.xatakahome.com\/territorio-samsung\/que-one-connect-que-inventazo-para-tener-tele-salon-cable\">One Connect<\/a> Box y <strong>Slim Fit Wall Mount<\/strong>, dos elementos que siguen reforzando la instalaci\u00f3n limpia y el look de cuadro colgado.<\/p>\n<div class=\"article-asset-image article-asset-normal article-asset-center\">\n<div class=\"asset-content\">\n<p>   <img decoding=\"async\" alt=\"Samsung Wireless One Connect Box\" class=\"centro_sinmarco\" src=\"https:\/\/i.blogs.es\/7c6763\/samsung-wireless-one-connect-box-ports-2026\/450_1000.jpeg\"><\/p><\/div>\n<\/div>\n<p>Eso, en un televisor as\u00ed es muy importante, porque si la pared se llena de cables o si el montaje deja de parecer discreto, la magia del formato pierde muchos enteros. <strong>Samsung lo sabe y sigue cuidando esa parte casi tanto como el panel<\/strong>.<\/p>\n<p><!-- BREAK 4 --><\/p>\n<p>La marca ya mostr\u00f3 The Frame en CES 2026 como una pieza destacada dentro de su l\u00ednea Lifestyle TV, y la present\u00f3 junto a una narrativa bastante clara de experiencia art\u00edstica y calidad de imagen m\u00e1s ambiciosa. En ese contexto, The Frame Pro aparec\u00eda ense\u00f1ando <strong>calidad Neo QLED<\/strong> con una claridad m\u00e1s viva, algo que va muy en l\u00ednea con el salto t\u00e9cnico que ahora se detalla mejor.<\/p>\n<p><!-- BREAK 5 --><\/p>\n<div class=\"article-asset article-asset-normal article-asset-center\">\n<div class=\"desvio-container\">\n<div class=\"desvio\">\n<div class=\"desvio-figure js-desvio-figure\">\n    <a href=\"https:\/\/www.xatakahome.com\/territorio-samsung\/samsung-comienza-a-actualizar-sus-televisores-tizen-8-a-tizen-9-llegan-cambios-a-interfaz-funciones-nuevas-a-tu-tele\" class=\"pivot-outboundlink\" data-vars-post-title=\"Samsung mueve el software de sus teles: Tizen 9 ya se despliega y trae cambios visibles en la interfaz\"><br \/>\n     <img loading=\"lazy\" decoding=\"async\" alt=\"Samsung mueve el software de sus teles: Tizen 9 ya se despliega y trae cambios visibles en la interfaz\" width=\"375\" height=\"142\" src=\"https:\/\/i.blogs.es\/fff565\/image\/375_142.jpeg\"><br \/>\n    <\/a>\n   <\/div>\n<div class=\"desvio-summary\">\n<div class=\"desvio-taxonomy js-desvio-taxonomy\">\n     <a href=\"https:\/\/www.xatakahome.com\/territorio-samsung\/samsung-comienza-a-actualizar-sus-televisores-tizen-8-a-tizen-9-llegan-cambios-a-interfaz-funciones-nuevas-a-tu-tele\" class=\"desvio-taxonomy-anchor pivot-outboundlink\" data-vars-post-title=\"Samsung mueve el software de sus teles: Tizen 9 ya se despliega y trae cambios visibles en la interfaz\">En Xataka Smart Home<\/a>\n    <\/div>\n<p>    <a href=\"https:\/\/www.xatakahome.com\/territorio-samsung\/samsung-comienza-a-actualizar-sus-televisores-tizen-8-a-tizen-9-llegan-cambios-a-interfaz-funciones-nuevas-a-tu-tele\" class=\"desvio-title js-desvio-title pivot-outboundlink\" data-vars-post-title=\"Samsung mueve el software de sus teles: Tizen 9 ya se despliega y trae cambios visibles en la interfaz\">Samsung mueve el software de sus teles: Tizen 9 ya se despliega y trae cambios visibles en la interfaz<\/a>\n   <\/div>\n<\/p><\/div>\n<\/p><\/div>\n<\/div>\n<p>Esta The Frame Pro 2026 borra un poco m\u00e1s la frontera entre la tele decorativa y la tele de gama alta. No va a dejar de comprarse por su look, porque ese sigue siendo su gran reclamo, pero Samsung est\u00e1 haciendo que cada vez cueste m\u00e1s decir que este formato vive solo del dise\u00f1o.<\/p>\n<p><!-- BREAK 6 --><\/p>\n<p>Im\u00e1genes |\u00a0Samsung<\/p>\n<p>En Xataka Home |\u00a0<a class=\"text-outboundlink\" href=\"https:\/\/www.xatakahome.com\/territorio-samsung\/todos-televisores-oled-samsung-para-2025-sus-principales-carceteristicas-diferencias\" data-vars-post-title=\"Todos los televisores OLED de Samsung para 2026 y sus principales caracter\u00edsticas y diferencias\" data-vars-post-url=\"https:\/\/www.xatakahome.com\/territorio-samsung\/todos-televisores-oled-samsung-para-2025-sus-principales-carceteristicas-diferencias\">Todos los televisores OLED de Samsung para 2025 y sus principales caracter\u00edsticas y diferencias<\/a>\u00a0<\/p>\n<p>En Xataka Smart Home |\u00a0<a class=\"text-outboundlink\" href=\"https:\/\/www.xatakahome.com\/servicios-de-smart-tv\/tienes-smart-tv-movil-samsung-puedes-ver-gratis-nuevo-canal-television-usar-antena-tdt-1\" data-vars-post-title=\"Si tienes una Smart TV o m\u00f3vil Samsung, ya puedes ver gratis un nuevo canal de televisi\u00f3n sin usar la antena de TDT  \" data-vars-post-url=\"https:\/\/www.xatakahome.com\/servicios-de-smart-tv\/tienes-smart-tv-movil-samsung-puedes-ver-gratis-nuevo-canal-television-usar-antena-tdt-1\">Si tienes una Smart TV o m\u00f3vil Samsung, ya puedes ver gratis un nuevo canal de televisi\u00f3n sin usar la antena de TDT<\/a>\u00a0<\/p>\n<p><script>\n (function() {\n  window._JS_MODULES = window._JS_MODULES || {};\n  var headElement = document.getElementsByTagName('head')[0];\n  if (_JS_MODULES.instagram) {\n   var instagramScript = document.createElement('script');\n   instagramScript.src = 'https:\/\/platform.instagram.com\/en_US\/embeds.js';\n   instagramScript.async = true;\n   instagramScript.defer = true;\n   headElement.appendChild(instagramScript);\n  }\n })();\n<\/script><\/p>\n<p> &#8211; <br \/> La noticia<br \/>\n      <a href=\"https:\/\/www.xatakahome.com\/territorio-samsung\/the-frame-pro-2026-samsung-no-se-quiere-quedar-teles-marco-tambien-quieren-competir-teles-calidad?utm_source=feedburner&amp;utm_medium=feed&amp;utm_campaign=07_Apr_2026\"><br \/>\n       <em> Con The Frame Pro 2026, Samsung no se quiere quedar en las &#8216;teles marco&#8217;. Tambi\u00e9n quieren competir con las teles de m\u00e1s calidad  <\/em><br \/>\n      <\/a><br \/>\n      fue publicada originalmente en<br \/>\n      <a href=\"https:\/\/www.xatakahome.com\/?utm_source=feedburner&amp;utm_medium=feed&amp;utm_campaign=07_Apr_2026\"><br \/>\n       <strong> Xataka Smart Home <\/strong><br \/>\n      <\/a><br \/>\n             por <a href=\"https:\/\/www.xatakahome.com\/autor\/manuel-naranjo?utm_source=feedburner&amp;utm_medium=feed&amp;utm_campaign=07_Apr_2026\"><br \/>\n        Manuel Naranjo<br \/>\n       <\/a><br \/>\n      . <\/p>\n<\/div>\n","protected":false},"excerpt":{"rendered":"<p>Samsung lleva a\u00f1os afinando sus \u00abtelevisores marco\u00bb. El concepto ya es m\u00e1s que reconocible: televisor dise\u00f1ado para ir colgado de la pared, marco decorativo, Art Store y una presencia mucho menos \u201ctelevisiva\u201d cuando no est\u00e1s viendo contenido. Como The Frame Pro 2026 ya viene con parte del trabajo hecho, Samsung ha querido afinar por otro &hellip; <a href=\"https:\/\/domosistemas.com\/?p=32432\" class=\"more-link\">Sigue leyendo <span class=\"screen-reader-text\">Con The Frame Pro 2026, Samsung no se quiere quedar en las &#8216;teles marco&#8217;. Tambi\u00e9n quieren competir con las teles de m\u00e1s calidad<\/span><\/a><\/p>\n","protected":false},"author":1,"featured_media":0,"comment_status":"closed","ping_status":"closed","sticky":false,"template":"","format":"standard","meta":{"footnotes":""},"categories":[8],"tags":[],"class_list":["post-32432","post","type-post","status-publish","format-standard","hentry","category-xataka"],"_links":{"self":[{"href":"https:\/\/domosistemas.com\/index.php?rest_route=\/wp\/v2\/posts\/32432","targetHints":{"allow":["GET"]}}],"collection":[{"href":"https:\/\/domosistemas.com\/index.php?rest_route=\/wp\/v2\/posts"}],"about":[{"href":"https:\/\/domosistemas.com\/index.php?rest_route=\/wp\/v2\/types\/post"}],"author":[{"embeddable":true,"href":"https:\/\/domosistemas.com\/index.php?rest_route=\/wp\/v2\/users\/1"}],"replies":[{"embeddable":true,"href":"https:\/\/domosistemas.com\/index.php?rest_route=%2Fwp%2Fv2%2Fcomments&post=32432"}],"version-history":[{"count":0,"href":"https:\/\/domosistemas.com\/index.php?rest_route=\/wp\/v2\/posts\/32432\/revisions"}],"wp:attachment":[{"href":"https:\/\/domosistemas.com\/index.php?rest_route=%2Fwp%2Fv2%2Fmedia&parent=32432"}],"wp:term":[{"taxonomy":"category","embeddable":true,"href":"https:\/\/domosistemas.com\/index.php?rest_route=%2Fwp%2Fv2%2Fcategories&post=32432"},{"taxonomy":"post_tag","embeddable":true,"href":"https:\/\/domosistemas.com\/index.php?rest_route=%2Fwp%2Fv2%2Ftags&post=32432"}],"curies":[{"name":"wp","href":"https:\/\/api.w.org\/{rel}","templated":true}]}}