{"id":32675,"date":"2026-04-26T10:02:56","date_gmt":"2026-04-26T10:02:56","guid":{"rendered":"https:\/\/domosistemas.com\/?p=32675"},"modified":"2026-04-26T10:02:56","modified_gmt":"2026-04-26T10:02:56","slug":"de-patio-feo-y-estrecho-a-piscina-con-jardin-de-lujo-esta-arquitecta-mostro-la-increible-transformacion-que-podemos-hacer-con-poco-espacio","status":"publish","type":"post","link":"https:\/\/domosistemas.com\/?p=32675","title":{"rendered":"De patio feo y estrecho a piscina con jard\u00edn de lujo. Esta arquitecta mostr\u00f3 la incre\u00edble transformaci\u00f3n que podemos hacer con poco espacio"},"content":{"rendered":"<div>\n<p>\n      <img decoding=\"async\" src=\"https:\/\/i.blogs.es\/30d7cd\/patio\/1024_2000.jpeg\" alt=\"De patio feo y estrecho a piscina con jard\u00edn de lujo. Esta arquitecta mostr\u00f3 la incre\u00edble transformaci\u00f3n que podemos hacer con poco espacio \">\n    <\/p>\n<p>Tener un <strong>jard\u00edn con piscina<\/strong> y una zona de relax donde pasar las tardes de verano es el sue\u00f1o de muchos, aunque l\u00f3gicamente dependemos, adem\u00e1s del presupuesto, de que nuestra vivienda cuente con espacio suficiente como para poder alojar tales lujos.<\/p>\n<p><!-- BREAK 1 --><\/p>\n<p>Por eso resulta tan sorprendente la reforma que hoy traemos donde con mucho ingenio y un poco de \u00abmagia digital\u00bb se ha transformado un patio de cemento feo, estrecho y desaprovechado en <strong>todo un oasis<\/strong> que parece fue dise\u00f1ado as\u00ed desde la construcci\u00f3n inicial de la finca.<\/p>\n<div class=\"article-asset article-asset-normal article-asset-center\">\n<div class=\"desvio-container\">\n<div class=\"desvio\">\n<div class=\"desvio-figure js-desvio-figure\">\n    <a href=\"https:\/\/www.xatakahome.com\/hogar\/metodo-marie-kondo-no-se-lleva-esta-tendencia-para-tener-todo-orden-que-hace-que-tu-casa-gane-metros-estilo\" class=\"pivot-outboundlink\" data-vars-post-title=\"Es la tendencia en 2026 para tener m\u00e1s espacio en casa sin llenarla de armarios y estanter\u00edas. Hace que tu casa gane metros y estilo\"><br \/>\n     <img loading=\"lazy\" decoding=\"async\" alt=\"Es la tendencia en 2026 para tener m\u00e1s espacio en casa sin llenarla de armarios y estanter\u00edas. Hace que tu casa gane metros y estilo\" width=\"375\" height=\"142\" src=\"https:\/\/i.blogs.es\/47ce0b\/chuttersnap-fyatq-filro-unsplash\/375_142.jpeg\"><br \/>\n    <\/a>\n   <\/div>\n<div class=\"desvio-summary\">\n<div class=\"desvio-taxonomy js-desvio-taxonomy\">\n     <a href=\"https:\/\/www.xatakahome.com\/hogar\/metodo-marie-kondo-no-se-lleva-esta-tendencia-para-tener-todo-orden-que-hace-que-tu-casa-gane-metros-estilo\" class=\"desvio-taxonomy-anchor pivot-outboundlink\" data-vars-post-title=\"Es la tendencia en 2026 para tener m\u00e1s espacio en casa sin llenarla de armarios y estanter\u00edas. Hace que tu casa gane metros y estilo\">En Xataka Smart Home<\/a>\n    <\/div>\n<p>    <a href=\"https:\/\/www.xatakahome.com\/hogar\/metodo-marie-kondo-no-se-lleva-esta-tendencia-para-tener-todo-orden-que-hace-que-tu-casa-gane-metros-estilo\" class=\"desvio-title js-desvio-title pivot-outboundlink\" data-vars-post-title=\"Es la tendencia en 2026 para tener m\u00e1s espacio en casa sin llenarla de armarios y estanter\u00edas. Hace que tu casa gane metros y estilo\">Es la tendencia en 2026 para tener m\u00e1s espacio en casa sin llenarla de armarios y estanter\u00edas. Hace que tu casa gane metros y estilo<\/a>\n   <\/div>\n<\/p><\/div>\n<\/p><\/div>\n<\/div>\n<h2>Una transformaci\u00f3n que da pie a la imaginaci\u00f3n<\/h2>\n<div class=\"article-asset-image article-asset-large article-asset-center\">\n<div class=\"asset-content\">\n<div class=\"caption-img \">\n                    <a rel=\"noopener, noreferrer\" href=\"https:\/\/www.instagram.com\/lorraynne.arq\/p\/CPquDzwh5NK\/?img_index=5\"><\/p>\n<p>    <img decoding=\"async\" alt=\"Patioantes Despues\" class=\"\" src=\"https:\/\/i.blogs.es\/33262a\/patioantes-despues\/450_1000.jpeg\"><br \/>\n     <\/a><\/p>\n<p>        <span>Imagen: @lorraynne.arq en Instagram<\/span>\n   <\/div>\n<\/p><\/div>\n<\/div>\n<p>La reforma de este espacio la hemos encontrado en la <strong>cuenta de Instagram<\/strong> de la arquitecta<strong> <\/strong><a rel=\"noopener, noreferrer\" href=\"https:\/\/www.instagram.com\/p\/CPquDzwh5NK\/?img_index=5\" data-id=\"noopener, noreferrer\">@lorraynne.arq<\/a>, quien da nueva vida a un espacio totalmente desaprovechado que pr\u00e1cticamente solo se utilizaba como trastero de exterior para dejar objetos que ya no se usaban. Hay que tener en cuenta que los resultados, por el momento, son renders hasta que se complete la obra.<\/p>\n<p><!-- BREAK 2 --><\/p>\n<p>Era una zona al aire libre con entrada a la vivienda, suelo y paredes de cemento que adem\u00e1s hac\u00eda una forma de \u00abL\u00bb extra\u00f1a, por lo que aprovecharla parec\u00eda complicado, aunque gracias a unas <strong>vigas de madera<\/strong> que sirven de soporte para una p\u00e9rgola y unas estanter\u00edas ha sido posible darle toda una nueva vida.<\/p>\n<div class=\"article-asset-image article-asset-large article-asset-center\">\n<div class=\"asset-content\">\n<div class=\"caption-img \">\n                    <a rel=\"noopener, noreferrer\" href=\"https:\/\/www.instagram.com\/lorraynne.arq\/p\/CPquDzwh5NK\/?img_index=5\"><\/p>\n<p>    <img decoding=\"async\" alt=\"Patio\" class=\"\" src=\"https:\/\/i.blogs.es\/b6a8f5\/1366_2000\/450_1000.jpeg\"><br \/>\n     <\/a><\/p>\n<p>        <span>Imagen: @lorraynne.arq en Instagram<\/span>\n   <\/div>\n<\/p><\/div>\n<\/div>\n<p>Aunque el cambio m\u00e1s impactante viene de <strong>la piscina incorporada en el render<\/strong>, ya que a simple vista meter una en ese hueco dadas las dimensiones del espacio parec\u00eda dif\u00edcil. Lo han conseguido, a\u00f1adiendo adem\u00e1s un <strong>porche de madera<\/strong>, una zona<em> chill out <\/em>con iluminaci\u00f3n LED de lo m\u00e1s vistosa y hasta <strong>un espacio para comer y una zona de lavander\u00eda<\/strong>.<\/p>\n<p><!-- BREAK 3 --><\/p>\n<p>La piscina no es muy grande, pero se ajusta al ancho perfecto de los laterales, cubierta de madera por los bordes, uno de los cuales hace a su vez de pasillo hasta el rinc\u00f3n de descanso donde se han instalado <strong>asientos de madera y estanter\u00edas<\/strong> con diferentes objetos decorativos.<\/p>\n<p>La transformaci\u00f3n, a falta de que se materialice, lo cierto es que resulta impactante, ya que ha modificado por completo la identidad de este jard\u00edn para convertirlo en un <strong>espacio de lujo.<\/strong><\/p>\n<p><!-- BREAK 4 --><\/p>\n<div class=\"article-asset-video article-asset-normal\">\n<div class=\"asset-content\">\n<div class=\"base-asset-video\">\n<div class=\"js-dailymotion\">\n    <script type=\"application\/json\">\n                          {\"videoId\":\"x8heyay\",\"autoplay\":true,\"title\":\"ANTES de COMPRA una AIR FRYER mira ESTE V\u00cdDEO | Gu\u00eda de compra freidoras de aire\", \"tag\":\"Webedia-prod\", \"duration\":\"586\"}\n                  <\/script>\n   <\/div>\n<\/p><\/div>\n<\/p><\/div>\n<\/div>\n<p>En las im\u00e1genes tambi\u00e9n vemos que se ha a\u00f1adido una<strong> cocina supletoria con una isla convertida en mesa <\/strong>de comedor para hasta seis comensales y un cuarto de \u00a0lavado que se suaviza con una puerta corredera de madera a juego con el techo del porche principal. Lo que no han publicado es el coste, pero suponemos que no ser\u00e1 una reforma barata, sobre todo por la instalaci\u00f3n de la piscina.<\/p>\n<p><!-- BREAK 5 --><\/p>\n<p>V\u00eda | \u00a0<a rel=\"noopener, noreferrer\" href=\"https:\/\/www.instagram.com\/p\/CPquDzwh5NK\/?img_index=1\">@lorraynne.arq<\/a><\/p>\n<p>Imagen portada | <a rel=\"noopener, noreferrer\" href=\"https:\/\/www.instagram.com\/p\/CPquDzwh5NK\/?img_index=1\">@lorraynne.arq<\/a><\/p>\n<p>En Xataka Smart Home | <a class=\"text-outboundlink\" href=\"https:\/\/www.xatakahome.com\/hogar\/aprovecho-armario-abrigos-usar-para-hacerse-enorme-e-ingeniosa-despensa-espacio-almacenaje-dejo-ser-problema\" data-vars-post-title=\"Aprovech\u00f3 el armario de abrigos sin usar para hacerse una enorme e ingeniosa despensa: el espacio de almacenaje dej\u00f3 de ser un problema \" data-vars-post-url=\"https:\/\/www.xatakahome.com\/hogar\/aprovecho-armario-abrigos-usar-para-hacerse-enorme-e-ingeniosa-despensa-espacio-almacenaje-dejo-ser-problema\">Aprovech\u00f3 el armario de abrigos sin usar para \u00a0hacerse una enorme e ingeniosa despensa: el espacio de almacenaje dej\u00f3 \u00a0de ser un problema<\/a><\/p>\n<p><!-- BREAK 6 --><\/p>\n<p><em>Una versi\u00f3n de este art\u00edculo se public\u00f3 en 2025<\/em><\/p>\n<p><script>\n (function() {\n  window._JS_MODULES = window._JS_MODULES || {};\n  var headElement = document.getElementsByTagName('head')[0];\n  if (_JS_MODULES.instagram) {\n   var instagramScript = document.createElement('script');\n   instagramScript.src = 'https:\/\/platform.instagram.com\/en_US\/embeds.js';\n   instagramScript.async = true;\n   instagramScript.defer = true;\n   headElement.appendChild(instagramScript);\n  }\n })();\n<\/script><\/p>\n<p> &#8211; <br \/> La noticia<br \/>\n      <a href=\"https:\/\/www.xatakahome.com\/diseno-y-arquitectura\/patio-feo-estrecho-a-piscina-jardin-lujo-esta-arquitecta-mostro-increible-transformacion-que-podemos-hacer-poco-espacio?utm_source=feedburner&amp;utm_medium=feed&amp;utm_campaign=26_Apr_2026\"><br \/>\n       <em> De patio feo y estrecho a piscina con jard\u00edn de lujo. Esta arquitecta mostr\u00f3 la incre\u00edble transformaci\u00f3n que podemos hacer con poco espacio  <\/em><br \/>\n      <\/a><br \/>\n      fue publicada originalmente en<br \/>\n      <a href=\"https:\/\/www.xatakahome.com\/?utm_source=feedburner&amp;utm_medium=feed&amp;utm_campaign=26_Apr_2026\"><br \/>\n       <strong> Xataka Smart Home <\/strong><br \/>\n      <\/a><br \/>\n             por<br \/>\n               <a href=\"https:\/\/www.xatakahome.com\/autor\/paco-rodriguez?utm_source=feedburner&amp;utm_medium=feed&amp;utm_campaign=26_Apr_2026\"><br \/>\n        Paco Rodr\u00edguez<br \/>\n        <\/a><br \/>\n             . <\/p>\n<\/div>\n","protected":false},"excerpt":{"rendered":"<p>Tener un jard\u00edn con piscina y una zona de relax donde pasar las tardes de verano es el sue\u00f1o de muchos, aunque l\u00f3gicamente dependemos, adem\u00e1s del presupuesto, de que nuestra vivienda cuente con espacio suficiente como para poder alojar tales lujos. Por eso resulta tan sorprendente la reforma que hoy traemos donde con mucho ingenio &hellip; <a href=\"https:\/\/domosistemas.com\/?p=32675\" class=\"more-link\">Sigue leyendo <span class=\"screen-reader-text\">De patio feo y estrecho a piscina con jard\u00edn de lujo. Esta arquitecta mostr\u00f3 la incre\u00edble transformaci\u00f3n que podemos hacer con poco espacio<\/span><\/a><\/p>\n","protected":false},"author":1,"featured_media":0,"comment_status":"closed","ping_status":"closed","sticky":false,"template":"","format":"standard","meta":{"footnotes":""},"categories":[8],"tags":[],"class_list":["post-32675","post","type-post","status-publish","format-standard","hentry","category-xataka"],"_links":{"self":[{"href":"https:\/\/domosistemas.com\/index.php?rest_route=\/wp\/v2\/posts\/32675","targetHints":{"allow":["GET"]}}],"collection":[{"href":"https:\/\/domosistemas.com\/index.php?rest_route=\/wp\/v2\/posts"}],"about":[{"href":"https:\/\/domosistemas.com\/index.php?rest_route=\/wp\/v2\/types\/post"}],"author":[{"embeddable":true,"href":"https:\/\/domosistemas.com\/index.php?rest_route=\/wp\/v2\/users\/1"}],"replies":[{"embeddable":true,"href":"https:\/\/domosistemas.com\/index.php?rest_route=%2Fwp%2Fv2%2Fcomments&post=32675"}],"version-history":[{"count":0,"href":"https:\/\/domosistemas.com\/index.php?rest_route=\/wp\/v2\/posts\/32675\/revisions"}],"wp:attachment":[{"href":"https:\/\/domosistemas.com\/index.php?rest_route=%2Fwp%2Fv2%2Fmedia&parent=32675"}],"wp:term":[{"taxonomy":"category","embeddable":true,"href":"https:\/\/domosistemas.com\/index.php?rest_route=%2Fwp%2Fv2%2Fcategories&post=32675"},{"taxonomy":"post_tag","embeddable":true,"href":"https:\/\/domosistemas.com\/index.php?rest_route=%2Fwp%2Fv2%2Ftags&post=32675"}],"curies":[{"name":"wp","href":"https:\/\/api.w.org\/{rel}","templated":true}]}}