{"id":32700,"date":"2026-04-28T09:02:57","date_gmt":"2026-04-28T09:02:57","guid":{"rendered":"https:\/\/domosistemas.com\/?p=32700"},"modified":"2026-04-28T09:02:57","modified_gmt":"2026-04-28T09:02:57","slug":"la-nueva-lampara-led-de-diseno-de-ikea-quiere-conquistar-a-los-mas-exigentes-es-de-vidrio-esmerilado-y-dura-20-anos","status":"publish","type":"post","link":"https:\/\/domosistemas.com\/?p=32700","title":{"rendered":"La nueva l\u00e1mpara LED de dise\u00f1o de IKEA quiere conquistar a los m\u00e1s exigentes. Es de vidrio esmerilado y dura 20 a\u00f1os"},"content":{"rendered":"<div>\n<p>\n      <img decoding=\"async\" src=\"https:\/\/i.blogs.es\/01d5cd\/captura-de-pantalla-2026-04-28-a-las-7.42.34\/1024_2000.png\" alt=\"La nueva l\u00e1mpara LED de dise\u00f1o de IKEA quiere conquistar a los m\u00e1s exigentes. Es de vidrio esmerilado y dura 20 a\u00f1os\">\n    <\/p>\n<p>IKEA sigue renovando su cat\u00e1logo de iluminaci\u00f3n y, en este caso, ha lanzado una nueva l\u00e1mpara de techo. Si hace poco vimos sus <a class=\"text-outboundlink\" href=\"https:\/\/www.xatakahome.com\/iluminacion-y-energia\/nuevas-lamparas-led-diseno-ikea-quieren-conquistar-a-exigentes-estan-fabricadas-marmol-roble-vidrio\" data-vars-post-title=\"Las nuevas l\u00e1mparas LED de dise\u00f1o de IKEA quieren conquistar a los m\u00e1s exigentes. Est\u00e1n fabricadas con m\u00e1rmol, roble y vidrio \" data-vars-post-url=\"https:\/\/www.xatakahome.com\/iluminacion-y-energia\/nuevas-lamparas-led-diseno-ikea-quieren-conquistar-a-exigentes-estan-fabricadas-marmol-roble-vidrio\">l\u00e1mparas de dise\u00f1o<\/a> o c\u00f3mo actualizaba su <a class=\"text-outboundlink\" href=\"https:\/\/www.xatakahome.com\/iluminacion-y-energia\/ikea-reinventa-su-lampara-exito-ahora-funciona-matter-se-controla-movil\" data-vars-post-title=\"Ikea reinventa su l\u00e1mpara de m\u00e1s \u00e9xito: ahora funciona con Matter y se controla con el m\u00f3vil\" data-vars-post-url=\"https:\/\/www.xatakahome.com\/iluminacion-y-energia\/ikea-reinventa-su-lampara-exito-ahora-funciona-matter-se-controla-movil\">luminaria m\u00e1s famosa<\/a>, ahora toca conocer c\u00f3mo es su <strong>nuevo modelo VARMBLIXT.<\/strong><\/p>\n<p><!-- BREAK 1 --><\/p>\n<p>El gigante del comercio sueco tiene una oferta de luces cada vez m\u00e1s amplia y, en esta ocasi\u00f3n, no se trata de uno de los habituales modelos baratos. La nueva l\u00e1mpara, tambi\u00e9n <a class=\"text-outboundlink\" href=\"https:\/\/www.xatakahome.com\/territorio-samsung\/ecosistema-galaxy-tu-salon-como-configurar-mapa-3d-smartthings-controlar-tus-luces-mando-tele\" data-vars-post-title=\"Con SmartThings puedes controlar hasta las luces de tu casa desde el mando de la tele. S\u00f3lo necesitas configurar su 'Mapa 3D'\" data-vars-post-url=\"https:\/\/www.xatakahome.com\/territorio-samsung\/ecosistema-galaxy-tu-salon-como-configurar-mapa-3d-smartthings-controlar-tus-luces-mando-tele\">es conectada<\/a> (gracias a <a class=\"text-outboundlink\" href=\"https:\/\/www.xatakahome.com\/domotica\/matter-prometia-acabar-problemas-casa-conectada-tres-anos-despues-no-esta-logrando-asi-puede-mejorar\" data-vars-post-title=\"Matter promet\u00eda acabar con los problemas de la casa conectada. Tres a\u00f1os despu\u00e9s, no lo est\u00e1 logrando: as\u00ed puede mejorar \" data-vars-post-url=\"https:\/\/www.xatakahome.com\/domotica\/matter-prometia-acabar-problemas-casa-conectada-tres-anos-despues-no-esta-logrando-asi-puede-mejorar\">Matter<\/a>), llega para quienes buscan algo distinto y duradero, pues desde la marca aseguran que <strong>puede durar hasta 20 a\u00f1os<\/strong>.<\/p>\n<p><!-- BREAK 2 --><\/p>\n<h2>Est\u00e1 fabricada en vidrio esmerilado<\/h2>\n<div class=\"article-asset-image article-asset-large article-asset-center\">\n<div class=\"asset-content\">\n<p>   <img decoding=\"async\" alt=\"VARMBLIXT\" class=\"\" src=\"https:\/\/i.blogs.es\/8c53c2\/captura-de-pantalla-2026-04-28-a-las-7.42.17\/450_1000.png\"><\/p><\/div>\n<\/div>\n<p>La nueva luminaria de la gama <a rel=\"nofollow, sponsored, noopener, noreferrer\" target=\"_blank\" class=\"js-ecommerce\" id=\"link-ecommerce-1\" href=\"https:\/\/www.webedia-afilia.com\/redirect?url=https%3A%2F%2Fwww.ikea.com%2Fes%2Fes%2Fp%2Fvarmblixt-lampara-techo-led-regulacion-intensidad-luminosa-inteligente-vidrio-blanco-espectro-blanco-30625223%2F&amp;category=iluminacion-y-energia&amp;site=xatakahome&amp;ecomPostExpiration=perish&amp;postId=122821\" data-vars-affiliate-url=\"https:\/\/www.ikea.com\/es\/es\/p\/varmblixt-lampara-techo-led-regulacion-intensidad-luminosa-inteligente-vidrio-blanco-espectro-blanco-30625223\/\">VARMBLIXT<\/a> es un modelo de techo <strong>fabricado en vidrio esmerilado y pl\u00e1stico<\/strong>. Est\u00e1 pensada para ser usada como elemento decorativo y, al mismo tiempo, generar una luz suave y difusa.<\/p>\n<p><!-- BREAK 3 --><\/p>\n<div class=\"article-asset-video article-asset-normal\">\n<div class=\"asset-content\">\n<div class=\"base-asset-video\">\n<div class=\"js-dailymotion\">\n    <script type=\"application\/json\">\n                          {\"videoId\":\"x81nxtz\",\"autoplay\":true,\"title\":\"Mi LED Smart Bulb BOMBILLA INTELIGENTE  Econ\u00f3mica  de Xiaomi\", \"tag\":\"Xiaomi Mi LED Smart Bulb\", \"duration\":\"207\"}\n                  <\/script>\n   <\/div>\n<\/p><\/div>\n<\/p><\/div>\n<\/div>\n<p>La nueva l\u00e1mpara de techo, como no pod\u00eda ser de otra forma, est\u00e1 pensada para funcionar con cualquier ecosistema del hogar inteligente, con independencia del que tengas en casa. Esto es posible gracias a que es compatible con Matter, por lo que puedes usarla con las plataformas de <strong>Apple, Google, Amazon, Samsung o Homey.<\/strong><\/p>\n<p><!-- BREAK 4 --><\/p>\n<p>Gracias a Thread, la interoperabilidad con cualquier sistema es total, pero, aun as\u00ed, <strong>para poder usarla necesitar\u00e1s un \u201cpuente\u201d<\/strong>. En este caso, tendr\u00e1s que comprar \u2014si no lo tienes ya\u2014 el DIRIGERA que vende IKEA. De esta forma, podr\u00e1s acceder a las funciones avanzadas que van mucho m\u00e1s all\u00e1 de lo b\u00e1sico.<\/p>\n<p>No obstante, si no tienes un router, <strong>puedes usarla de forma tradicional<\/strong>, ya que con la l\u00e1mpara VARMBLIXT se incluye un mando a distancia para control manual.<\/p>\n<p><!-- BREAK 5 --><\/p>\n<div class=\"article-asset article-asset-normal article-asset-center\">\n<div class=\"desvio-container\">\n<div class=\"desvio\">\n<div class=\"desvio-figure js-desvio-figure\">\n    <a href=\"https:\/\/www.xatakahome.com\/territorio-samsung\/samsung-llega-a-ikea-no-como-imaginas-finlandesa-hace-compatibles-fin-compatibles-sus-productos-smartthings\" class=\"pivot-outboundlink\" data-vars-post-title=\"IKEA te trae el hogar inteligente barato: sus nuevos dispositivos conectados ya son compatibles con SmartThings de Samsung\"><br \/>\n     <img loading=\"lazy\" decoding=\"async\" alt=\"IKEA te trae el hogar inteligente barato: sus nuevos dispositivos conectados ya son compatibles con SmartThings de Samsung\" width=\"375\" height=\"142\" src=\"https:\/\/i.blogs.es\/775abe\/samsung-ikea\/375_142.jpeg\"><br \/>\n    <\/a>\n   <\/div>\n<div class=\"desvio-summary\">\n<div class=\"desvio-taxonomy js-desvio-taxonomy\">\n     <a href=\"https:\/\/www.xatakahome.com\/territorio-samsung\/samsung-llega-a-ikea-no-como-imaginas-finlandesa-hace-compatibles-fin-compatibles-sus-productos-smartthings\" class=\"desvio-taxonomy-anchor pivot-outboundlink\" data-vars-post-title=\"IKEA te trae el hogar inteligente barato: sus nuevos dispositivos conectados ya son compatibles con SmartThings de Samsung\">En Xataka Smart Home<\/a>\n    <\/div>\n<p>    <a href=\"https:\/\/www.xatakahome.com\/territorio-samsung\/samsung-llega-a-ikea-no-como-imaginas-finlandesa-hace-compatibles-fin-compatibles-sus-productos-smartthings\" class=\"desvio-title js-desvio-title pivot-outboundlink\" data-vars-post-title=\"IKEA te trae el hogar inteligente barato: sus nuevos dispositivos conectados ya son compatibles con SmartThings de Samsung\">IKEA te trae el hogar inteligente barato: sus nuevos dispositivos conectados ya son compatibles con SmartThings de Samsung<\/a>\n   <\/div>\n<\/p><\/div>\n<\/p><\/div>\n<\/div>\n<p>Pero donde IKEA ha puesto especial inter\u00e9s ha sido en la duraci\u00f3n. En este sentido, la marca anuncia que esta l\u00e1mpara est\u00e1 dise\u00f1ada para <strong>durar unas 25.000 horas<\/strong>. Para que te hagas una idea, si la usas tres horas cada d\u00eda, te acompa\u00f1ar\u00e1 durante los pr\u00f3ximos 20 a\u00f1os.<\/p>\n<p><!-- BREAK 6 --><\/p>\n<p>Una nueva l\u00e1mpara que ya puedes comprar en las tiendas f\u00edsicas de Ikea pero tambi\u00e9n en la web, aunque eso s\u00ed, <strong>no es barata<\/strong>: tiene un precio de <a rel=\"nofollow, sponsored, noopener, noreferrer\" target=\"_blank\" class=\"js-ecommerce\" id=\"link-ecommerce-2\" href=\"https:\/\/www.webedia-afilia.com\/redirect?url=https%3A%2F%2Fwww.ikea.com%2Fes%2Fes%2Fp%2Fvarmblixt-lampara-techo-led-regulacion-intensidad-luminosa-inteligente-vidrio-blanco-espectro-blanco-30625223%2F&amp;category=iluminacion-y-energia&amp;site=xatakahome&amp;ecomPostExpiration=perish&amp;postId=122821\" data-vars-affiliate-url=\"https:\/\/www.ikea.com\/es\/es\/p\/varmblixt-lampara-techo-led-regulacion-intensidad-luminosa-inteligente-vidrio-blanco-espectro-blanco-30625223\/\">159 euros<\/a>.<\/p>\n<p><!-- BREAK 7 --><\/p>\n<p>M\u00e1s informaci\u00f3n | <a rel=\"nofollow, sponsored, noopener, noreferrer\" target=\"_blank\" class=\"js-ecommerce\" id=\"link-ecommerce-3\" href=\"https:\/\/www.webedia-afilia.com\/redirect?url=https%3A%2F%2Fwww.ikea.com%2Fes%2Fes%2Fp%2Fvarmblixt-lampara-techo-led-regulacion-intensidad-luminosa-inteligente-vidrio-blanco-espectro-blanco-30625223%2F&amp;category=iluminacion-y-energia&amp;site=xatakahome&amp;ecomPostExpiration=perish&amp;postId=122821\" data-vars-affiliate-url=\"https:\/\/www.ikea.com\/es\/es\/p\/varmblixt-lampara-techo-led-regulacion-intensidad-luminosa-inteligente-vidrio-blanco-espectro-blanco-30625223\/\">Ikea<\/a><\/p>\n<p>En Xataka SmartHome | <a class=\"text-outboundlink\" href=\"https:\/\/www.xatakahome.com\/iluminacion-y-energia\/ikea-sorprende-su-ultima-decision-retira-para-siempre-uno-sus-basicos-vendidos\" data-vars-post-title=\"Ikea deja de vender uno de sus b\u00e1sicos para el hogar conectado: \u00bfqu\u00e9 pasa ahora si tengo la casa llena?\" data-vars-post-url=\"https:\/\/www.xatakahome.com\/iluminacion-y-energia\/ikea-sorprende-su-ultima-decision-retira-para-siempre-uno-sus-basicos-vendidos\" target=\"_blank\">Ikea deja de vender uno de sus b\u00e1sicos para el hogar conectado: \u00bfqu\u00e9 pasa ahora si tengo la casa llena?<\/a><\/p>\n<p><script>\n (function() {\n  window._JS_MODULES = window._JS_MODULES || {};\n  var headElement = document.getElementsByTagName('head')[0];\n  if (_JS_MODULES.instagram) {\n   var instagramScript = document.createElement('script');\n   instagramScript.src = 'https:\/\/platform.instagram.com\/en_US\/embeds.js';\n   instagramScript.async = true;\n   instagramScript.defer = true;\n   headElement.appendChild(instagramScript);\n  }\n })();\n<\/script><\/p>\n<p> &#8211; <br \/> La noticia<br \/>\n      <a href=\"https:\/\/www.xatakahome.com\/iluminacion-y-energia\/nueva-lampara-led-diseno-ikea-quiere-conquistar-a-exigentes-vidrio-esmerilado-dura-20-anos?utm_source=feedburner&amp;utm_medium=feed&amp;utm_campaign=28_Apr_2026\"><br \/>\n       <em> La nueva l\u00e1mpara LED de dise\u00f1o de IKEA quiere conquistar a los m\u00e1s exigentes. Es de vidrio esmerilado y dura 20 a\u00f1os <\/em><br \/>\n      <\/a><br \/>\n      fue publicada originalmente en<br \/>\n      <a href=\"https:\/\/www.xatakahome.com\/?utm_source=feedburner&amp;utm_medium=feed&amp;utm_campaign=28_Apr_2026\"><br \/>\n       <strong> Xataka Smart Home <\/strong><br \/>\n      <\/a><br \/>\n             por<br \/>\n               <a href=\"https:\/\/www.xatakahome.com\/autor\/jose-antonio-carmona?utm_source=feedburner&amp;utm_medium=feed&amp;utm_campaign=28_Apr_2026\"><br \/>\n        Jose Antonio Carmona<br \/>\n        <\/a><br \/>\n             . <\/p>\n<\/div>\n","protected":false},"excerpt":{"rendered":"<p>IKEA sigue renovando su cat\u00e1logo de iluminaci\u00f3n y, en este caso, ha lanzado una nueva l\u00e1mpara de techo. Si hace poco vimos sus l\u00e1mparas de dise\u00f1o o c\u00f3mo actualizaba su luminaria m\u00e1s famosa, ahora toca conocer c\u00f3mo es su nuevo modelo VARMBLIXT. El gigante del comercio sueco tiene una oferta de luces cada vez m\u00e1s &hellip; <a href=\"https:\/\/domosistemas.com\/?p=32700\" class=\"more-link\">Sigue leyendo <span class=\"screen-reader-text\">La nueva l\u00e1mpara LED de dise\u00f1o de IKEA quiere conquistar a los m\u00e1s exigentes. Es de vidrio esmerilado y dura 20 a\u00f1os<\/span><\/a><\/p>\n","protected":false},"author":1,"featured_media":0,"comment_status":"closed","ping_status":"closed","sticky":false,"template":"","format":"standard","meta":{"footnotes":""},"categories":[8],"tags":[],"class_list":["post-32700","post","type-post","status-publish","format-standard","hentry","category-xataka"],"_links":{"self":[{"href":"https:\/\/domosistemas.com\/index.php?rest_route=\/wp\/v2\/posts\/32700","targetHints":{"allow":["GET"]}}],"collection":[{"href":"https:\/\/domosistemas.com\/index.php?rest_route=\/wp\/v2\/posts"}],"about":[{"href":"https:\/\/domosistemas.com\/index.php?rest_route=\/wp\/v2\/types\/post"}],"author":[{"embeddable":true,"href":"https:\/\/domosistemas.com\/index.php?rest_route=\/wp\/v2\/users\/1"}],"replies":[{"embeddable":true,"href":"https:\/\/domosistemas.com\/index.php?rest_route=%2Fwp%2Fv2%2Fcomments&post=32700"}],"version-history":[{"count":0,"href":"https:\/\/domosistemas.com\/index.php?rest_route=\/wp\/v2\/posts\/32700\/revisions"}],"wp:attachment":[{"href":"https:\/\/domosistemas.com\/index.php?rest_route=%2Fwp%2Fv2%2Fmedia&parent=32700"}],"wp:term":[{"taxonomy":"category","embeddable":true,"href":"https:\/\/domosistemas.com\/index.php?rest_route=%2Fwp%2Fv2%2Fcategories&post=32700"},{"taxonomy":"post_tag","embeddable":true,"href":"https:\/\/domosistemas.com\/index.php?rest_route=%2Fwp%2Fv2%2Ftags&post=32700"}],"curies":[{"name":"wp","href":"https:\/\/api.w.org\/{rel}","templated":true}]}}