{"id":32710,"date":"2026-04-29T02:00:00","date_gmt":"2026-04-29T02:00:00","guid":{"rendered":"https:\/\/domosistemas.com\/?p=32710"},"modified":"2026-04-29T02:00:00","modified_gmt":"2026-04-29T02:00:00","slug":"cerca-de-500-empresas-solicitan-participar-en-la-semana-de-la-electrificacion-y-descarbonizacion","status":"publish","type":"post","link":"https:\/\/domosistemas.com\/?p=32710","title":{"rendered":"Cerca de 500 empresas solicitan participar en la Semana de la Electrificaci\u00f3n y Descarbonizaci\u00f3n"},"content":{"rendered":"<div>\n<p>A tan solo siete meses de su celebraci\u00f3n, la Semana Internacional de la Electrificaci\u00f3n y la Descarbonizaci\u00f3n 2026, compuesta por las ferias Genera y Matelec, ha superado las expectativas con cerca de 500 empresas solicitando su participaci\u00f3n. Estas empresas ocupar\u00e1n cerca de 28.000 metros cuadrados en <a href=\"https:\/\/www.ifema.es\/\" target=\"_blank\" rel=\"noopener\">Ifema Madrid<\/a>, lo que representa aproximadamente el 75% de la ocupaci\u00f3n alcanzada en la edici\u00f3n de 2025, lo que demuestra el creciente inter\u00e9s y la fuerte dimensi\u00f3n internacional del evento.<\/p>\n<figure id=\"attachment_172393\" aria-describedby=\"caption-attachment-172393\" style=\"width: 800px\" class=\"wp-caption aligncenter\"><img loading=\"lazy\" decoding=\"async\" class=\"wp-image-172393 size-full\" src=\"https:\/\/static.casadomo.com\/media\/2026\/04\/la-proxima-edicion-de-las-ferias-genera-y-matelec-alcanza-el-75-de-ocupacion-a-meses-del-evento-ok.png\" alt=\"\" width=\"800\" height=\"533\" srcset=\"https:\/\/static.casadomo.com\/media\/2026\/04\/la-proxima-edicion-de-las-ferias-genera-y-matelec-alcanza-el-75-de-ocupacion-a-meses-del-evento-ok.png 800w, https:\/\/static.casadomo.com\/media\/2026\/04\/la-proxima-edicion-de-las-ferias-genera-y-matelec-alcanza-el-75-de-ocupacion-a-meses-del-evento-ok-300x200.png 300w, https:\/\/static.casadomo.com\/media\/2026\/04\/la-proxima-edicion-de-las-ferias-genera-y-matelec-alcanza-el-75-de-ocupacion-a-meses-del-evento-ok-768x512.png 768w, https:\/\/static.casadomo.com\/media\/2026\/04\/la-proxima-edicion-de-las-ferias-genera-y-matelec-alcanza-el-75-de-ocupacion-a-meses-del-evento-ok-180x120.png 180w\" sizes=\"auto, (max-width: 800px) 100vw, 800px\"><figcaption id=\"caption-attachment-172393\" class=\"wp-caption-text\">Alrededor de 500 empresas solicitan su participaci\u00f3n en la pr\u00f3xima edici\u00f3n de la Semana Internacional de la Electrificaci\u00f3n y Descarbonizaci\u00f3n.<\/figcaption><\/figure>\n<p>La pr\u00f3xima edici\u00f3n contar\u00e1 con el respaldo del Instituto para la Diversificaci\u00f3n y Ahorro de la Energ\u00eda (IDAE) y del Ministerio para la Transici\u00f3n Ecol\u00f3gica y el Reto Demogr\u00e1fico.<\/p>\n<h2>Genera y Matelec 2026<\/h2>\n<p>La Feria Internacional de Energ\u00eda y Medio Ambiente, que volver\u00e1 a contar con el respaldo institucional del Instituto para la Diversificaci\u00f3n y Ahorro de la Energ\u00eda (IDAE) y del Ministerio para la Transici\u00f3n Ecol\u00f3gica y el Reto Demogr\u00e1fico, se consolida como el espacio de referencia para las energ\u00edas renovables, el almacenamiento, el hidr\u00f3geno, la eficiencia energ\u00e9tica y las soluciones para la descarbonizaci\u00f3n.<\/p>\n<p>Por su parte, la Feria de Soluciones para la Industria El\u00e9ctrica y Electr\u00f3nica se sit\u00faa como el n\u00facleo tecnol\u00f3gico de la electrificaci\u00f3n con soluciones ligadas a redes el\u00e9ctricas, infraestructuras inteligentes, digitalizaci\u00f3n, eficiencia energ\u00e9tica, automatizaci\u00f3n, almacenamiento y nuevos usos de la electricidad, as\u00ed como a sectores clave como los fabricantes y distribuidores de material el\u00e9ctrico, la iluminaci\u00f3n y la dom\u00f3tica,\u00a0fundamentales para trasladar la energ\u00eda limpia a la industria, los edificios, la movilidad y las ciudades.<\/p>\n<h2>Apoyo asociativo y participaci\u00f3n activa<\/h2>\n<p>El proyecto de la Semana Internacional de la Electrificaci\u00f3n y Descarbonizaci\u00f3n contar\u00e1 tambi\u00e9n con un respaldo de un amplio tejido asociativo y profesional, entre las que destacan con un espacio agrupado Afme, Aedive, Anese, A3E, Unef, Appa, Secartys y KNX, junto a otras con presencia de stand y participaci\u00f3n en foros y actividades como Fenie, Adime, Anfalum, Ateg, Cogen, Asealen, entre otras muchas, adem\u00e1s del apoyo de los principales medios de prensa t\u00e9cnica y especializada.<\/p>\n<p>Las empresas interesadas en formar parte de la Semana Internacional de la Electrificaci\u00f3n y la Descarbonizaci\u00f3n pueden presentar su solicitud a trav\u00e9s de las p\u00e1ginas web de <a href=\"https:\/\/www.ifema.es\/genera\" target=\"_blank\" rel=\"noopener\">Genera<\/a> y <a href=\"https:\/\/www.ifema.es\/matelec\" target=\"_blank\" rel=\"noopener\">Matelec<\/a>.<\/p>\n<p>La entrada <a href=\"https:\/\/www.casadomo.com\/2026\/04\/29\/cerca-500-empresas-solicitan-participar-semana-electrificacion-descarbonizacion\">Cerca de 500 empresas solicitan participar en la Semana de la Electrificaci\u00f3n y Descarbonizaci\u00f3n<\/a> aparece primero en <a href=\"https:\/\/www.casadomo.com\/\">CASADOMO<\/a>.<\/p>\n<\/div>\n","protected":false},"excerpt":{"rendered":"<p>A tan solo siete meses de su celebraci\u00f3n, la Semana Internacional de la Electrificaci\u00f3n y la Descarbonizaci\u00f3n 2026, compuesta por las ferias Genera y Matelec, ha superado las expectativas con cerca de 500 empresas solicitando su participaci\u00f3n. Estas empresas ocupar\u00e1n cerca de 28.000 metros cuadrados en Ifema Madrid, lo que representa aproximadamente el 75% de &hellip; <a href=\"https:\/\/domosistemas.com\/?p=32710\" class=\"more-link\">Sigue leyendo <span class=\"screen-reader-text\">Cerca de 500 empresas solicitan participar en la Semana de la Electrificaci\u00f3n y Descarbonizaci\u00f3n<\/span><\/a><\/p>\n","protected":false},"author":1,"featured_media":0,"comment_status":"closed","ping_status":"closed","sticky":false,"template":"","format":"standard","meta":{"footnotes":""},"categories":[3],"tags":[],"class_list":["post-32710","post","type-post","status-publish","format-standard","hentry","category-casadomo-com"],"_links":{"self":[{"href":"https:\/\/domosistemas.com\/index.php?rest_route=\/wp\/v2\/posts\/32710","targetHints":{"allow":["GET"]}}],"collection":[{"href":"https:\/\/domosistemas.com\/index.php?rest_route=\/wp\/v2\/posts"}],"about":[{"href":"https:\/\/domosistemas.com\/index.php?rest_route=\/wp\/v2\/types\/post"}],"author":[{"embeddable":true,"href":"https:\/\/domosistemas.com\/index.php?rest_route=\/wp\/v2\/users\/1"}],"replies":[{"embeddable":true,"href":"https:\/\/domosistemas.com\/index.php?rest_route=%2Fwp%2Fv2%2Fcomments&post=32710"}],"version-history":[{"count":0,"href":"https:\/\/domosistemas.com\/index.php?rest_route=\/wp\/v2\/posts\/32710\/revisions"}],"wp:attachment":[{"href":"https:\/\/domosistemas.com\/index.php?rest_route=%2Fwp%2Fv2%2Fmedia&parent=32710"}],"wp:term":[{"taxonomy":"category","embeddable":true,"href":"https:\/\/domosistemas.com\/index.php?rest_route=%2Fwp%2Fv2%2Fcategories&post=32710"},{"taxonomy":"post_tag","embeddable":true,"href":"https:\/\/domosistemas.com\/index.php?rest_route=%2Fwp%2Fv2%2Ftags&post=32710"}],"curies":[{"name":"wp","href":"https:\/\/api.w.org\/{rel}","templated":true}]}}