{"id":32720,"date":"2026-04-29T11:00:26","date_gmt":"2026-04-29T11:00:26","guid":{"rendered":"https:\/\/domosistemas.com\/?p=32720"},"modified":"2026-04-29T11:00:26","modified_gmt":"2026-04-29T11:00:26","slug":"tengo-coche-y-moto-y-los-aparco-en-la-misma-plaza-de-garaje-no-sabia-que-la-ley-lo-prohibe-en-estos-casos","status":"publish","type":"post","link":"https:\/\/domosistemas.com\/?p=32720","title":{"rendered":"Tengo coche y moto y los aparco en la misma plaza de garaje. No sab\u00eda que la ley lo prohibe en estos casos"},"content":{"rendered":"<div>\n<p>\n      <img decoding=\"async\" src=\"https:\/\/i.blogs.es\/fdbb36\/garage-3\/1024_2000.jpeg\" alt=\"Tengo coche y moto y los aparco en la misma plaza de garaje. No sab\u00eda que la ley lo prohibe en estos casos\">\n    <\/p>\n<p>Es muy habitual que, hoy d\u00eda, muchas personas tengan en propiedad dos veh\u00edculos: ya sean <a class=\"text-outboundlink\" href=\"https:\/\/www.xatakahome.com\/hogar\/queria-aparcar-dos-coches-tiro-tabique-su-trastero-para-hacerlo-luego-vendio-compradores-han-pagado-platos-rotos\" data-vars-post-title=\"Quer\u00eda aparcar dos coches y tir\u00f3 el tabique de su trastero para hacerlo. Luego lo vendi\u00f3 y los compradores han pagado los platos rotos\" data-vars-post-url=\"https:\/\/www.xatakahome.com\/hogar\/queria-aparcar-dos-coches-tiro-tabique-su-trastero-para-hacerlo-luego-vendio-compradores-han-pagado-platos-rotos\">dos coches<\/a>, dos motos o una mezcla de ambos, coche y moto. Con el precio de las <a class=\"text-outboundlink\" href=\"https:\/\/www.xatakahome.com\/hogar\/creiamos-que-plazas-garaje-eran-gallina-huevos-oro-trasteros-han-llegado-para-destrozar-precios\" data-vars-post-title=\"Tener una plaza de garaje para alquilar era un chollo. Ahora lo es tener un trastero (por culpa de los pisos)\" data-vars-post-url=\"https:\/\/www.xatakahome.com\/hogar\/creiamos-que-plazas-garaje-eran-gallina-huevos-oro-trasteros-han-llegado-para-destrozar-precios\">plazas de garaje<\/a> por las nubes, optimizar el espacio parece la mejor soluci\u00f3n, pero <strong>no siempre es posible aparcar el coche y la moto en el mismo lugar<\/strong>, o no al menos cumpliendo la ley.<\/p>\n<p><!-- BREAK 1 --><\/p>\n<p>Seguramente, en el lugar en el que <a class=\"text-outboundlink\" href=\"https:\/\/www.xatakahome.com\/a-fondo\/me-voy-vacaciones-tengo-vado-casa-puedo-dejar-mi-coche-aparcado-esto-que-dice-ley\" data-vars-post-title=\"Me voy de vacaciones y tengo un vado en casa \u00bfPuedo dejar mi coche aparcado? Esto es lo que dice la ley \" data-vars-post-url=\"https:\/\/www.xatakahome.com\/a-fondo\/me-voy-vacaciones-tengo-vado-casa-puedo-dejar-mi-coche-aparcado-esto-que-dice-ley\">guardas tu veh\u00edculo<\/a>, te habr\u00e1s encontrado con una situaci\u00f3n parecida. Lo que no todo el mundo sabe es que <strong>hay una forma legal de hacerlo<\/strong>, ya no solo para no molestar a los vecinos, sino para no incurrir en un posible problema.<\/p>\n<p><!-- BREAK 2 --><\/p>\n<h2>Repasando la ley<\/h2>\n<div class=\"article-asset-image article-asset-large article-asset-center\">\n<div class=\"asset-content\">\n<p>   <img decoding=\"async\" alt=\"Garage 2\" class=\"\" src=\"https:\/\/i.blogs.es\/09b4e8\/garage-2\/450_1000.jpeg\"><\/p><\/div>\n<\/div>\n<p>Al igual que ocurre con el resto de inmuebles en los que se produce una convivencia entre propietarios, un garaje no escapa a una casu\u00edstica muy amplia. <strong>Las plazas de garaje son una enorme fuente de conflictos<\/strong> y lo m\u00e1s habitual es que las <a class=\"text-outboundlink\" href=\"https:\/\/www.xatakahome.com\/hogar\/quiero-poner-macetas-mi-balcon-vecinos-se-niegan-voy-a-ganarles-partida-lph-estatutos\" data-vars-post-title=\"Quiero poner macetas en mi balc\u00f3n y los vecinos se niegan. Voy a ganarles la partida con la LPH y los estatutos \" data-vars-post-url=\"https:\/\/www.xatakahome.com\/hogar\/quiero-poner-macetas-mi-balcon-vecinos-se-niegan-voy-a-ganarles-partida-lph-estatutos\">disputas<\/a> se originen, sobre todo, por la invasi\u00f3n del espacio del vecino. Ya ves por d\u00f3nde va la idea que te voy a detallar.<\/p>\n<p><!-- BREAK 3 --><\/p>\n<p>Ta no solo por todos aquellos que deciden convertir su plaza en <a class=\"text-outboundlink\" href=\"https:\/\/www.xatakahome.com\/hogar\/pensando-usar-plaza-garaje-como-trastero-comunidad-vecinos-puede-prohibirtelo-todos-estos-casos\" data-vars-post-title=\"Usar el garaje como trastero tiene un gran pero: que la comunidad te lo prohiba si guardas esto\" data-vars-post-url=\"https:\/\/www.xatakahome.com\/hogar\/pensando-usar-plaza-garaje-como-trastero-comunidad-vecinos-puede-prohibirtelo-todos-estos-casos\">un improvisado trastero<\/a>, o por quienes dejan <a class=\"text-outboundlink\" href=\"https:\/\/www.xatakahome.com\/hogar\/que-tu-vecino-aparque-bici-plaza-garaje-puede-ser-molesto-a-este-propietario-le-han-caido-2-000-euros-multa\" data-vars-post-title=\"Que tu vecino aparque la bici en la plaza de garaje puede ser molesto. A este propietario le han ca\u00eddo 2.000 euros de multa\" data-vars-post-url=\"https:\/\/www.xatakahome.com\/hogar\/que-tu-vecino-aparque-bici-plaza-garaje-puede-ser-molesto-a-este-propietario-le-han-caido-2-000-euros-multa\">objetos y bicicletas entorpeciendo el paso<\/a>, algo que ha llegado a costar <a rel=\"noopener, noreferrer\" href=\"https:\/\/www.poderjudicial.es\/search\/AN\/openDocument\/0b082214c0f98d8ea0a8778d75e36f0d\/20251216\">multas de hasta 2.000 euros<\/a>. Y es que, \u00bfqu\u00e9 ocurre cuando queremos optimizar nuestro espacio y <strong>aparcar un coche y una moto juntos<\/strong>? Para responder a esto, debemos analizar la situaci\u00f3n desde varios frentes legales y comunitarios.<\/p>\n<p><!-- BREAK 4 --><\/p>\n<h2>Las rayas del garaje<\/h2>\n<div class=\"article-asset-image article-asset-large article-asset-center\">\n<div class=\"asset-content\">\n<p>   <img decoding=\"async\" alt=\"Rayas del garaje\" class=\"\" src=\"https:\/\/i.blogs.es\/4ceff1\/1200_800\/450_1000.jpeg\"><\/p><\/div>\n<\/div>\n<p>Lo primero que hay que tener en cuenta es que <strong>existe una limitaci\u00f3n b\u00e1sica<\/strong>: <a class=\"text-outboundlink\" href=\"https:\/\/www.xatakahome.com\/hogar\/aparcar-fuera-tu-plaza-garaje-tiene-consecuencias-asi-puedes-saber-cuanto-mide-para-no-pasarte-raya\" data-vars-post-title=\"Si tienes una cochera vieja cuidado con las rayas. Aparcar fuera puede costarte muy caro: que se lo digan a esta vecina\" data-vars-post-url=\"https:\/\/www.xatakahome.com\/hogar\/aparcar-fuera-tu-plaza-garaje-tiene-consecuencias-asi-puedes-saber-cuanto-mide-para-no-pasarte-raya\">las l\u00edneas que delimitan tu plaza de garaje<\/a>. De hecho, esta es una de las causas m\u00e1s comunes de conflicto en los garajes comunitarios: que un veh\u00edculo sobrepase las l\u00edneas que delimitan la plaza.<\/p>\n<p><!-- BREAK 5 --><\/p>\n<div class=\"article-asset-image article-asset-large article-asset-center\">\n<div class=\"asset-content\">\n<div class=\"caption-img \">\n<p>   <img decoding=\"async\" alt=\"Coche\" class=\"\" src=\"https:\/\/i.blogs.es\/bd2b49\/img_1331\/450_1000.jpeg\"><\/p>\n<p>        <span>Ese espejo est\u00e1 cometiendo una ilegalidad<\/span>\n   <\/div>\n<\/p><\/div>\n<\/div>\n<p>La <a rel=\"noopener, noreferrer\" href=\"https:\/\/www.boe.es\/buscar\/act.php?id=BOE-A-1960-10906\">Ley de Propiedad Horizontal<\/a> (LPH) establece que el propietario <strong>tiene derecho al uso y disfrute<\/strong> de su espacio privativo, pero ese espacio f\u00edsico termina exactamente donde est\u00e1 pintada la l\u00ednea.<\/p>\n<p><!-- BREAK 6 --><\/p>\n<div class=\"article-asset article-asset-normal article-asset-center\">\n<div class=\"desvio-container\">\n<div class=\"desvio\">\n<div class=\"desvio-figure js-desvio-figure\">\n    <a href=\"https:\/\/www.xatakahome.com\/hogar\/mi-plaza-hago-que-quiero-tu-plaza-garaje-no-trastero-que-guardar-muebles-cajas-te-puede-salir-muy-caro\" class=\"pivot-outboundlink\" data-vars-post-title=\"\u201cEs mi plaza y hago lo que quiero\u201d,  pero tu plaza de garaje no es un trastero: por qu\u00e9 guardar muebles o cajas te puede salir muy caro\"><br \/>\n     <img loading=\"lazy\" decoding=\"async\" alt=\"\u201cEs mi plaza y hago lo que quiero\u201d,  pero tu plaza de garaje no es un trastero: por qu\u00e9 guardar muebles o cajas te puede salir muy caro\" width=\"375\" height=\"142\" src=\"https:\/\/i.blogs.es\/c2d253\/20220212_234242\/375_142.jpeg\"><br \/>\n    <\/a>\n   <\/div>\n<div class=\"desvio-summary\">\n<div class=\"desvio-taxonomy js-desvio-taxonomy\">\n     <a href=\"https:\/\/www.xatakahome.com\/hogar\/mi-plaza-hago-que-quiero-tu-plaza-garaje-no-trastero-que-guardar-muebles-cajas-te-puede-salir-muy-caro\" class=\"desvio-taxonomy-anchor pivot-outboundlink\" data-vars-post-title=\"\u201cEs mi plaza y hago lo que quiero\u201d,  pero tu plaza de garaje no es un trastero: por qu\u00e9 guardar muebles o cajas te puede salir muy caro\">En Xataka Smart Home<\/a>\n    <\/div>\n<p>    <a href=\"https:\/\/www.xatakahome.com\/hogar\/mi-plaza-hago-que-quiero-tu-plaza-garaje-no-trastero-que-guardar-muebles-cajas-te-puede-salir-muy-caro\" class=\"desvio-title js-desvio-title pivot-outboundlink\" data-vars-post-title=\"\u201cEs mi plaza y hago lo que quiero\u201d,  pero tu plaza de garaje no es un trastero: por qu\u00e9 guardar muebles o cajas te puede salir muy caro\">\u201cEs mi plaza y hago lo que quiero\u201d,  pero tu plaza de garaje no es un trastero: por qu\u00e9 guardar muebles o cajas te puede salir muy caro<\/a>\n   <\/div>\n<\/p><\/div>\n<\/p><\/div>\n<\/div>\n<p>Es cierto que la Ley de Propiedad Horizontal (LPH) <strong>no establece prohibici\u00f3n expresa<\/strong> alguna que impida aparcar m\u00e1s de un veh\u00edculo en una misma plaza, por lo que no es ilegal tener un coche y una moto aparcados juntos. Sin embargo, que la ley general no lo proh\u00edba no significa que tengas v\u00eda libre incondicional en tu plaza de aparcamiento.<\/p>\n<p><!-- BREAK 7 --><\/p>\n<p>Si decides aparcar un coche y una moto, la regla de oro es que ambos deben caber estrictamente dentro de los l\u00edmites de la plaza. Ninguno de los dos veh\u00edculos puede invadir las zonas comunes de maniobra ni, por supuesto, la plaza del vecino, <strong>ni siquiera con un retrovisor<\/strong>.\u00a0<\/p>\n<div class=\"article-asset-video article-asset-normal\">\n<div class=\"asset-content\">\n<div class=\"base-asset-video\">\n<div class=\"js-dailymotion\">\n    <script type=\"application\/json\">\n                          {\"videoId\":\"xa6iy18\",\"autoplay\":true,\"title\":\"Estos ATAJOS para iPhone son una locura (Te cuento c\u00f3mo usarlos)\", \"tag\":\"atajos\", \"duration\":\"796\"}\n                  <\/script>\n   <\/div>\n<\/p><\/div>\n<\/p><\/div>\n<\/div>\n<p><strong>Si la moto o el coche sobresalen de la l\u00ednea pintada<\/strong>, estar\u00e1s ocupando un espacio que no te pertenece, lo que puede ser sancionable. Y es que si aparcas as\u00ed, puedes impedir al vecino <a class=\"text-outboundlink\" href=\"https:\/\/www.xatakahome.com\/hogar\/pensando-usar-plaza-garaje-como-trastero-comunidad-vecinos-puede-prohibirtelo-todos-estos-casos\" data-vars-post-title=\"Usar el garaje como trastero tiene un gran pero: que la comunidad te lo prohiba si guardas esto\" data-vars-post-url=\"https:\/\/www.xatakahome.com\/hogar\/pensando-usar-plaza-garaje-como-trastero-comunidad-vecinos-puede-prohibirtelo-todos-estos-casos\">usar su plaza con normalidad<\/a> y eso est\u00e1 regulado en el\u00a0<a rel=\"noopener, noreferrer\" href=\"https:\/\/www.boe.es\/buscar\/act.php?id=BOE-A-1960-10906#aseptimo\">art\u00edculo 7.2<\/a>\u00a0de la\u00a0<a rel=\"noopener, noreferrer\" href=\"https:\/\/www.boe.es\/buscar\/act.php?id=BOE-A-1960-10906\">LPH<\/a>\u00a0y el\u00a0<a rel=\"noopener, noreferrer\" href=\"https:\/\/www.conceptosjuridicos.com\/articulos\/codigo-civil-articulo-394\/\">art\u00edculo 394<\/a>\u00a0del C\u00f3digo Civil.<\/p>\n<p><!-- BREAK 8 --><\/p>\n<blockquote><p><em>\u201cA<\/em><em>l propietario y al ocupante del piso o local no les est\u00e1 permitido desarrollar en \u00e9l o en el resto del inmueble actividades prohibidas en los estatutos, que resulten da\u00f1osas para la finca o que contravengan las disposiciones generales sobre actividades molestas, insalubres, nocivas, peligrosas o il\u00edcitas\u201d.<\/em><\/p><\/blockquote>\n<p>Y, si tienes dudas de cu\u00e1nto espacio te corresponde por tu plaza de garaje porque, por ejemplo, las l\u00edneas se han borrado, recuerda lo que ya te contamos <a class=\"text-outboundlink\" href=\"https:\/\/www.xatakahome.com\/hogar\/aparcar-fuera-tu-plaza-garaje-tiene-consecuencias-asi-puedes-saber-cuanto-mide-para-no-pasarte-raya\" data-vars-post-title=\"Si tienes una cochera vieja cuidado con las rayas. Aparcar fuera puede costarte muy caro: que se lo digan a esta vecina\" data-vars-post-url=\"https:\/\/www.xatakahome.com\/hogar\/aparcar-fuera-tu-plaza-garaje-tiene-consecuencias-asi-puedes-saber-cuanto-mide-para-no-pasarte-raya\">aqu\u00ed<\/a>: <strong>puedes conocer la medida exacta de tu plaza<\/strong> solicitando en el Registro de la Propiedad una nota simple o consultando la escritura p\u00fablica de compraventa.<\/p>\n<p><!-- BREAK 9 --><\/p>\n<p><a class=\"text-outboundlink\" href=\"https:\/\/www.xatakahome.com\/hogar\/queria-aparcar-dos-coches-tiro-tabique-su-trastero-para-hacerlo-luego-vendio-compradores-han-pagado-platos-rotos\" data-vars-post-title=\"Quer\u00eda aparcar dos coches y tir\u00f3 el tabique de su trastero para hacerlo. Luego lo vendi\u00f3 y los compradores han pagado los platos rotos\" data-vars-post-url=\"https:\/\/www.xatakahome.com\/hogar\/queria-aparcar-dos-coches-tiro-tabique-su-trastero-para-hacerlo-luego-vendio-compradores-han-pagado-platos-rotos\"><\/a><\/p>\n<h2>Y aunque entren en el espacio, puede no ser legal<\/h2>\n<div class=\"article-asset-image article-asset-large article-asset-center\">\n<div class=\"asset-content\">\n<p>   <img decoding=\"async\" alt=\"Cochera\" class=\"\" src=\"https:\/\/i.blogs.es\/115424\/cochera\/450_1000.jpeg\"><\/p><\/div>\n<\/div>\n<p>Ya te adelanto que, incluso aunque no se invada el espacio del vecino, tener una moto y un coche aparcados en una misma plaza de garaje <strong>puede ser totalmente ilegal<\/strong>. Para comprobar si lo estamos haciendo bien, hay que tener muy claro qu\u00e9 dicen los estatutos y qu\u00e9 seguro tiene contratado la comunidad para el garaje.<\/p>\n<p><!-- BREAK 10 --><\/p>\n<p>En primer lugar, los <strong>estatutos de la comunidad o las normas de r\u00e9gimen interno<\/strong> pueden establecer, por ejemplo, que solo se permita un veh\u00edculo por plaza. En ese caso, habr\u00e1 que acatar esa decisi\u00f3n. Lo normal es que los estatutos obliguen a las partes que los firmaron, pero, si has comprado la plaza de garaje con posterioridad, para que te afecten, deber\u00e1n estar inscritos en el Registro de la Propiedad y tener as\u00ed efectos frente a terceros.<\/p>\n<div class=\"article-asset-image article-asset-large article-asset-center\">\n<div class=\"asset-content\">\n<p>   <img decoding=\"async\" alt=\"Garaje\" class=\"\" src=\"https:\/\/i.blogs.es\/61040a\/1366_2000\/450_1000.jpeg\"><\/p><\/div>\n<\/div>\n<p>El hecho de estar inscritos en el Registro de la Propiedad hace que cualquier interesado pueda acceder a ellos y que por lo tanto <strong>generen obligaciones frente a terceros<\/strong>. De hecho, cuando vas a adquirir un inmueble, puedes obtener toda la informaci\u00f3n sobre este, incluida cualquier carga asociada o, como en este caso, las limitaciones establecidas en los estatutos.<\/p>\n<p><!-- BREAK 11 --><\/p>\n<p>Pero, m\u00e1s all\u00e1 de lo que digan los estatutos, <strong>el seguro de la comunidad tambi\u00e9n tiene mucho que decir<\/strong>. La p\u00f3liza del seguro de incendios, por regla general, contempla el n\u00famero de veh\u00edculos autorizados para ocupar el garaje, algo que est\u00e1 muy estrechamente relacionado con la licencia municipal.<\/p>\n<div class=\"article-asset-image article-asset-large article-asset-center\">\n<div class=\"asset-content\">\n<div class=\"caption-img \">\n<p>   <img decoding=\"async\" alt=\"Cochera\" class=\"\" src=\"https:\/\/i.blogs.es\/a7b69c\/img_1328\/450_1000.jpeg\"><\/p>\n<p>        <span>Imagen | Manuel Naranjo<\/span>\n   <\/div>\n<\/p><\/div>\n<\/div>\n<p><strong>En Granada, por ejemplo<\/strong>, la normativa municipal sobre plazas de aparcamiento y garajes, regulada en el\u00a0<a rel=\"noopener, noreferrer\" href=\"https:\/\/www.granada.org\/pgo.nsf\/25eea32fa1aaa78ac125669500462aba\/d99da32ee2014686c12568cd0034a0c0?Navigate&amp;To=Prev\" target=\"_blank\">PGOU<\/a>\u00a0y la\u00a0<a rel=\"noopener, noreferrer\" href=\"https:\/\/www.granada.org\/inet\/wordenanz.nsf\/4192fe88f6801172c125889c0036d67e\/a8248d3d765b3f63c1257bab00275d91!OpenDocument\" target=\"_blank\">Ordenanza de Edificaci\u00f3n<\/a>, exige generalmente una plaza por cada 100\u00a0edificados. Adem\u00e1s, la Ordenanza Municipal de Edificaci\u00f3n (OME) en su <a rel=\"noopener, noreferrer\" href=\"https:\/\/www.granada.org\/inet\/wordenanz.nsf\/4192fe88f6801172c125889c0036d67e\/a8248d3d765b3f63c1257bab00275d91\">art\u00edculo 5<\/a> establece aspectos como las dimensiones m\u00ednimas de las plazas de aparcamiento, las anchuras de los viales de circulaci\u00f3n interna&#8230;<\/p>\n<p><!-- BREAK 12 --><\/p>\n<p>Pero para conocer cu\u00e1ntos veh\u00edculos pueden entrar hay que consultar la <strong>Licencia de Apertura o Utilizaci\u00f3n<\/strong> del edificio concedida en su d\u00eda por el \u00e1rea de Urbanismo municipal.<\/p>\n<p>Los garajes tienen una <strong>Licencia de Apertura municipal<\/strong> que establece un aforo m\u00e1ximo. Por ejemplo, un garaje autorizado para 50 veh\u00edculos. Imagina entonces que solo una quinta parte de los propietarios tiene aparcados el coche y la moto en la misma plaza de garaje: se pasar\u00eda de 50 veh\u00edculos a 60.<\/p>\n<p><!-- BREAK 13 --><\/p>\n<div class=\"article-asset article-asset-normal article-asset-center\">\n<div class=\"desvio-container\">\n<div class=\"desvio\">\n<div class=\"desvio-figure js-desvio-figure\">\n    <a href=\"https:\/\/www.xatakahome.com\/hogar\/cerraron-su-plaza-garaje-terminaron-denunciados-comunidad-asi-ha-solucionado-ley-propiedad-horizontal\" class=\"pivot-outboundlink\" data-vars-post-title=\"Cerraron su plaza de garaje sin pedir permiso y acabaron denunciados por los vecinos: as\u00ed aclara la LPH cu\u00e1ndo puede hacerse y cu\u00e1ndo no\"><br \/>\n     <img loading=\"lazy\" decoding=\"async\" alt=\"Cerraron su plaza de garaje sin pedir permiso y acabaron denunciados por los vecinos: as\u00ed aclara la LPH cu\u00e1ndo puede hacerse y cu\u00e1ndo no\" width=\"375\" height=\"142\" src=\"https:\/\/i.blogs.es\/a5e342\/captura-de-pantalla-2025-11-11-a-las-9.13.30\/375_142.jpeg\"><br \/>\n    <\/a>\n   <\/div>\n<div class=\"desvio-summary\">\n<div class=\"desvio-taxonomy js-desvio-taxonomy\">\n     <a href=\"https:\/\/www.xatakahome.com\/hogar\/cerraron-su-plaza-garaje-terminaron-denunciados-comunidad-asi-ha-solucionado-ley-propiedad-horizontal\" class=\"desvio-taxonomy-anchor pivot-outboundlink\" data-vars-post-title=\"Cerraron su plaza de garaje sin pedir permiso y acabaron denunciados por los vecinos: as\u00ed aclara la LPH cu\u00e1ndo puede hacerse y cu\u00e1ndo no\">En Xataka Smart Home<\/a>\n    <\/div>\n<p>    <a href=\"https:\/\/www.xatakahome.com\/hogar\/cerraron-su-plaza-garaje-terminaron-denunciados-comunidad-asi-ha-solucionado-ley-propiedad-horizontal\" class=\"desvio-title js-desvio-title pivot-outboundlink\" data-vars-post-title=\"Cerraron su plaza de garaje sin pedir permiso y acabaron denunciados por los vecinos: as\u00ed aclara la LPH cu\u00e1ndo puede hacerse y cu\u00e1ndo no\">Cerraron su plaza de garaje sin pedir permiso y acabaron denunciados por los vecinos: as\u00ed aclara la LPH cu\u00e1ndo puede hacerse y cu\u00e1ndo no<\/a>\n   <\/div>\n<\/p><\/div>\n<\/p><\/div>\n<\/div>\n<p>En caso de siniestro, por ejemplo un incendio, si el peritaje detecta que la carga t\u00e9rmica era superior a la permitida por la licencia debido al exceso de veh\u00edculos, <strong>el seguro podr\u00eda negarse a pagar las indemnizaciones<\/strong>, derivando la responsabilidad civil y econ\u00f3mica a los propietarios infractores o a la comunidad.<\/p>\n<p><!-- BREAK 14 --><\/p>\n<p>Por lo tanto, ante la duda, <strong>conviene tener en cuenta estas tres<\/strong> consideraciones a la hora de aparcar el coche y la moto en la misma plaza de garaje para hacerlo de forma legal:<\/p>\n<ul>\n<li>Que ambos veh\u00edculos quepan al 100% dentro del per\u00edmetro de la plaza, sin pisar la raya.<\/li>\n<li>Que los Estatutos de la comunidad no limiten expresamente el uso a un \u00fanico veh\u00edculo.<\/li>\n<li>Que no se supere el aforo estipulado en la licencia municipal ni las coberturas de la p\u00f3liza de seguros de la comunidad.<\/li>\n<\/ul>\n<p>En Xataka SmartHome | <a class=\"text-outboundlink\" href=\"https:\/\/www.xatakahome.com\/a-fondo\/hay-quien-pone-bolardos-cadenas-su-plaza-garaje-para-evitar-que-otros-aparquen-esto-que-dice-ley\" data-vars-post-title=\"Hay quien pone bolardos o cadenas en su plaza de garaje para evitar que otros aparquen. Esto es lo que dice la Ley\" data-vars-post-url=\"https:\/\/www.xatakahome.com\/a-fondo\/hay-quien-pone-bolardos-cadenas-su-plaza-garaje-para-evitar-que-otros-aparquen-esto-que-dice-ley\">Hay quien pone bolardos o cadenas en su plaza de garaje para evitar que otros aparquen. Esto es lo que dice la Ley<\/a><\/p>\n<p><script>\n (function() {\n  window._JS_MODULES = window._JS_MODULES || {};\n  var headElement = document.getElementsByTagName('head')[0];\n  if (_JS_MODULES.instagram) {\n   var instagramScript = document.createElement('script');\n   instagramScript.src = 'https:\/\/platform.instagram.com\/en_US\/embeds.js';\n   instagramScript.async = true;\n   instagramScript.defer = true;\n   headElement.appendChild(instagramScript);\n  }\n })();\n<\/script><\/p>\n<p> &#8211; <br \/> La noticia<br \/>\n      <a href=\"https:\/\/www.xatakahome.com\/a-fondo\/tengo-coche-moto-aparco-plaza-garaje-no-sabia-que-ley-prohibe-estos-casos?utm_source=feedburner&amp;utm_medium=feed&amp;utm_campaign=29_Apr_2026\"><br \/>\n       <em> Tengo coche y moto y los aparco en la misma plaza de garaje. No sab\u00eda que la ley lo prohibe en estos casos <\/em><br \/>\n      <\/a><br \/>\n      fue publicada originalmente en<br \/>\n      <a href=\"https:\/\/www.xatakahome.com\/?utm_source=feedburner&amp;utm_medium=feed&amp;utm_campaign=29_Apr_2026\"><br \/>\n       <strong> Xataka Smart Home <\/strong><br \/>\n      <\/a><br \/>\n             por<br \/>\n               <a href=\"https:\/\/www.xatakahome.com\/autor\/jose-antonio-carmona?utm_source=feedburner&amp;utm_medium=feed&amp;utm_campaign=29_Apr_2026\"><br \/>\n        Jose Antonio Carmona<br \/>\n        <\/a><br \/>\n             . <\/p>\n<\/div>\n","protected":false},"excerpt":{"rendered":"<p>Es muy habitual que, hoy d\u00eda, muchas personas tengan en propiedad dos veh\u00edculos: ya sean dos coches, dos motos o una mezcla de ambos, coche y moto. Con el precio de las plazas de garaje por las nubes, optimizar el espacio parece la mejor soluci\u00f3n, pero no siempre es posible aparcar el coche y la &hellip; <a href=\"https:\/\/domosistemas.com\/?p=32720\" class=\"more-link\">Sigue leyendo <span class=\"screen-reader-text\">Tengo coche y moto y los aparco en la misma plaza de garaje. No sab\u00eda que la ley lo prohibe en estos casos<\/span><\/a><\/p>\n","protected":false},"author":1,"featured_media":0,"comment_status":"closed","ping_status":"closed","sticky":false,"template":"","format":"standard","meta":{"footnotes":""},"categories":[8],"tags":[],"class_list":["post-32720","post","type-post","status-publish","format-standard","hentry","category-xataka"],"_links":{"self":[{"href":"https:\/\/domosistemas.com\/index.php?rest_route=\/wp\/v2\/posts\/32720","targetHints":{"allow":["GET"]}}],"collection":[{"href":"https:\/\/domosistemas.com\/index.php?rest_route=\/wp\/v2\/posts"}],"about":[{"href":"https:\/\/domosistemas.com\/index.php?rest_route=\/wp\/v2\/types\/post"}],"author":[{"embeddable":true,"href":"https:\/\/domosistemas.com\/index.php?rest_route=\/wp\/v2\/users\/1"}],"replies":[{"embeddable":true,"href":"https:\/\/domosistemas.com\/index.php?rest_route=%2Fwp%2Fv2%2Fcomments&post=32720"}],"version-history":[{"count":0,"href":"https:\/\/domosistemas.com\/index.php?rest_route=\/wp\/v2\/posts\/32720\/revisions"}],"wp:attachment":[{"href":"https:\/\/domosistemas.com\/index.php?rest_route=%2Fwp%2Fv2%2Fmedia&parent=32720"}],"wp:term":[{"taxonomy":"category","embeddable":true,"href":"https:\/\/domosistemas.com\/index.php?rest_route=%2Fwp%2Fv2%2Fcategories&post=32720"},{"taxonomy":"post_tag","embeddable":true,"href":"https:\/\/domosistemas.com\/index.php?rest_route=%2Fwp%2Fv2%2Ftags&post=32720"}],"curies":[{"name":"wp","href":"https:\/\/api.w.org\/{rel}","templated":true}]}}