{"id":32725,"date":"2026-04-29T15:30:26","date_gmt":"2026-04-29T15:30:26","guid":{"rendered":"https:\/\/domosistemas.com\/?p=32725"},"modified":"2026-04-29T15:30:26","modified_gmt":"2026-04-29T15:30:26","slug":"en-2017-un-vecino-instalo-un-punto-de-carga-en-su-garaje-comunitario-con-la-comunidad-en-contra-el-tribunal-supremo-se-ha-pronunciado","status":"publish","type":"post","link":"https:\/\/domosistemas.com\/?p=32725","title":{"rendered":"En 2017, un vecino instal\u00f3 un punto de carga en su garaje comunitario con la comunidad en contra. El Tribunal Supremo se ha pronunciado"},"content":{"rendered":"<div>\n<p>\n      <img decoding=\"async\" src=\"https:\/\/i.blogs.es\/dfabf9\/portada\/1024_2000.jpeg\" alt=\"En 2017, un vecino instal\u00f3 un punto de carga en su garaje comunitario con la comunidad en contra. El Tribunal Supremo se ha pronunciado\">\n    <\/p>\n<p>Todo empez\u00f3 en septiembre de 2017, en una comunidad de propietarios de Alicante. El due\u00f1o de un coche el\u00e9ctrico se puso en contacto con el administrador de su finca para comunicarle que <strong>iba a instalar un punto de recarga en su plaza de garaje.<\/strong><\/p>\n<p><!-- BREAK 1 --><\/p>\n<p>Lo que sigui\u00f3 fue un cruce de cartas, una junta de vecinos, tres instancias judiciales y casi ocho a\u00f1os de litigio. <strong>El Tribunal Supremo acaba de poner fin al asunto<\/strong>, y lo ha hecho confirmando lo que ya dec\u00eda la Ley de Propiedad Horizontal desde el principio.<\/p>\n<p>El conflicto de fondo no es nuevo ni aislado. <a class=\"text-outboundlink\" href=\"https:\/\/www.xatakahome.com\/hogar\/quiero-instalar-cargador-para-coche-electrico-mi-garaje-comunidad-vecinos-se-niega-esto-que-dice-ley\" data-vars-post-title=\"La comunidad dijo \u201cno\u201d a mi cargador el\u00e9ctrico en el garaje, pero la Ley dice otra cosa: este es el \u00fanico requisito\" data-vars-post-url=\"https:\/\/www.xatakahome.com\/hogar\/quiero-instalar-cargador-para-coche-electrico-mi-garaje-comunidad-vecinos-se-niega-esto-que-dice-ley\">Instalar un cargador en un garaje comunitario es uno de los temas que m\u00e1s disputas genera entre vecinos<\/a> desde que los coches el\u00e9ctricos empezaron a llegar a los garajes espa\u00f1oles, y la pregunta de fondo siempre es la misma: \u00bfhace falta permiso de la comunidad cuando el cableado tiene que pasar por zonas comunes?<\/p>\n<p><!-- BREAK 2 --><\/p>\n<h2>C\u00f3mo empez\u00f3 todo: aviso, negativa y cargador instalado de todas formas<\/h2>\n<p>Cuando el propietario comunic\u00f3 su intenci\u00f3n al administrador de la finca, la respuesta fue que no pod\u00eda hacerlo: el cableado necesario iba a ocupar zonas comunes y, por tanto, <strong>necesitaba esperar a la junta ordinaria<\/strong> para obtener el visto bueno un\u00e1nime de todos los vecinos.<\/p>\n<p><!-- BREAK 3 --><\/p>\n<p><strong>El propietario no lo vio as\u00ed<\/strong>. Aleg\u00f3 el art\u00edculo 17.5 de la Ley de Propiedad Horizontal, que establece que la instalaci\u00f3n de un punto de recarga en una plaza individual de garaje solo requiere comunicaci\u00f3n previa a la comunidad, no su autorizaci\u00f3n. Recalc\u00f3 adem\u00e1s que los costes de la instalaci\u00f3n y el consumo el\u00e9ctrico los asumir\u00eda \u00e9l \u00edntegramente, con suministro desde el contador de su propia vivienda, e instal\u00f3 el cargador en diciembre de 2017.<\/p>\n<div class=\"article-asset-image article-asset-normal article-asset-center\">\n<div class=\"asset-content\">\n<p>   <img decoding=\"async\" alt=\"cargador\" class=\"centro_sinmarco\" src=\"https:\/\/i.blogs.es\/cb7d3b\/500_333\/450_1000.jpeg\"><\/p><\/div>\n<\/div>\n<p><strong>La respuesta de la comunidad lleg\u00f3 en febrero de 2018<\/strong>: la junta ordinaria declar\u00f3 la instalaci\u00f3n ilegal y exigi\u00f3 su retirada en dos meses, amenazando con medidas legales. Fue entonces cuando el propietario dio el paso contrario: denunci\u00f3 a la comunidad para que se anulara ese acuerdo.<\/p>\n<p><!-- BREAK 4 --><\/p>\n<h2>Varias instancias judiciales y un resultado que fue cambiando<\/h2>\n<p>El juzgado de primera instancia fall\u00f3 a favor de la comunidad, desestim\u00f3 la demanda del propietario y le conden\u00f3 a pagar las costas del juicio. El propietario recurri\u00f3.\u00a0<\/p>\n<p><!-- BREAK 5 --><\/p>\n<p>El juzgado de segunda instancia le dio la raz\u00f3n, declar\u00f3 nulo el acuerdo de la junta y desestim\u00f3 el recurso que interpuso la comunidad.\u00a0<\/p>\n<p>Fue entonces cuando la comunidad de propietarios elev\u00f3 el caso al Tribunal Supremo mediante un recurso de casaci\u00f3n.<\/p>\n<p>Finalmente, el <strong>Tribunal Supremo ha desestimado el recurso de casaci\u00f3n de la comunidad y la ha condenado al pago de las costas<\/strong>. En su sentencia, el m\u00e1ximo \u00f3rgano judicial concluye que el propietario tiene derecho a instalar el punto de carga aunque para ello tenga que realizar perforaciones y pasar cables por zonas comunes.<\/p>\n<div class=\"article-asset-video article-asset-normal\">\n<div class=\"asset-content\">\n<div class=\"base-asset-video\">\n<div class=\"js-dailymotion\">\n    <script type=\"application\/json\">\n                          {\"videoId\":\"x9tnvi4\",\"autoplay\":true,\"title\":\"Por qu\u00e9 TU PR\u00d3XIMO COCHE seguramente SER\u00c1 CHINO\", \"tag\":\"Webedia-prod\", \"duration\":\"614\"}\n                  <\/script>\n   <\/div>\n<\/p><\/div>\n<\/p><\/div>\n<\/div>\n<p><strong>El argumento central es que el art\u00edculo 17.5 de la Ley de Propiedad Horizontal <\/strong>no exige autorizaci\u00f3n de la comunidad para este tipo de instalaci\u00f3n, a diferencia de otros puntos del mismo art\u00edculo que s\u00ed requieren unanimidad.<\/p>\n<p><!-- BREAK 6 --><\/p>\n<p><strong>Y va m\u00e1s all\u00e1<\/strong>: el Supremo se\u00f1ala que cualquier instalaci\u00f3n de este tipo necesita un suministro el\u00e9ctrico que forzosamente tiene que discurrir por elementos comunes, y que el legislador ya tuvo en cuenta esa circunstancia al redactar la norma. Si hubiera querido exigir la aprobaci\u00f3n de la comunidad para ese cableado, lo habr\u00eda dicho expresamente.<\/p>\n<p>La sentencia, identificada como STS 1745\/2025, establece jurisprudencia y resuelve una duda que afectaba a miles de propietarios en toda Espa\u00f1a: la comunidad no puede bloquear esta instalaci\u00f3n, aunque el cableado pase por el techo del garaje o por paredes comunes.<\/p>\n<p><!-- BREAK 7 --><\/p>\n<p><strong>La \u00fanica excepci\u00f3n contemplada es que la instalaci\u00f3n cause una afectaci\u00f3n innecesaria o desproporcionada<\/strong> a la estructura del edificio o un perjuicio acreditado a otros copropietarios.<\/p>\n<h2>Qu\u00e9 conviene hacer aunque la ley no lo exija<\/h2>\n<p>Que solo sea necesaria una comunicaci\u00f3n previa no significa que cualquier forma de hacerlo sea igual de recomendable.<\/p>\n<p>El Colegio de Administradores de Madrid recomienda cumplir con una serie de requisitos para evitar problemas posteriores:\u00a0<\/p>\n<ul>\n<li>Que la <strong>comunicaci\u00f3n sea previa y por escrito<\/strong>.<\/li>\n<li><strong>La l\u00ednea desde el contador al punto de recarga<\/strong> se instale bajo tubo homologado y por el recorrido acordado con la comunidad.<\/li>\n<li>Que en el punto de recarga se <strong>coloque en el muro del fondo de la plaza<\/strong> sin ocupar el vuelo de las plazas colindantes.<\/li>\n<li>Y que el propietario <strong>entregue a la comunidad el bolet\u00edn de instalaci\u00f3n<\/strong> una vez terminada la obra.<\/li>\n<\/ul>\n<div class=\"article-asset article-asset-normal article-asset-center\">\n<div class=\"desvio-container\">\n<div class=\"desvio\">\n<div class=\"desvio-figure js-desvio-figure\">\n    <a href=\"https:\/\/www.xatakahome.com\/territorio-samsung\/hyundai-kia-se-conectan-a-smartthings-puedas-contolar-casa-coche-electrodomesticos-incluidos\" class=\"pivot-outboundlink\" data-vars-post-title=\"Samsung quiere que puedas hacer m\u00e1s cosas desde el coche: lo pr\u00f3ximo, controlar los electrodom\u00e9sticos de tu hogar\"><br \/>\n     <img loading=\"lazy\" decoding=\"async\" alt=\"Samsung quiere que puedas hacer m\u00e1s cosas desde el coche: lo pr\u00f3ximo, controlar los electrodom\u00e9sticos de tu hogar\" width=\"375\" height=\"142\" src=\"https:\/\/i.blogs.es\/882e64\/1\/375_142.jpeg\"><br \/>\n    <\/a>\n   <\/div>\n<div class=\"desvio-summary\">\n<div class=\"desvio-taxonomy js-desvio-taxonomy\">\n     <a href=\"https:\/\/www.xatakahome.com\/territorio-samsung\/hyundai-kia-se-conectan-a-smartthings-puedas-contolar-casa-coche-electrodomesticos-incluidos\" class=\"desvio-taxonomy-anchor pivot-outboundlink\" data-vars-post-title=\"Samsung quiere que puedas hacer m\u00e1s cosas desde el coche: lo pr\u00f3ximo, controlar los electrodom\u00e9sticos de tu hogar\">En Xataka Smart Home<\/a>\n    <\/div>\n<p>    <a href=\"https:\/\/www.xatakahome.com\/territorio-samsung\/hyundai-kia-se-conectan-a-smartthings-puedas-contolar-casa-coche-electrodomesticos-incluidos\" class=\"desvio-title js-desvio-title pivot-outboundlink\" data-vars-post-title=\"Samsung quiere que puedas hacer m\u00e1s cosas desde el coche: lo pr\u00f3ximo, controlar los electrodom\u00e9sticos de tu hogar\">Samsung quiere que puedas hacer m\u00e1s cosas desde el coche: lo pr\u00f3ximo, controlar los electrodom\u00e9sticos de tu hogar<\/a>\n   <\/div>\n<\/p><\/div>\n<\/p><\/div>\n<\/div>\n<p><a class=\"text-outboundlink\" href=\"https:\/\/www.xatakahome.com\/a-fondo\/quiero-poner-punto-carga-electrico-para-mi-coche-garaje-esto-todo-que-debo-saber\" data-vars-post-title=\"Quiero un cargador el\u00e9ctrico para el coche en mi garaje: lo que nadie te cuenta antes de instalarlo\" data-vars-post-url=\"https:\/\/www.xatakahome.com\/a-fondo\/quiero-poner-punto-carga-electrico-para-mi-coche-garaje-esto-todo-que-debo-saber\">Antes de ponerse manos a la obra, conviene conocer bien qu\u00e9 implica t\u00e9cnica y econ\u00f3micamente la instalaci\u00f3n<\/a>, ya que la potencia contratada, el tipo de cargador y el recorrido del cableado son decisiones que afectan tanto al resultado final como a la factura.<\/p>\n<p><!-- BREAK 8 --><\/p>\n<p>Por \u00faltimo, hay una excepci\u00f3n geogr\u00e1fica que merece menci\u00f3n: <strong>en Catalu\u00f1a existe una regulaci\u00f3n espec\u00edfica<\/strong> que obliga a presentar un informe t\u00e9cnico junto a la comunicaci\u00f3n, y que da a los vecinos un plazo de 30 d\u00edas para proponer modificaciones y dos meses para votar a favor de una soluci\u00f3n alternativa.<\/p>\n<p><!-- BREAK 9 --><\/p>\n<p>Fuera de ese caso, la sentencia del Supremo deja las cosas claras en el resto del territorio: comunicar s\u00ed, pedir permiso no.<\/p>\n<p>Im\u00e1genes |\u00a0Xataka con edici\u00f3n<\/p>\n<p>En Xataka SmartHome |\u00a0<a class=\"text-outboundlink\" href=\"https:\/\/www.xatakahome.com\/territorio-samsung\/lavadoras-samsung-tienen-modo-para-esa-ropa-que-no-sabes-lavar-volver-a-usar-descubrirlo-marca-antes-despues\" data-vars-post-title=\"Las lavadoras Samsung tienen una funci\u00f3n ideal para la ropa a medio usar que es un aut\u00e9ntico alivio diario\" data-vars-post-url=\"https:\/\/www.xatakahome.com\/territorio-samsung\/lavadoras-samsung-tienen-modo-para-esa-ropa-que-no-sabes-lavar-volver-a-usar-descubrirlo-marca-antes-despues\">Las lavadoras Samsung tienen una funci\u00f3n ideal para la ropa a medio usar que es un aut\u00e9ntico alivio diario<\/a><\/p>\n<p>En Xataka SmartHome |\u00a0<a class=\"text-outboundlink\" href=\"https:\/\/www.xatakahome.com\/a-fondo\/descongelar-comida-fuera-frigorifico-mala-idea-ciencia\" data-vars-post-title=\"Descongelar la comida fuera del frigor\u00edfico es mala idea, seg\u00fan la ciencia\" data-vars-post-url=\"https:\/\/www.xatakahome.com\/a-fondo\/descongelar-comida-fuera-frigorifico-mala-idea-ciencia\">Descongelar la comida fuera del frigor\u00edfico es mala idea, seg\u00fan la ciencia<\/a><\/p>\n<p><\/p>\n<p><script>\n (function() {\n  window._JS_MODULES = window._JS_MODULES || {};\n  var headElement = document.getElementsByTagName('head')[0];\n  if (_JS_MODULES.instagram) {\n   var instagramScript = document.createElement('script');\n   instagramScript.src = 'https:\/\/platform.instagram.com\/en_US\/embeds.js';\n   instagramScript.async = true;\n   instagramScript.defer = true;\n   headElement.appendChild(instagramScript);\n  }\n })();\n<\/script><\/p>\n<p> &#8211; <br \/> La noticia<br \/>\n      <a href=\"https:\/\/www.xatakahome.com\/hogar\/2017-vecino-instalo-punto-carga-su-garaje-comunitario-comunidad-tribunal-supremo-se-ha-pronunciado?utm_source=feedburner&amp;utm_medium=feed&amp;utm_campaign=29_Apr_2026\"><br \/>\n       <em> En 2017, un vecino instal\u00f3 un punto de carga en su garaje comunitario con la comunidad en contra. El Tribunal Supremo se ha pronunciado <\/em><br \/>\n      <\/a><br \/>\n      fue publicada originalmente en<br \/>\n      <a href=\"https:\/\/www.xatakahome.com\/?utm_source=feedburner&amp;utm_medium=feed&amp;utm_campaign=29_Apr_2026\"><br \/>\n       <strong> Xataka Smart Home <\/strong><br \/>\n      <\/a><br \/>\n             por<br \/>\n               <a href=\"https:\/\/www.xatakahome.com\/autor\/manuel-naranjo?utm_source=feedburner&amp;utm_medium=feed&amp;utm_campaign=29_Apr_2026\"><br \/>\n        Manuel Naranjo<br \/>\n        <\/a><br \/>\n             . <\/p>\n<\/div>\n","protected":false},"excerpt":{"rendered":"<p>Todo empez\u00f3 en septiembre de 2017, en una comunidad de propietarios de Alicante. El due\u00f1o de un coche el\u00e9ctrico se puso en contacto con el administrador de su finca para comunicarle que iba a instalar un punto de recarga en su plaza de garaje. Lo que sigui\u00f3 fue un cruce de cartas, una junta de &hellip; <a href=\"https:\/\/domosistemas.com\/?p=32725\" class=\"more-link\">Sigue leyendo <span class=\"screen-reader-text\">En 2017, un vecino instal\u00f3 un punto de carga en su garaje comunitario con la comunidad en contra. El Tribunal Supremo se ha pronunciado<\/span><\/a><\/p>\n","protected":false},"author":1,"featured_media":0,"comment_status":"closed","ping_status":"closed","sticky":false,"template":"","format":"standard","meta":{"footnotes":""},"categories":[8],"tags":[],"class_list":["post-32725","post","type-post","status-publish","format-standard","hentry","category-xataka"],"_links":{"self":[{"href":"https:\/\/domosistemas.com\/index.php?rest_route=\/wp\/v2\/posts\/32725","targetHints":{"allow":["GET"]}}],"collection":[{"href":"https:\/\/domosistemas.com\/index.php?rest_route=\/wp\/v2\/posts"}],"about":[{"href":"https:\/\/domosistemas.com\/index.php?rest_route=\/wp\/v2\/types\/post"}],"author":[{"embeddable":true,"href":"https:\/\/domosistemas.com\/index.php?rest_route=\/wp\/v2\/users\/1"}],"replies":[{"embeddable":true,"href":"https:\/\/domosistemas.com\/index.php?rest_route=%2Fwp%2Fv2%2Fcomments&post=32725"}],"version-history":[{"count":0,"href":"https:\/\/domosistemas.com\/index.php?rest_route=\/wp\/v2\/posts\/32725\/revisions"}],"wp:attachment":[{"href":"https:\/\/domosistemas.com\/index.php?rest_route=%2Fwp%2Fv2%2Fmedia&parent=32725"}],"wp:term":[{"taxonomy":"category","embeddable":true,"href":"https:\/\/domosistemas.com\/index.php?rest_route=%2Fwp%2Fv2%2Fcategories&post=32725"},{"taxonomy":"post_tag","embeddable":true,"href":"https:\/\/domosistemas.com\/index.php?rest_route=%2Fwp%2Fv2%2Ftags&post=32725"}],"curies":[{"name":"wp","href":"https:\/\/api.w.org\/{rel}","templated":true}]}}