{"id":32744,"date":"2026-05-01T07:00:26","date_gmt":"2026-05-01T07:00:26","guid":{"rendered":"https:\/\/domosistemas.com\/?p=32744"},"modified":"2026-05-01T07:00:26","modified_gmt":"2026-05-01T07:00:26","slug":"carrefour-esta-liquidando-el-set-de-mesa-sillas-y-sillon-perfecto-para-balcon-terraza-o-jardin-ahora-cuesta-99-euros","status":"publish","type":"post","link":"https:\/\/domosistemas.com\/?p=32744","title":{"rendered":"Carrefour est\u00e1 liquidando el set de mesa, sillas y sill\u00f3n perfecto para balc\u00f3n, terraza o jard\u00edn: ahora cuesta 99 euros"},"content":{"rendered":"<div>\n<p>\n      <img decoding=\"async\" src=\"https:\/\/i.blogs.es\/c87d50\/carrefour-7-\/1024_2000.jpeg\" alt=\"Carrefour est\u00e1 liquidando el set de mesa, sillas y sill\u00f3n perfecto para balc\u00f3n, terraza o jard\u00edn: ahora cuesta 99 euros \">\n    <\/p>\n<p>Con la llegada del buen tiempo, nos entra la urgencia de poner a punto la zona exterior de casa. Encontrar un equilibrio entre est\u00e9tica, resistencia a la intemperie y presupuesto no siempre es f\u00e1cil. Pero Carrefour quiere pon\u00e9rnoslo f\u00e1cil y ahora tiene disponible por solo <a rel=\"nofollow, sponsored, noopener, noreferrer\" target=\"_blank\" class=\"js-ecommerce\" id=\"link-ecommerce-1\" href=\"https:\/\/www.webedia-afilia.com\/redirect?url=https%3A%2F%2Fwww.carrefour.es%2Fconjunto-de-jardin-mesa-2-sillas-banco-antalya%2FVC4A-12833403%2Fp&amp;category=seleccion&amp;site=xatakahome&amp;ecomPostExpiration=perish&amp;postId=122872\" data-vars-affiliate-url=\"https:\/\/www.carrefour.es\/conjunto-de-jardin-mesa-2-sillas-banco-antalya\/VC4A-12833403\/p\">99 euros<\/a> este <strong>set de mesa, sillas y banco Antalya<\/strong>, ideal para crear tu propia zona chill out en la terraza, balc\u00f3n o jard\u00edn.<\/p>\n<p><!-- BREAK 1 --><br \/>\n<include src=\"\/modules\/pivot-ecommerce\/28979?ecommerce_expiration=perish&amp;category=seleccion&amp;postId=122872&amp;post_type=normal\"><\/include><\/p>\n<h2>Un set de exterior con mantenimiento cero<\/h2>\n<div class=\"article-asset-image article-asset-normal article-asset-center\">\n<div class=\"asset-content\">\n                    <a rel=\"nofollow, sponsored, noopener, noreferrer\" target=\"_blank\" class=\"js-ecommerce\" id=\"link-ecommerce-2\" href=\"https:\/\/www.webedia-afilia.com\/redirect?url=https%3A%2F%2Fwww.carrefour.es%2Fconjunto-de-jardin-mesa-2-sillas-banco-antalya%2FVC4A-12833403%2Fp&amp;category=seleccion&amp;site=xatakahome&amp;ecomPostExpiration=perish&amp;postId=122872\" data-vars-affiliate-url=\"https:\/\/www.carrefour.es\/conjunto-de-jardin-mesa-2-sillas-banco-antalya\/VC4A-12833403\/p\"><\/p>\n<p>    <img decoding=\"async\" alt=\"Conjunto De Jardin Mesa 2 Sillas Banco Carrefour\" class=\"centro_sinmarco\" src=\"https:\/\/i.blogs.es\/ee14d2\/conjunto-de-jardin-mesa-2-sillas-banco-carrefour\/450_1000.jpeg\"><br \/>\n     <\/a><\/p><\/div>\n<\/div>\n<p>A diferencia del rat\u00e1n natural, que sufre enormemente bajo el sol directo y la humedad, este conjunto de Carrefour est\u00e1 fabricado en <strong>resina de alta calidad<\/strong> con un acabado que imita el trenzado natural.<\/p>\n<p><!-- BREAK 2 --><\/p>\n<p>Esto, a la hora de ponerlo en la zona exterior de tu hogar, supone una ventaja t\u00e9cnica, ya que <strong>el mantenimiento es cero<\/strong>. Puedes olvidarte de complejos mantenimientos con barnices o aceites; tan solo necesitar\u00e1s un poco de agua y jab\u00f3n neutro para mantener los elementos de este conjunto limpios.<\/p>\n<div class=\"article-asset-video article-asset-normal\">\n<div class=\"asset-content\">\n<div class=\"base-asset-video\">\n<div class=\"js-dailymotion\">\n    <script type=\"application\/json\">\n                          {\"videoId\":\"x8006fc\",\"autoplay\":true,\"title\":\"C\u00f3mo dormir cuando hace mucho calor y no tienes aire acondicionado\", \"tag\":\"\", \"duration\":\"217\"}\n                  <\/script>\n   <\/div>\n<\/p><\/div>\n<\/p><\/div>\n<\/div>\n<p>Adem\u00e1s, es un set que presenta <strong>buena resistencia UV<\/strong>, ya que est\u00e1 dise\u00f1ado para no perder el color ni cuartearse tras semanas de uso. Asimismo, aunque visualmente parece robusto, es lo suficientemente ligero para poder moverlo a tu antojo y reconfigurar la terraza seg\u00fan lo necesites.<\/p>\n<p><!-- BREAK 3 --><\/p>\n<p>Como hemos dicho antes, es un set muy completo, ya que incluye un banco de dos plazas (que se convertir\u00e1 en la pieza central para relajarte); dos sillones individuales (ergon\u00f3micos y con reposabrazos) y una <strong>mesa de centro<\/strong> (con la altura perfecta para colocar bebidas y <em>snacks<\/em>).<\/p>\n<div class=\"article-asset-table article-asset-normal\">\n<div class=\"asset-content\">\n<table class=\"tabla-datos\">\n<thead>\n<tr>\n<th class=\"align-left highlight-row\">\n<p>\u26a1 EN RESUMEN: oferta para el set de mesa, sillas y sill\u00f3n en carrefour hoy<\/p>\n<\/th>\n<\/tr>\n<\/thead>\n<tbody>\n<tr>\n<td class=\"align-left\">\n<p><strong>\u2705<\/strong><strong>\u00a0LO MEJOR<\/strong><\/p>\n<ul>\n<li><strong>Resistencia total a la intemperie:<\/strong> al estar fabricado en resina con acabado imitaci\u00f3n rat\u00e1n. No se oxida como el metal ni se pudre como la madera. Puedes dejarlo bajo la lluvia o el sol intenso y el material permanecer\u00e1 inalterable con un mantenimiento m\u00ednimo (un manguerazo o un trapo con agua y jab\u00f3n).<\/li>\n<li><strong>Ligereza y versatilidad:<\/strong> a diferencia del rat\u00e1n natural o la forja, estas piezas son muy ligeras. Esto es ideal para moverlas seg\u00fan la posici\u00f3n del sol o para limpiar el suelo de la terraza sin esfuerzo.<\/li>\n<\/ul>\n<\/td>\n<\/tr>\n<tr>\n<td class=\"align-left\">\n<p><strong>\u274c LO PEOR<\/strong><\/p>\n<ul>\n<li><strong>Desaf\u00edo del montaje&#8230; <\/strong>No viene montado. Es un sistema de piezas que encajan a presi\u00f3n o con tornillos de pl\u00e1stico. Aunque no es dif\u00edcil, requiere paciencia (en torno a una hora) y las piezas de resina a veces pueden ser rebeldes si no est\u00e1n perfectamente alineadas.<\/li>\n<li><strong>Sensaci\u00f3n de pl\u00e1stico&#8230; <\/strong>Aunque visualmente imita muy bien el rat\u00e1n, el tacto no deja de ser resina. Para los puristas de los materiales naturales, puede resultar un poco fr\u00edo o artificial.<\/li>\n<\/ul>\n<\/td>\n<\/tr>\n<tr>\n<td class=\"align-left\">\n<p><strong>\ud83d\udca1 C\u00d3MPRALO SI&#8230;<\/strong> Tienes una terraza mediana, este set tiene el tama\u00f1o perfecto para no saturar el espacio pero permitir que cuatro personas tomen algo c\u00f3modamente.<\/p>\n<\/td>\n<\/tr>\n<tr>\n<td class=\"align-left\">\n<p><strong>\u26d4 NO LO COMPRES SI&#8230;<\/strong> Vives en una zona de calor extremo constante. Aunque tiene protecci\u00f3n UV, la resina oscura bajo el sol directo de agosto a las cuatro de la tarde puede alcanzar temperaturas muy altas; siempre es mejor usarlo bajo un toldo o sombrilla.<\/p>\n<\/td>\n<\/tr>\n<\/tbody>\n<\/table><\/div>\n<\/div>\n<div class=\"article-asset article-asset-normal article-asset-center\">\n<div class=\"desvio-container\">\n<div class=\"desvio\">\n<div class=\"desvio-figure js-desvio-figure\">\n    <a href=\"https:\/\/www.applesfera.com\/seleccion\/macbook-neo-baja-precio-no-su-configuracion-minima-nueva-oferta-portatil-apple-512-gb-almacenamiento\" class=\"pivot-outboundlink\" target=\"_blank\" data-vars-post-title=\"El MacBook Neo baja de precio, y no en su configuraci\u00f3n m\u00ednima: nueva oferta en el port\u00e1til de Apple con 512 GB de almacenamiento \"><br \/>\n     <img loading=\"lazy\" decoding=\"async\" alt=\"El MacBook Neo baja de precio, y no en su configuraci\u00f3n m\u00ednima: nueva oferta en el port\u00e1til de Apple con 512 GB de almacenamiento \" width=\"375\" height=\"142\" src=\"https:\/\/i.blogs.es\/bd0e07\/macbook-neo\/375_142.jpeg\"><br \/>\n    <\/a>\n   <\/div>\n<div class=\"desvio-summary\">\n<div class=\"desvio-taxonomy js-desvio-taxonomy\">\n     <a href=\"https:\/\/www.applesfera.com\/seleccion\/macbook-neo-baja-precio-no-su-configuracion-minima-nueva-oferta-portatil-apple-512-gb-almacenamiento\" class=\"desvio-taxonomy-anchor pivot-outboundlink m-crosspost\" target=\"_blank\" data-vars-post-title=\"El MacBook Neo baja de precio, y no en su configuraci\u00f3n m\u00ednima: nueva oferta en el port\u00e1til de Apple con 512 GB de almacenamiento \">En Applesfera<\/a>\n    <\/div>\n<p>    <a href=\"https:\/\/www.applesfera.com\/seleccion\/macbook-neo-baja-precio-no-su-configuracion-minima-nueva-oferta-portatil-apple-512-gb-almacenamiento\" class=\"desvio-title js-desvio-title pivot-outboundlink\" target=\"_blank\" data-vars-post-title=\"El MacBook Neo baja de precio, y no en su configuraci\u00f3n m\u00ednima: nueva oferta en el port\u00e1til de Apple con 512 GB de almacenamiento \">El MacBook Neo baja de precio, y no en su configuraci\u00f3n m\u00ednima: nueva oferta en el port\u00e1til de Apple con 512 GB de almacenamiento <\/a>\n   <\/div>\n<\/p><\/div>\n<\/p><\/div>\n<\/div>\n<h2>Tambi\u00e9n te pueden interesar<\/h2>\n<p><include src=\"\/modules\/pivot-ecommerce\/28980?ecommerce_expiration=perish&amp;category=seleccion&amp;postId=122872&amp;post_type=normal\"><\/include><include src=\"\/modules\/pivot-ecommerce\/28981?ecommerce_expiration=perish&amp;category=seleccion&amp;postId=122872&amp;post_type=normal\"><\/include><\/p>\n<p><em>Nota: algunos de los enlaces aqu\u00ed publicados son de afiliados y pueden reportar un beneficio.<\/em><\/p>\n<p>Im\u00e1genes | Webedia y Carrefour<\/p>\n<p>En Xataka Smart Home | <a class=\"text-outboundlink\" href=\"https:\/\/www.xatakahome.com\/guia-de-compra\/estas-soluciones-baratas-ikea-para-iluminar-cables-cajones-armarios-1\" data-vars-post-title=\"Estas son las soluciones baratas de IKEA para iluminar sin cables los cajones y armarios\" data-vars-post-url=\"https:\/\/www.xatakahome.com\/guia-de-compra\/estas-soluciones-baratas-ikea-para-iluminar-cables-cajones-armarios-1\">Estas son las soluciones baratas de IKEA para iluminar sin cables los cajones y armarios<\/a><\/p>\n<p>En Xataka Smart Home | <a class=\"text-outboundlink\" href=\"https:\/\/www.xatakahome.com\/seleccion\/ikea-tiene-mejores-muebles-para-terraza-jardin-incluso-para-pisos-pequenos\" data-vars-post-title=\"Ikea tiene los muebles ideales para disfrutar de tu terraza o balc\u00f3n esta primavera, incluso si vives en un piso peque\u00f1o\" data-vars-post-url=\"https:\/\/www.xatakahome.com\/seleccion\/ikea-tiene-mejores-muebles-para-terraza-jardin-incluso-para-pisos-pequenos\">Ikea tiene los muebles ideales para disfrutar de tu terraza o balc\u00f3n esta primavera, incluso si vives en un piso peque\u00f1o<\/a><\/p>\n<p><script>\n (function() {\n  window._JS_MODULES = window._JS_MODULES || {};\n  var headElement = document.getElementsByTagName('head')[0];\n  if (_JS_MODULES.instagram) {\n   var instagramScript = document.createElement('script');\n   instagramScript.src = 'https:\/\/platform.instagram.com\/en_US\/embeds.js';\n   instagramScript.async = true;\n   instagramScript.defer = true;\n   headElement.appendChild(instagramScript);\n  }\n })();\n<\/script><\/p>\n<p> &#8211; <br \/> La noticia<br \/>\n      <a href=\"https:\/\/www.xatakahome.com\/seleccion\/carrefour-esta-liquidando-set-mesa-sillas-sillon-perfecto-para-balcon-terraza-jardin-ahora-cuesta-99-euros?utm_source=feedburner&amp;utm_medium=feed&amp;utm_campaign=01_May_2026\"><br \/>\n       <em> Carrefour est\u00e1 liquidando el set de mesa, sillas y sill\u00f3n perfecto para balc\u00f3n, terraza o jard\u00edn: ahora cuesta 99 euros  <\/em><br \/>\n      <\/a><br \/>\n      fue publicada originalmente en<br \/>\n      <a href=\"https:\/\/www.xatakahome.com\/?utm_source=feedburner&amp;utm_medium=feed&amp;utm_campaign=01_May_2026\"><br \/>\n       <strong> Xataka Smart Home <\/strong><br \/>\n      <\/a><br \/>\n             por<br \/>\n               <a href=\"https:\/\/www.xatakahome.com\/autor\/fran-leon?utm_source=feedburner&amp;utm_medium=feed&amp;utm_campaign=01_May_2026\"><br \/>\n        Fran Le\u00f3n<br \/>\n        <\/a><br \/>\n             . <\/p>\n<\/div>\n","protected":false},"excerpt":{"rendered":"<p>Con la llegada del buen tiempo, nos entra la urgencia de poner a punto la zona exterior de casa. Encontrar un equilibrio entre est\u00e9tica, resistencia a la intemperie y presupuesto no siempre es f\u00e1cil. Pero Carrefour quiere pon\u00e9rnoslo f\u00e1cil y ahora tiene disponible por solo 99 euros este set de mesa, sillas y banco Antalya, &hellip; <a href=\"https:\/\/domosistemas.com\/?p=32744\" class=\"more-link\">Sigue leyendo <span class=\"screen-reader-text\">Carrefour est\u00e1 liquidando el set de mesa, sillas y sill\u00f3n perfecto para balc\u00f3n, terraza o jard\u00edn: ahora cuesta 99 euros<\/span><\/a><\/p>\n","protected":false},"author":1,"featured_media":0,"comment_status":"closed","ping_status":"closed","sticky":false,"template":"","format":"standard","meta":{"footnotes":""},"categories":[8],"tags":[],"class_list":["post-32744","post","type-post","status-publish","format-standard","hentry","category-xataka"],"_links":{"self":[{"href":"https:\/\/domosistemas.com\/index.php?rest_route=\/wp\/v2\/posts\/32744","targetHints":{"allow":["GET"]}}],"collection":[{"href":"https:\/\/domosistemas.com\/index.php?rest_route=\/wp\/v2\/posts"}],"about":[{"href":"https:\/\/domosistemas.com\/index.php?rest_route=\/wp\/v2\/types\/post"}],"author":[{"embeddable":true,"href":"https:\/\/domosistemas.com\/index.php?rest_route=\/wp\/v2\/users\/1"}],"replies":[{"embeddable":true,"href":"https:\/\/domosistemas.com\/index.php?rest_route=%2Fwp%2Fv2%2Fcomments&post=32744"}],"version-history":[{"count":0,"href":"https:\/\/domosistemas.com\/index.php?rest_route=\/wp\/v2\/posts\/32744\/revisions"}],"wp:attachment":[{"href":"https:\/\/domosistemas.com\/index.php?rest_route=%2Fwp%2Fv2%2Fmedia&parent=32744"}],"wp:term":[{"taxonomy":"category","embeddable":true,"href":"https:\/\/domosistemas.com\/index.php?rest_route=%2Fwp%2Fv2%2Fcategories&post=32744"},{"taxonomy":"post_tag","embeddable":true,"href":"https:\/\/domosistemas.com\/index.php?rest_route=%2Fwp%2Fv2%2Ftags&post=32744"}],"curies":[{"name":"wp","href":"https:\/\/api.w.org\/{rel}","templated":true}]}}