{"id":32748,"date":"2026-05-01T11:00:24","date_gmt":"2026-05-01T11:00:24","guid":{"rendered":"https:\/\/domosistemas.com\/?p=32748"},"modified":"2026-05-01T11:00:24","modified_gmt":"2026-05-01T11:00:24","slug":"si-creias-que-podias-fumar-en-tu-balcon-estas-equivocado-comunidades-de-vecinos-en-vigo-ya-lo-estan-prohibiendo","status":"publish","type":"post","link":"https:\/\/domosistemas.com\/?p=32748","title":{"rendered":"Si cre\u00edas que pod\u00edas fumar en tu balc\u00f3n, est\u00e1s equivocado: comunidades de vecinos en Vigo ya lo est\u00e1n prohibiendo"},"content":{"rendered":"<div>\n<p>\n      <img decoding=\"async\" src=\"https:\/\/i.blogs.es\/153081\/portada\/1024_2000.jpeg\" alt=\"Si cre\u00edas que pod\u00edas fumar en tu balc\u00f3n, est\u00e1s equivocado: comunidades de vecinos en Vigo ya lo est\u00e1n prohibiendo\">\n    <\/p>\n<p>Hay mucha gente que piensa que su balc\u00f3n o terraza es suyo y que puede hacer lo que quiera. Pero, para sorpresa general, <a class=\"text-outboundlink\" href=\"https:\/\/www.xatakahome.com\/a-fondo\/tengo-terraza-no-puedo-poner-tornillo-me-puede-costar-muy-caro-esto-que-dice-ley\" data-vars-post-title=\"Terrazas y azoteas privativas. La ley deja claro lo que est\u00e1 prohibido hacer\" data-vars-post-url=\"https:\/\/www.xatakahome.com\/a-fondo\/tengo-terraza-no-puedo-poner-tornillo-me-puede-costar-muy-caro-esto-que-dice-ley\">esto no siempre es as\u00ed<\/a> y <strong>la ley se encarga de aclararlo<\/strong>. Por eso, las comunidades de vecinos pueden llegar a <a class=\"text-outboundlink\" href=\"https:\/\/www.xatakahome.com\/hogar\/vecino-tira-colillas-al-patio-tiene-problema-asi-puedes-usar-ley-propiedad-horizontal-para-impedirlo\" data-vars-post-title=\"La Ley de Propiedad Horizontal puede parar a tu vecino fumador: as\u00ed regula el problema de las colillas en el patio\" data-vars-post-url=\"https:\/\/www.xatakahome.com\/hogar\/vecino-tira-colillas-al-patio-tiene-problema-asi-puedes-usar-ley-propiedad-horizontal-para-impedirlo\">prohibir fumar<\/a> en la terraza, el balc\u00f3n o el patio. Eso es lo que est\u00e1 pasando en Vigo.<\/p>\n<p><!-- BREAK 1 --><\/p>\n<p>Ya hemos visto los problemas vecinales, que a veces provocan los\u00a0<a class=\"text-outboundlink\" href=\"https:\/\/www.xatakahome.com\/hogar\/vecino-tira-colillas-al-patio-tiene-problema-asi-puedes-usar-ley-propiedad-horizontal-para-impedirlo\" data-vars-post-title=\"La Ley de Propiedad Horizontal puede parar a tu vecino fumador: as\u00ed regula el problema de las colillas en el patio\" data-vars-post-url=\"https:\/\/www.xatakahome.com\/hogar\/vecino-tira-colillas-al-patio-tiene-problema-asi-puedes-usar-ley-propiedad-horizontal-para-impedirlo\">vecinos fumadores<\/a>\u00a0cuando utilizan los patios interiores de un bloque de pisos. Pero m\u00e1s all\u00e1 hay otra fuente habitual de conflicto: los balcones y terrazas. Y en Vigo muchas comunidades <strong>lo est\u00e1n atajando por la v\u00eda r\u00e1pida al prohibirlo<\/strong>.<\/p>\n<p><!-- BREAK 2 --><\/p>\n<h2>Cortando por lo sano<\/h2>\n<div class=\"article-asset-image article-asset-large article-asset-center\">\n<div class=\"asset-content\">\n<div class=\"caption-img \">\n                    <a rel=\"noopener, noreferrer\" href=\"https:\/\/www.desafiovertical.es\/como-arreglar-y-pintar-un-patio-de-luces_fb41636.html\"><\/p>\n<p>    <img decoding=\"async\" alt=\"Patio\" class=\"\" src=\"https:\/\/i.blogs.es\/ec8445\/captura-de-pantalla-2025-11-26-a-las-10.54.45\/450_1000.jpeg\"><br \/>\n     <\/a><\/p>\n<p>        <span>Imagen | Desafio Vertical<\/span>\n   <\/div>\n<\/p><\/div>\n<\/div>\n<p>Prohibir a los vecinos fumar en patios interiores, balcones o terrazas es algo que <a rel=\"noopener, noreferrer\" href=\"https:\/\/www.farodevigo.es\/gran-vigo\/2026\/04\/30\/comunidades-vecinos-vigo-prohiben-fumar-terrazas-balcones-ventanas-129656342.html\">ya est\u00e1 ocurriendo en algunas zonas de Vigo<\/a>, donde, mediante acuerdos en junta de propietarios, <strong>se est\u00e1 impidiendo fumar en espacios<\/strong> que, en principio, podr\u00edan parecer privativos.<\/p>\n<p><!-- BREAK 3 --><\/p>\n<p>Las juntas de propietarios est\u00e1n aprobando u<strong>na normativa que proh\u00edbe encender un cigarrillo<\/strong> en espacios privativos como balcones, ventanas o patios interiores y lo hacen para mejorar la convivencia. Los residentes no fumadores se han plantado ante las constantes molestias provocadas por el humo \u2014ya sea de tabaco tradicional o de vapeadores\u2014 que se cuela por sus ventanas. A esto se suma el eterno problema de la limpieza: <a class=\"text-outboundlink\" href=\"https:\/\/www.xatakahome.com\/hogar\/vecino-tira-colillas-al-patio-tiene-problema-asi-puedes-usar-ley-propiedad-horizontal-para-impedirlo\" data-vars-post-title=\"La Ley de Propiedad Horizontal puede parar a tu vecino fumador: as\u00ed regula el problema de las colillas en el patio\" data-vars-post-url=\"https:\/\/www.xatakahome.com\/hogar\/vecino-tira-colillas-al-patio-tiene-problema-asi-puedes-usar-ley-propiedad-horizontal-para-impedirlo\">colillas y cenizas que acaban ensuciando<\/a> los patios comunes o aterrizando en las terrazas de los pisos inferiores.<\/p>\n<p><!-- BREAK 4 --><\/p>\n<div class=\"article-asset-summary article-asset-normal article-asset-center\">\n<div class=\"asset-content\">\n<div class=\"sumario\">La comunidad de propietarios tambi\u00e9n puede prohibirlo si lo aprueba en Junta mediante una modificaci\u00f3n estatutaria o a trav\u00e9s de normas de r\u00e9gimen interno<\/div>\n<\/p><\/div>\n<\/div>\n<p>El malestar ha llevado a que presidentes y administradores de fincas incluyan este punto en el orden del d\u00eda y quede reflejado en las actas de reuni\u00f3n. El objetivo es claro: frenar cualquier conducta que altere la tranquilidad del bloque o suponga <strong>un riesgo para la salubridad y la higiene<\/strong>.<\/p>\n<p><!-- BREAK 5 --><\/p>\n<div class=\"article-asset-video article-asset-normal\">\n<div class=\"asset-content\">\n<div class=\"base-asset-video\">\n<div class=\"js-dailymotion\">\n    <script type=\"application\/json\">\n                          {\"videoId\":\"x8px49v\",\"autoplay\":true,\"title\":\"Los ANTIBI\u00d3TICOS est\u00e1n DEJANDO de SER EFECTIVOS y el PROBLEMA son las SUPERBACTERIAS\", \"tag\":\"Webedia-prod\", \"duration\":\"327\"}\n                  <\/script>\n   <\/div>\n<\/p><\/div>\n<\/p><\/div>\n<\/div>\n<p>En este sentido se han basado en la Ley de Propiedad Horizontal que <a class=\"text-outboundlink\" href=\"https:\/\/www.xatakahome.com\/hogar\/vecino-tira-colillas-al-patio-tiene-problema-asi-puedes-usar-ley-propiedad-horizontal-para-impedirlo\" data-vars-post-title=\"La Ley de Propiedad Horizontal puede parar a tu vecino fumador: as\u00ed regula el problema de las colillas en el patio\" data-vars-post-url=\"https:\/\/www.xatakahome.com\/hogar\/vecino-tira-colillas-al-patio-tiene-problema-asi-puedes-usar-ley-propiedad-horizontal-para-impedirlo\">deja bastante claro<\/a>\u00a0qu\u00e9 se puede hacer y qu\u00e9 no. Y aunque parezca una inocentada ya te adelanto que, aunque suene a inocentada, un <a class=\"text-outboundlink\" href=\"https:\/\/www.xatakahome.com\/hogar\/quiero-poner-macetas-mi-balcon-vecinos-se-niegan-voy-a-ganarles-partida-lph-estatutos\" data-vars-post-title=\"Quiero poner macetas en mi balc\u00f3n y los vecinos se niegan. Voy a ganarles la partida con la LPH y los estatutos \" data-vars-post-url=\"https:\/\/www.xatakahome.com\/hogar\/quiero-poner-macetas-mi-balcon-vecinos-se-niegan-voy-a-ganarles-partida-lph-estatutos\">balc\u00f3n<\/a> <strong>puede llegar a convertirse en una<\/strong>\u00a0<strong>zona libre de humo.<\/strong><\/p>\n<p><!-- BREAK 6 --><\/p>\n<p>La\u00a0<a rel=\"noopener, noreferrer\" href=\"https:\/\/www.boe.es\/buscar\/act.php?id=BOE-A-1960-10906\">Ley de Propiedad Horizontal<\/a>\u00a0(LPH) tiene una especial consideraci\u00f3n con las terrazas y balcones; <strong>e<\/strong><strong>lementos que cuentan con doble naturaleza<\/strong>: son parte de la estructura del edificio (elemento com\u00fan) y uso privativo para el propietario.\u00a0<\/p>\n<p><!-- BREAK 7 --><\/p>\n<p>Los balcones y terrazas pueden tener limitaciones porque afectan a la est\u00e9tica, la estructura y la convivencia del edificio. Cualquier obra importante, como cerrarlos, suele requerir permiso de la comunidad, y si se hace sin autorizaci\u00f3n, esta puede exigir su retirada. Adem\u00e1s, aunque la ley no proh\u00edbe fumar en balcones, la comunidad <strong>puede actuar si el humo causa molestias persistentes o insalubres a otros vecinos<\/strong>. La clave est\u00e1 en el\u00a0<a rel=\"noopener, noreferrer\" href=\"https:\/\/www.boe.es\/buscar\/act.php?id=BOE-A-1960-10906#aseptimo\">art\u00edculo 7.2<\/a>\u00a0de la LPH.\u00a0<\/p>\n<p><!-- BREAK 8 --><\/p>\n<blockquote><p>\u201cAl propietario y al ocupante del piso o local no les est\u00e1 permitido desarrollar en \u00e9l o en el resto del inmueble actividades prohibidas en los estatutos, que resulten da\u00f1osas para la finca o que contravengan las disposiciones generales sobre actividades molestas, insalubres, nocivas, peligrosas o il\u00edcitas\u201d.<\/p><\/blockquote>\n<p>Adem\u00e1s no hay que olvidarse del <a rel=\"noopener, noreferrer\" href=\"https:\/\/www.boe.es\/buscar\/act.php?id=BOE-A-1960-10906#anoveno\">art\u00edculo 9.1<\/a>, de la LPH que obliga a todos los propietarios a <strong>cuidar las zonas comunes y a<\/strong> <strong>no causar da\u00f1os<\/strong> (ensuciarlas es casi lo mismo). Y tirar colillas desde una ventana o un balc\u00f3n incumple de lleno esa norma b\u00e1sica de convivencia.\u00a0<\/p>\n<blockquote><p>\u201cRespetar las instalaciones generales de la comunidad y dem\u00e1s elementos comunes, ya sean de uso general o privativo de cualquiera de los propietarios, est\u00e9n o no incluidos en su piso o local, haciendo un uso adecuado de los mismos y evitando en todo momento que se causen da\u00f1os o desperfectos\u201d.<\/p><\/blockquote>\n<p><a class=\"text-outboundlink\" href=\"https:\/\/www.xatakahome.com\/hogar\/quiero-instalar-cargador-para-coche-electrico-mi-garaje-comunidad-vecinos-se-niega-esto-que-dice-ley\" data-vars-post-title=\"La comunidad dijo \u201cno\u201d a mi cargador el\u00e9ctrico en el garaje, pero la Ley dice otra cosa: este es el \u00fanico requisito\" data-vars-post-url=\"https:\/\/www.xatakahome.com\/hogar\/quiero-instalar-cargador-para-coche-electrico-mi-garaje-comunidad-vecinos-se-niega-esto-que-dice-ley\"><\/a><\/p>\n<div class=\"article-asset-image article-asset-large article-asset-center\">\n<div class=\"asset-content\">\n<div class=\"caption-img \">\n                    <a rel=\"noopener, noreferrer\" href=\"https:\/\/www.pexels.com\/es-es\/foto\/foto-de-primer-plano-de-cigarrillo-247040\/\"><\/p>\n<p>    <img decoding=\"async\" alt=\"Pexels Mkbasil 247040\" class=\"\" src=\"https:\/\/i.blogs.es\/7ec8e6\/pexels-mkbasil-247040\/450_1000.jpeg\"><br \/>\n     <\/a><\/p>\n<p>        <span>Foto de Basil MK<\/span>\n   <\/div>\n<\/p><\/div>\n<\/div>\n<p>Lo habitual, como ya hemos comentado otras veces, es\u00a0<strong>intentar resolver el problema de manera cordial<\/strong>, buscando un acuerdo con el vecino fumador. Pero si no funciona, la comunidad puede intervenir.\u00a0<\/p>\n<p><!-- BREAK 9 --><\/p>\n<p>Y eso ha pasado por ejemplo en un bloque de reciente construcci\u00f3n en el cual y con un solo voto en contra, la comunidad acord\u00f3 exigir a todos los residentes que tomen las medidas necesarias para <strong>evitar que sus humos, olores o residuos invadan las viviendas vecinas<\/strong> o las zonas compartidas<\/p>\n<p>Otra v\u00eda, aunque menos frecuente, es que los\u00a0<strong>estatutos de la comunidad<\/strong>\u00a0proh\u00edban expresamente fumar en balcones o terrazas. En ese caso, s\u00ed podr\u00eda vetarse la actividad de forma directa, pero no es lo m\u00e1s com\u00fan.<\/p>\n<p><!-- BREAK 10 --><\/p>\n<div class=\"article-asset article-asset-normal article-asset-center\">\n<div class=\"desvio-container\">\n<div class=\"desvio\">\n<div class=\"desvio-figure js-desvio-figure\">\n    <a href=\"https:\/\/www.xatakahome.com\/a-fondo\/tengo-terraza-no-puedo-poner-tornillo-me-puede-costar-muy-caro-esto-que-dice-ley\" class=\"pivot-outboundlink\" data-vars-post-title=\"Terrazas y azoteas privativas. La ley deja claro lo que est\u00e1 prohibido hacer\"><br \/>\n     <img loading=\"lazy\" decoding=\"async\" alt=\"Terrazas y azoteas privativas. La ley deja claro lo que est\u00e1 prohibido hacer\" width=\"375\" height=\"142\" src=\"https:\/\/i.blogs.es\/76e472\/roof-terraces-2664941_1920\/375_142.jpeg\"><br \/>\n    <\/a>\n   <\/div>\n<div class=\"desvio-summary\">\n<div class=\"desvio-taxonomy js-desvio-taxonomy\">\n     <a href=\"https:\/\/www.xatakahome.com\/a-fondo\/tengo-terraza-no-puedo-poner-tornillo-me-puede-costar-muy-caro-esto-que-dice-ley\" class=\"desvio-taxonomy-anchor pivot-outboundlink\" data-vars-post-title=\"Terrazas y azoteas privativas. La ley deja claro lo que est\u00e1 prohibido hacer\">En Xataka Smart Home<\/a>\n    <\/div>\n<p>    <a href=\"https:\/\/www.xatakahome.com\/a-fondo\/tengo-terraza-no-puedo-poner-tornillo-me-puede-costar-muy-caro-esto-que-dice-ley\" class=\"desvio-title js-desvio-title pivot-outboundlink\" data-vars-post-title=\"Terrazas y azoteas privativas. La ley deja claro lo que est\u00e1 prohibido hacer\">Terrazas y azoteas privativas. La ley deja claro lo que est\u00e1 prohibido hacer<\/a>\n   <\/div>\n<\/p><\/div>\n<\/p><\/div>\n<\/div>\n<p>Una comunidad de propietarios puede\u00a0<strong>prohibir fumar en zonas comunes<\/strong>, tanto cerradas como abiertas, mediante un acuerdo en Junta que modifique los estatutos o mediante normas de r\u00e9gimen interior.\u00a0<\/p>\n<p><!-- BREAK 11 --><\/p>\n<p>C\u00f3mo ya explicamos en su momento, esta es una opci\u00f3n pero otra m\u00e1s compleja de llevar a cabo es establecer la prohibici\u00f3n por medio de los estatutos o normas de r\u00e9gimen interno y que estos incluyan una prohibici\u00f3n expresa de fumar en balcones o terrazas.\u00a0<\/p>\n<p>Adem\u00e1s, no est\u00e1 de sobra leerse la\u00a0<a rel=\"noopener, noreferrer\" href=\"https:\/\/www.boe.es\/buscar\/act.php?id=BOE-A-2010-20138\">Ley 42\/2010<\/a>\u00a0(Ley Antitabaco) y lo que dice al respecto, pues aunque no proh\u00edbe fumar en\u00a0<strong>espacios residenciales privados al aire libre<\/strong>, establece l\u00edmites muy claros.\u00a0<\/p>\n<p><!-- BREAK 12 --><\/p>\n<blockquote><p>\u00abe) Espacios de uso p\u00fablico: lugares accesibles al p\u00fablico en general o lugares de uso colectivo, con independencia de su titularidad p\u00fablica o privada. En cualquier caso, se consideran espacios de uso p\u00fablico los veh\u00edculos de transporte p\u00fablico o colectivo.<\/p><\/blockquote>\n<div class=\"article-asset-image article-asset-large article-asset-center\">\n<div class=\"asset-content\">\n<div class=\"caption-img \">\n                    <a rel=\"noopener, noreferrer\" href=\"https:\/\/www.pexels.com\/es-es\/foto\/hombre-sentado-cigarrillo-balcon-7928103\/\"><\/p>\n<p>    <img decoding=\"async\" alt=\"Pexels Kampus 7928103\" class=\"\" src=\"https:\/\/i.blogs.es\/e21344\/pexels-kampus-7928103\/450_1000.jpeg\"><br \/>\n     <\/a><\/p>\n<p>        <span>Foto de Kampus Production<\/span>\n   <\/div>\n<\/p><\/div>\n<\/div>\n<p><strong>Si est\u00e1s de alquiler, el contrato tiene la \u00faltima palabra<\/strong> Un escenario muy distinto es el de las <a class=\"text-outboundlink\" href=\"https:\/\/www.xatakahome.com\/hogar\/tengo-uno-pisos-alquiler-asi-me-afectan-cambios-que-llegan-nueva-ley-gobierno\" data-vars-post-title=\"La nueva ley del Gobierno cambia el alquiler totalmente: as\u00ed te afecta si eres due\u00f1o de uno de estos pisos\" data-vars-post-url=\"https:\/\/www.xatakahome.com\/hogar\/tengo-uno-pisos-alquiler-asi-me-afectan-cambios-que-llegan-nueva-ley-gobierno\">viviendas arrendadas<\/a>. Aqu\u00ed manda la <a class=\"text-outboundlink\" href=\"https:\/\/www.xatakahome.com\/hogar\/tribunal-supremo-confirma-desahucio-casa-no-pagar-tasa-basuras-da-igual-que-contrato-no-especifique-su-importe\" data-vars-post-title=\"El casero los echa de casa por no pagar la tasa de basuras: el Tribunal Supremo confirma que es legal hacerlo\" data-vars-post-url=\"https:\/\/www.xatakahome.com\/hogar\/tribunal-supremo-confirma-desahucio-casa-no-pagar-tasa-basuras-da-igual-que-contrato-no-especifique-su-importe\">libertad de pactos entre las partes<\/a>. Cada vez es m\u00e1s frecuente que los caseros incluyan una cl\u00e1usula espec\u00edfica de \u00abespacio libre de humos\u00bb en el contrato, de la misma forma que <a class=\"text-outboundlink\" href=\"https:\/\/www.xatakahome.com\/hogar\/tengo-perro-quiero-vivir-alquiler-legalmente-solo-persona-puede-impedirlo\" data-vars-post-title=\"Tengo una mascota y quiero alquilar piso: solo hay una persona que puede impedirlo por ley... y no son los vecinos\" data-vars-post-url=\"https:\/\/www.xatakahome.com\/hogar\/tengo-perro-quiero-vivir-alquiler-legalmente-solo-persona-puede-impedirlo\">proh\u00edben la entrada de mascotas<\/a>.<\/p>\n<p><!-- BREAK 13 --><\/p>\n<div class=\"article-asset article-asset-normal article-asset-center\">\n<div class=\"desvio-container\">\n<div class=\"desvio\">\n<div class=\"desvio-figure js-desvio-figure\">\n    <a href=\"https:\/\/www.xatakahome.com\/hogar\/vivia-alquiler-propietario-le-dijo-que-tenia-que-pagar-ibi-tasa-basuras-esto-que-dictamino-justicia\" class=\"pivot-outboundlink\" data-vars-post-title=\"Si pensabas que por vivir de alquiler te librabas de pagar el IBI y la tasa de basuras, esto es lo que dice la Ley\"><br \/>\n     <img loading=\"lazy\" decoding=\"async\" alt=\"Si pensabas que por vivir de alquiler te librabas de pagar el IBI y la tasa de basuras, esto es lo que dice la Ley\" width=\"375\" height=\"142\" src=\"https:\/\/i.blogs.es\/982108\/pexels-lifeofnacchi-4124936\/375_142.jpeg\"><br \/>\n    <\/a>\n   <\/div>\n<div class=\"desvio-summary\">\n<div class=\"desvio-taxonomy js-desvio-taxonomy\">\n     <a href=\"https:\/\/www.xatakahome.com\/hogar\/vivia-alquiler-propietario-le-dijo-que-tenia-que-pagar-ibi-tasa-basuras-esto-que-dictamino-justicia\" class=\"desvio-taxonomy-anchor pivot-outboundlink\" data-vars-post-title=\"Si pensabas que por vivir de alquiler te librabas de pagar el IBI y la tasa de basuras, esto es lo que dice la Ley\">En Xataka Smart Home<\/a>\n    <\/div>\n<p>    <a href=\"https:\/\/www.xatakahome.com\/hogar\/vivia-alquiler-propietario-le-dijo-que-tenia-que-pagar-ibi-tasa-basuras-esto-que-dictamino-justicia\" class=\"desvio-title js-desvio-title pivot-outboundlink\" data-vars-post-title=\"Si pensabas que por vivir de alquiler te librabas de pagar el IBI y la tasa de basuras, esto es lo que dice la Ley\">Si pensabas que por vivir de alquiler te librabas de pagar el IBI y la tasa de basuras, esto es lo que dice la Ley<\/a>\n   <\/div>\n<\/p><\/div>\n<\/p><\/div>\n<\/div>\n<p>El objetivo de los due\u00f1os es <strong>evitar quemaduras en los muebles, olores impregnados o problemas<\/strong> con otros compa\u00f1eros de piso. Si firmas ese documento y el propietario descubre que fumas, estar\u00e1s incumpliendo el contrato y puede echarte a la calle. Eso s\u00ed, si en el papel que firmaste no aparece ninguna cl\u00e1usula al respecto, tienes total libertad para fumar dentro de tu hogar.<\/p>\n<p><!-- BREAK 14 --><\/p>\n<p><strong>Una tendencia al alza. <\/strong>Adem\u00e1s, el auge de los pisos tur\u00edsticos ha acelerado esta tendencia; las comunidades exigen a los caseros que controlen a sus hu\u00e9spedes eventuales para evitar que conviertan los balcones en zonas de fumadores.<\/p>\n<p><!-- BREAK 15 --><\/p>\n<p>Saltarse una prohibici\u00f3n aprobada por la comunidad puede tener consecuencias. <strong>Lo normal es empezar con un aviso formal<\/strong>, pero si hay reincidencia, la comunidad puede llevar el caso a los tribunales por incumplir un acuerdo de la junta o los estatutos.<\/p>\n<p><!-- BREAK 16 --><\/p>\n<p>Adem\u00e1s, esta tendencia <strong>se est\u00e1 extendiendo a zonas comunes al aire libre<\/strong>, como jardines y piscinas, e incluso ya se incluye en los estatutos de muchas promociones de obra nueva.<\/p>\n<p><!-- BREAK 17 --><\/p>\n<p>En Xataka SmartHome |\u00a0<a class=\"text-outboundlink\" href=\"https:\/\/www.xatakahome.com\/hogar\/tienes-contrato-renta-antigua-ojo-al-plazo-seis-meses-te-pueden-echar-casa\" data-vars-post-title=\"Vivo de alquiler con un contrato desde hace a\u00f1o: me he asustado al conocer el l\u00edmite de los seis meses\" data-vars-post-url=\"https:\/\/www.xatakahome.com\/hogar\/tienes-contrato-renta-antigua-ojo-al-plazo-seis-meses-te-pueden-echar-casa\" target=\"_blank\">Vivo de alquiler con un contrato desde hace a\u00f1o: me he asustado al conocer el l\u00edmite de los seis meses<\/a><\/p>\n<p><script>\n (function() {\n  window._JS_MODULES = window._JS_MODULES || {};\n  var headElement = document.getElementsByTagName('head')[0];\n  if (_JS_MODULES.instagram) {\n   var instagramScript = document.createElement('script');\n   instagramScript.src = 'https:\/\/platform.instagram.com\/en_US\/embeds.js';\n   instagramScript.async = true;\n   instagramScript.defer = true;\n   headElement.appendChild(instagramScript);\n  }\n })();\n<\/script><\/p>\n<p> &#8211; <br \/> La noticia<br \/>\n      <a href=\"https:\/\/www.xatakahome.com\/hogar\/creias-que-podias-fumar-tu-balcon-estas-equivocado-comunidades-vecinos-vigo-estan-prohibiendo?utm_source=feedburner&amp;utm_medium=feed&amp;utm_campaign=01_May_2026\"><br \/>\n       <em> Si cre\u00edas que pod\u00edas fumar en tu balc\u00f3n, est\u00e1s equivocado: comunidades de vecinos en Vigo ya lo est\u00e1n prohibiendo <\/em><br \/>\n      <\/a><br \/>\n      fue publicada originalmente en<br \/>\n      <a href=\"https:\/\/www.xatakahome.com\/?utm_source=feedburner&amp;utm_medium=feed&amp;utm_campaign=01_May_2026\"><br \/>\n       <strong> Xataka Smart Home <\/strong><br \/>\n      <\/a><br \/>\n             por<br \/>\n               <a href=\"https:\/\/www.xatakahome.com\/autor\/jose-antonio-carmona?utm_source=feedburner&amp;utm_medium=feed&amp;utm_campaign=01_May_2026\"><br \/>\n        Jose Antonio Carmona<br \/>\n        <\/a><br \/>\n             . <\/p>\n<\/div>\n","protected":false},"excerpt":{"rendered":"<p>Hay mucha gente que piensa que su balc\u00f3n o terraza es suyo y que puede hacer lo que quiera. Pero, para sorpresa general, esto no siempre es as\u00ed y la ley se encarga de aclararlo. Por eso, las comunidades de vecinos pueden llegar a prohibir fumar en la terraza, el balc\u00f3n o el patio. Eso &hellip; <a href=\"https:\/\/domosistemas.com\/?p=32748\" class=\"more-link\">Sigue leyendo <span class=\"screen-reader-text\">Si cre\u00edas que pod\u00edas fumar en tu balc\u00f3n, est\u00e1s equivocado: comunidades de vecinos en Vigo ya lo est\u00e1n prohibiendo<\/span><\/a><\/p>\n","protected":false},"author":1,"featured_media":0,"comment_status":"closed","ping_status":"closed","sticky":false,"template":"","format":"standard","meta":{"footnotes":""},"categories":[8],"tags":[],"class_list":["post-32748","post","type-post","status-publish","format-standard","hentry","category-xataka"],"_links":{"self":[{"href":"https:\/\/domosistemas.com\/index.php?rest_route=\/wp\/v2\/posts\/32748","targetHints":{"allow":["GET"]}}],"collection":[{"href":"https:\/\/domosistemas.com\/index.php?rest_route=\/wp\/v2\/posts"}],"about":[{"href":"https:\/\/domosistemas.com\/index.php?rest_route=\/wp\/v2\/types\/post"}],"author":[{"embeddable":true,"href":"https:\/\/domosistemas.com\/index.php?rest_route=\/wp\/v2\/users\/1"}],"replies":[{"embeddable":true,"href":"https:\/\/domosistemas.com\/index.php?rest_route=%2Fwp%2Fv2%2Fcomments&post=32748"}],"version-history":[{"count":0,"href":"https:\/\/domosistemas.com\/index.php?rest_route=\/wp\/v2\/posts\/32748\/revisions"}],"wp:attachment":[{"href":"https:\/\/domosistemas.com\/index.php?rest_route=%2Fwp%2Fv2%2Fmedia&parent=32748"}],"wp:term":[{"taxonomy":"category","embeddable":true,"href":"https:\/\/domosistemas.com\/index.php?rest_route=%2Fwp%2Fv2%2Fcategories&post=32748"},{"taxonomy":"post_tag","embeddable":true,"href":"https:\/\/domosistemas.com\/index.php?rest_route=%2Fwp%2Fv2%2Ftags&post=32748"}],"curies":[{"name":"wp","href":"https:\/\/api.w.org\/{rel}","templated":true}]}}