{"id":32764,"date":"2026-05-03T07:00:26","date_gmt":"2026-05-03T07:00:26","guid":{"rendered":"https:\/\/domosistemas.com\/?p=32764"},"modified":"2026-05-03T07:00:26","modified_gmt":"2026-05-03T07:00:26","slug":"llega-a-aldi-el-proximo-6-de-mayo-la-solucion-para-acabar-con-el-desorden-en-casa-por-menos-de-12-euros","status":"publish","type":"post","link":"https:\/\/domosistemas.com\/?p=32764","title":{"rendered":"Llega a Aldi (el pr\u00f3ximo 6 de mayo), la soluci\u00f3n para acabar con el desorden en casa por menos de 12 euros"},"content":{"rendered":"<div>\n<p>\n      <img decoding=\"async\" src=\"https:\/\/i.blogs.es\/3868bc\/aldi-5-\/1024_2000.jpeg\" alt=\"Llega a Aldi (el pr\u00f3ximo 6 de mayo), la soluci\u00f3n para acabar con el desorden en casa por menos de 12 euros \">\n    <\/p>\n<p>Mantener el orden en casa en el d\u00eda a d\u00eda es una constante batalla (sobre todo es algo que entender\u00e1n quienes tienen hijos). Aldi lo sabe y ha lanzado una l\u00ednea de <strong>cajas de organizaci\u00f3n apilables<\/strong> de su marca Home Creation, que se podr\u00e1n comprar en sus tiendas, desde el pr\u00f3ximo 6 de mayo, por solo <a rel=\"noopener, noreferrer\" href=\"https:\/\/www.aldi.es\/ofertas\/desde-6-mayo\/cajas-de-organizacion-apilables-124-0-0.article.html\">11,99 euros el pack<\/a> (las podr\u00e1s encontrar en diferentes tama\u00f1os e incluso con o sin ruedas).<\/p>\n<p><!-- BREAK 1 --><\/p>\n<p>Estas de Aldi no son las t\u00edpicas cajas de almacenaje. Su dise\u00f1o est\u00e1 pensado para <strong>maximizar el espacio vertical<\/strong> sin perder de vista lo que hay dentro. Y es que en el mundo de la organizaci\u00f3n, la visibilidad es clave.<\/p>\n<div class=\"article-asset-video article-asset-normal\">\n<div class=\"asset-content\">\n<div class=\"base-asset-video\">\n<div class=\"js-dailymotion\">\n    <script type=\"application\/json\">\n                          {\"videoId\":\"x8oorw2\",\"autoplay\":true,\"title\":\"TOP 20 IDEAS LOW COST DIY para ORGANIZAR y OCULTAR cables\", \"tag\":\"Webedia-prod\", \"duration\":\"719\"}\n                  <\/script>\n   <\/div>\n<\/p><\/div>\n<\/p><\/div>\n<\/div>\n<p>Por eso, estas cajas est\u00e1n fabricadas en un <strong>material transparente de alta resistencia<\/strong> que te va a permitir localizar cualquier objeto (o cosa que guardes dentro de ellas, realmente) de un simple vistazo.<\/p>\n<p><!-- BREAK 2 --><\/p>\n<p>Su <strong>dise\u00f1o modular<\/strong> es una de sus se\u00f1as de identidad, ya que est\u00e1n dise\u00f1adas para encajar una sobre otras con total estabilidad. Podr\u00e1s as\u00ed crear columnas de almacenaje personalizadas seg\u00fan el hueco de tu armario o estanter\u00eda.<\/p>\n<div class=\"article-asset-table article-asset-normal\">\n<div class=\"asset-content\">\n<table class=\"tabla-datos\">\n<thead>\n<tr>\n<th class=\"align-left highlight-row\">\n<p>\u26a1 EN RESUMEN: Cajas de organizaci\u00f3n apilables home creation de aldi<\/p>\n<\/th>\n<\/tr>\n<\/thead>\n<tbody>\n<tr>\n<td class=\"align-left\">\n<p><strong>\u2705<\/strong><strong>\u00a0LO MEJOR<\/strong><\/p>\n<ul>\n<li><strong>Visibilidad total: <\/strong>el dise\u00f1o transparente es el mejor aliado del orden. Sabes exactamente qu\u00e9 tienes en la caja sin tener que abrirla.<\/li>\n<li><strong>Precio imbatible:<\/strong> por el precio de una sola caja en tiendas especializadas de ordenaci\u00f3n, en Aldi te llevas un pack completo.<\/li>\n<\/ul>\n<\/td>\n<\/tr>\n<tr>\n<td class=\"align-left\">\n<p><strong>\u274c LO PEOR<\/strong><\/p>\n<ul>\n<li><strong>Fragilidad ante ca\u00eddas&#8230;<\/strong> Al ser un pl\u00e1stico r\u00edgido, una ca\u00edda fuerte con peso dentro puede hacer que se agrieten o se rompan las esquinas.<\/li>\n<li><strong>Limpieza&#8230; <\/strong>Al ser transparentes, las marcas de dedos o el polvo se notan mucho m\u00e1s que en cajas opacas.<\/li>\n<\/ul>\n<\/td>\n<\/tr>\n<tr>\n<td class=\"align-left\">\n<p><strong>\ud83d\udca1 C\u00d3MPRALO SI&#8230;<\/strong> Eres un amante del orden, ya que podr\u00e1s guardar y clasificar todo lo que te propongas con ellas y sin gastar de m\u00e1s.<\/p>\n<\/td>\n<\/tr>\n<tr>\n<td class=\"align-left\">\n<p><strong>\u26d4 NO LO COMPRES SI&#8230;<\/strong> Si lo que buscas es esconder el desorden y lo que guardas dentro es visualmente feo o desordenado, la transparencia solo acentuar\u00e1 la sensaci\u00f3n de caos. En ese caso, lo mejor es optar por cajas opacas.<\/p>\n<\/td>\n<\/tr>\n<\/tbody>\n<\/table><\/div>\n<\/div>\n<div class=\"article-asset article-asset-normal article-asset-center\">\n<div class=\"desvio-container\">\n<div class=\"desvio\">\n<div class=\"desvio-figure js-desvio-figure\">\n    <a href=\"https:\/\/www.applesfera.com\/seleccion\/macbook-neo-baja-precio-no-su-configuracion-minima-nueva-oferta-portatil-apple-512-gb-almacenamiento\" class=\"pivot-outboundlink\" target=\"_blank\" data-vars-post-title=\"El MacBook Neo baja de precio, y no en su configuraci\u00f3n m\u00ednima: nueva oferta en el port\u00e1til de Apple con 512 GB de almacenamiento \"><br \/>\n     <img loading=\"lazy\" decoding=\"async\" alt=\"El MacBook Neo baja de precio, y no en su configuraci\u00f3n m\u00ednima: nueva oferta en el port\u00e1til de Apple con 512 GB de almacenamiento \" width=\"375\" height=\"142\" src=\"https:\/\/i.blogs.es\/bd0e07\/macbook-neo\/375_142.jpeg\"><br \/>\n    <\/a>\n   <\/div>\n<div class=\"desvio-summary\">\n<div class=\"desvio-taxonomy js-desvio-taxonomy\">\n     <a href=\"https:\/\/www.applesfera.com\/seleccion\/macbook-neo-baja-precio-no-su-configuracion-minima-nueva-oferta-portatil-apple-512-gb-almacenamiento\" class=\"desvio-taxonomy-anchor pivot-outboundlink m-crosspost\" target=\"_blank\" data-vars-post-title=\"El MacBook Neo baja de precio, y no en su configuraci\u00f3n m\u00ednima: nueva oferta en el port\u00e1til de Apple con 512 GB de almacenamiento \">En Applesfera<\/a>\n    <\/div>\n<p>    <a href=\"https:\/\/www.applesfera.com\/seleccion\/macbook-neo-baja-precio-no-su-configuracion-minima-nueva-oferta-portatil-apple-512-gb-almacenamiento\" class=\"desvio-title js-desvio-title pivot-outboundlink\" target=\"_blank\" data-vars-post-title=\"El MacBook Neo baja de precio, y no en su configuraci\u00f3n m\u00ednima: nueva oferta en el port\u00e1til de Apple con 512 GB de almacenamiento \">El MacBook Neo baja de precio, y no en su configuraci\u00f3n m\u00ednima: nueva oferta en el port\u00e1til de Apple con 512 GB de almacenamiento <\/a>\n   <\/div>\n<\/p><\/div>\n<\/p><\/div>\n<\/div>\n<h2>La alternativa de Amazon por si no llegas a conseguir estas cajas de Aldi<\/h2>\n<div class=\"article-asset-image article-asset-normal article-asset-center\">\n<div class=\"asset-content\">\n                    <a rel=\"nofollow, sponsored, noopener, noreferrer\" target=\"_blank\" class=\"js-ecommerce\" id=\"link-ecommerce-1\" href=\"https:\/\/www.webedia-afilia.com\/redirect?url=https%3A%2F%2Fwww.amazon.es%2FGrizzly-Caja-Almacenaje-Tapa-Transparente%2Fdp%2FB07W6HZJ53%2F&amp;category=seleccion&amp;site=xatakahome&amp;ecomPostExpiration=perish&amp;postId=122894\" data-vars-affiliate-url=\"https:\/\/www.amazon.es\/Grizzly-Caja-Almacenaje-Tapa-Transparente\/dp\/B07W6HZJ53\/\"><\/p>\n<p>    <img decoding=\"async\" alt=\"Set Cajas Almacenaje Amazon\" class=\"centro_sinmarco\" src=\"https:\/\/i.blogs.es\/e6285e\/set-cajas-almacenaje-amazon\/450_1000.jpeg\"><br \/>\n     <\/a><\/p><\/div>\n<\/div>\n<p>Si necesitas unas cajas algo m\u00e1s peque\u00f1as para mantener espacios como la cocina o el escritorio en orden, en Amazon hemos encontrado este <strong>set de 12 cajas de almacenaje<\/strong> de la marca Grizzly, de 1,7 litros y que cuesta <a rel=\"nofollow, sponsored, noopener, noreferrer\" target=\"_blank\" class=\"js-ecommerce\" id=\"link-ecommerce-2\" href=\"https:\/\/www.webedia-afilia.com\/redirect?url=https%3A%2F%2Fwww.amazon.es%2FGrizzly-Caja-Almacenaje-Tapa-Transparente%2Fdp%2FB07W6HZJ53%2F&amp;category=seleccion&amp;site=xatakahome&amp;ecomPostExpiration=perish&amp;postId=122894\" data-vars-affiliate-url=\"https:\/\/www.amazon.es\/Grizzly-Caja-Almacenaje-Tapa-Transparente\/dp\/B07W6HZJ53\/\">26,95 euros<\/a>. Se trata de una buena opci\u00f3n por si cuando vayas a Aldi ya no hay cajas o, simplemente, buscas una soluci\u00f3n diferente para objetos peque\u00f1os.<\/p>\n<p><!-- BREAK 3 --><\/p>\n<p>Vienen con tapa y son muy vers\u00e1tiles para ahorrar espacio, al poderse apilar unas sobre otras. Est\u00e1n <strong>libres de BPA<\/strong> y fabricadas en un material pl\u00e1stico de gran calidad que hace que sean fuertes, robustas, duraderas y f\u00e1ciles de limpiar.<\/p>\n<p><!-- BREAK 4 --><br \/>\n<include src=\"\/modules\/pivot-ecommerce\/28985?ecommerce_expiration=perish&amp;category=seleccion&amp;postId=122894&amp;post_type=normal\"><\/include><\/p>\n<h2>Tambi\u00e9n te pueden interesar estas soluciones de almacenaje para casa<\/h2>\n<p><include src=\"\/modules\/pivot-ecommerce\/28986?ecommerce_expiration=perish&amp;category=seleccion&amp;postId=122894&amp;post_type=normal\"><\/include><include src=\"\/modules\/pivot-ecommerce\/28987?ecommerce_expiration=perish&amp;category=seleccion&amp;postId=122894&amp;post_type=normal\"><\/include><\/p>\n<p><em>Algunos de los enlaces de este art\u00edculo son afiliados y pueden reportar un beneficio econ\u00f3mico<\/em>.<\/p>\n<p>Im\u00e1genes | Aldi y Grizzly<\/p>\n<p>En Xataka | <a class=\"text-outboundlink\" href=\"https:\/\/www.xataka.com\/seleccion\/cinco-freidoras-aire-tamano-familiar-para-comer-forma-saludable\" data-vars-post-title=\"Cinco freidoras de aire de tama\u00f1o familiar para comer de forma m\u00e1s saludable \" data-vars-post-url=\"https:\/\/www.xataka.com\/seleccion\/cinco-freidoras-aire-tamano-familiar-para-comer-forma-saludable\">Cinco freidoras de aire de tama\u00f1o familiar para comer de forma m\u00e1s saludable<\/a><\/p>\n<p>En Xataka | <a class=\"text-outboundlink\" href=\"https:\/\/www.xatakahome.com\/seleccion\/verano-sinonimo-babacoas-estos-algunos-mejores-modelos-que-puedes-comprar\" data-vars-post-title=\"Disfruta m\u00e1s de tu terraza o jard\u00edn con tus amigos o familia con alguna de estas barbacoas\" data-vars-post-url=\"https:\/\/www.xatakahome.com\/seleccion\/verano-sinonimo-babacoas-estos-algunos-mejores-modelos-que-puedes-comprar\">Disfruta m\u00e1s de tu terraza o jard\u00edn con tus amigos o familia con alguna de estas barbacoas<\/a><\/p>\n<p><script>\n (function() {\n  window._JS_MODULES = window._JS_MODULES || {};\n  var headElement = document.getElementsByTagName('head')[0];\n  if (_JS_MODULES.instagram) {\n   var instagramScript = document.createElement('script');\n   instagramScript.src = 'https:\/\/platform.instagram.com\/en_US\/embeds.js';\n   instagramScript.async = true;\n   instagramScript.defer = true;\n   headElement.appendChild(instagramScript);\n  }\n })();\n<\/script><\/p>\n<p> &#8211; <br \/> La noticia<br \/>\n      <a href=\"https:\/\/www.xatakahome.com\/seleccion\/llega-a-aldi-proximo-6-mayo-solucion-para-acabar-desorden-casa-12-euros?utm_source=feedburner&amp;utm_medium=feed&amp;utm_campaign=03_May_2026\"><br \/>\n       <em> Llega a Aldi (el pr\u00f3ximo 6 de mayo), la soluci\u00f3n para acabar con el desorden en casa por menos de 12 euros  <\/em><br \/>\n      <\/a><br \/>\n      fue publicada originalmente en<br \/>\n      <a href=\"https:\/\/www.xatakahome.com\/?utm_source=feedburner&amp;utm_medium=feed&amp;utm_campaign=03_May_2026\"><br \/>\n       <strong> Xataka Smart Home <\/strong><br \/>\n      <\/a><br \/>\n             por<br \/>\n               <a href=\"https:\/\/www.xatakahome.com\/autor\/fran-leon?utm_source=feedburner&amp;utm_medium=feed&amp;utm_campaign=03_May_2026\"><br \/>\n        Fran Le\u00f3n<br \/>\n        <\/a><br \/>\n             . <\/p>\n<\/div>\n","protected":false},"excerpt":{"rendered":"<p>Mantener el orden en casa en el d\u00eda a d\u00eda es una constante batalla (sobre todo es algo que entender\u00e1n quienes tienen hijos). Aldi lo sabe y ha lanzado una l\u00ednea de cajas de organizaci\u00f3n apilables de su marca Home Creation, que se podr\u00e1n comprar en sus tiendas, desde el pr\u00f3ximo 6 de mayo, por &hellip; <a href=\"https:\/\/domosistemas.com\/?p=32764\" class=\"more-link\">Sigue leyendo <span class=\"screen-reader-text\">Llega a Aldi (el pr\u00f3ximo 6 de mayo), la soluci\u00f3n para acabar con el desorden en casa por menos de 12 euros<\/span><\/a><\/p>\n","protected":false},"author":1,"featured_media":0,"comment_status":"closed","ping_status":"closed","sticky":false,"template":"","format":"standard","meta":{"footnotes":""},"categories":[8],"tags":[],"class_list":["post-32764","post","type-post","status-publish","format-standard","hentry","category-xataka"],"_links":{"self":[{"href":"https:\/\/domosistemas.com\/index.php?rest_route=\/wp\/v2\/posts\/32764","targetHints":{"allow":["GET"]}}],"collection":[{"href":"https:\/\/domosistemas.com\/index.php?rest_route=\/wp\/v2\/posts"}],"about":[{"href":"https:\/\/domosistemas.com\/index.php?rest_route=\/wp\/v2\/types\/post"}],"author":[{"embeddable":true,"href":"https:\/\/domosistemas.com\/index.php?rest_route=\/wp\/v2\/users\/1"}],"replies":[{"embeddable":true,"href":"https:\/\/domosistemas.com\/index.php?rest_route=%2Fwp%2Fv2%2Fcomments&post=32764"}],"version-history":[{"count":0,"href":"https:\/\/domosistemas.com\/index.php?rest_route=\/wp\/v2\/posts\/32764\/revisions"}],"wp:attachment":[{"href":"https:\/\/domosistemas.com\/index.php?rest_route=%2Fwp%2Fv2%2Fmedia&parent=32764"}],"wp:term":[{"taxonomy":"category","embeddable":true,"href":"https:\/\/domosistemas.com\/index.php?rest_route=%2Fwp%2Fv2%2Fcategories&post=32764"},{"taxonomy":"post_tag","embeddable":true,"href":"https:\/\/domosistemas.com\/index.php?rest_route=%2Fwp%2Fv2%2Ftags&post=32764"}],"curies":[{"name":"wp","href":"https:\/\/api.w.org\/{rel}","templated":true}]}}