{"id":34348,"date":"2026-09-01T11:31:44","date_gmt":"2026-09-01T11:31:44","guid":{"rendered":"https:\/\/domosistemas.com\/?p=34348"},"modified":"2026-09-01T11:31:44","modified_gmt":"2026-09-01T11:31:44","slug":"hoy-llega-a-lidl-este-practico-tendedero-que-acaba-con-el-problema-de-espacio-en-pisos-pequenos","status":"publish","type":"post","link":"https:\/\/domosistemas.com\/?p=34348","title":{"rendered":"Hoy llega a Lidl este pr\u00e1ctico tendedero que acaba con el problema de espacio en pisos peque\u00f1os"},"content":{"rendered":"<div>\n<p>\n     <img decoding=\"async\" src=\"https:\/\/i.blogs.es\/b670ee\/tienda-lidl-ecija\/1024_2000.jpeg\" alt=\"Hoy llega a Lidl este pr\u00e1ctico tendedero que acaba con el problema de espacio en pisos peque\u00f1os\">\n    <\/p>\n<p>Secar la ropa dentro de casa cuando los metros cuadrados escasean es uno de los rompecabezas m\u00e1s habituales en los hogares. Los tendederos de alas tradicionales ocupan demasiado pasillo y entorpecen el paso en cualquier habitaci\u00f3n. Para solucionar este inconveniente, Lidl pone a la venta desde hoy su <strong>tendedero de torre<\/strong> <strong>de Livarno Home<\/strong> por <a rel=\"nofollow, sponsored, noopener, noreferrer\" target=\"_blank\" class=\"js-ecommerce\" id=\"link-ecommerce-1\" href=\"https:\/\/www.webedia-afilia.com\/redirect?url=https%3A%2F%2Fwww.lidl.es%2Fp%2Flivarno-tendedero-de-torre%2Fp100405307&amp;category=seleccion&amp;site=xatakahome&amp;ecomPostExpiration=everlasting&amp;postId=125365\" data-vars-affiliate-url=\"https:\/\/www.lidl.es\/p\/livarno-tendedero-de-torre\/p100405307\">24,99 euros<\/a>, una alternativa pensada para aprovechar la altura de la estancia y reducir al m\u00ednimo la huella en el suelo.<\/p>\n<p><!-- BREAK 1 --><br \/>\n<include src=\"\/modules\/pivot-ecommerce\/31300?ecommerce_expiration=everlasting&amp;category=seleccion&amp;postId=125365&amp;post_type=normal\"><\/include><\/p>\n<p>A este precio, este producto es uno de los t\u00edpicos que se agota r\u00e1pido en Lidl. Pero no te preocupes, porque este tendedero tipo torre de <strong>Amazon Basics<\/strong> es una alternativa a tener en cuenta, y m\u00e1s ahora que est\u00e1 rebajado y su precio es incluso m\u00e1s barato que el de Lidl. Te lo puedes llevar por <a rel=\"nofollow, sponsored, noopener, noreferrer\" target=\"_blank\" class=\"js-ecommerce\" id=\"link-ecommerce-2\" href=\"https:\/\/www.webedia-afilia.com\/redirect?url=https%3A%2F%2Fwww.amazon.es%2FAmazonBasics-Tendedero-torre-interior-plegables%2Fdp%2FB07GFKTYSQ%2F&amp;category=seleccion&amp;site=xatakahome&amp;ecomPostExpiration=everlasting&amp;postId=125365\" data-vars-affiliate-url=\"https:\/\/www.amazon.es\/AmazonBasics-Tendedero-torre-interior-plegables\/dp\/B07GFKTYSQ\/\">24,74 euros<\/a>.<\/p>\n<p><!-- BREAK 2 --><br \/>\n<include src=\"\/modules\/pivot-ecommerce\/31301?ecommerce_expiration=everlasting&amp;category=seleccion&amp;postId=125365&amp;post_type=normal\"><\/include><\/p>\n<h2>Dise\u00f1o en vertical y m\u00e1xima versatilidad<\/h2>\n<div class=\"article-asset-image article-asset-normal article-asset-center\">\n<div class=\"asset-content\">\n                    <a rel=\"nofollow, sponsored, noopener, noreferrer\" target=\"_blank\" class=\"js-ecommerce\" id=\"link-ecommerce-3\" href=\"https:\/\/www.webedia-afilia.com\/redirect?url=https%3A%2F%2Fwww.lidl.es%2Fp%2Flivarno-tendedero-de-torre%2Fp100405307&amp;category=seleccion&amp;site=xatakahome&amp;ecomPostExpiration=everlasting&amp;postId=125365\" data-vars-affiliate-url=\"https:\/\/www.lidl.es\/p\/livarno-tendedero-de-torre\/p100405307\"><\/p>\n<p>    <img decoding=\"async\" alt=\"Tendedero De Torre Lidl\" class=\"centro_sinmarco\" src=\"https:\/\/i.blogs.es\/7d09f3\/tendedero-de-torre-lidl\/450_1000.jpeg\"><br \/>\n     <\/a><\/p><\/div>\n<\/div>\n<p>La clave de este <strong>tendedero tipo torre<\/strong> reside en su capacidad para ofrecer metros de tendido ocupando un espacio realmente estrecho, permitiendo <a href=\"https:\/\/www.xatakahome.com\/iluminacion-y-energia\/esta-forma-barata-eficaz-secar-ropa-casa-recurrir-a-secadora\">secar la ropa<\/a> en pisos peque\u00f1os. Sus m\u00faltiples niveles plegables permiten colgar una colada completa usando una fracci\u00f3n del espacio que requerir\u00eda un modelo horizontal.<\/p>\n<p><!-- BREAK 3 --><\/p>\n<div class=\"article-asset article-asset-normal article-asset-center\">\n<div class=\"desvio-container\">\n<div class=\"desvio\">\n<div class=\"desvio-figure js-desvio-figure\">\n    <a href=\"https:\/\/www.xatakahome.com\/seleccion\/cinco-tendederos-electricos-plegables-que-seguir-tecnica-japonesa-secar-ropa-casa\" class=\"pivot-outboundlink\" data-vars-post-title=\"Cinco tendederos el\u00e9ctricos plegables con los que seguir la t\u00e9cnica japonesa de secar la ropa en casa \"><br \/>\n     <img loading=\"lazy\" decoding=\"async\" alt=\"Cinco tendederos el\u00e9ctricos plegables con los que seguir la t\u00e9cnica japonesa de secar la ropa en casa \" width=\"375\" height=\"142\" src=\"https:\/\/i.blogs.es\/d48af1\/ofertas_cpa_v3-copia-5-\/375_142.jpeg\"><br \/>\n    <\/a>\n   <\/div>\n<div class=\"desvio-summary\">\n<div class=\"desvio-taxonomy js-desvio-taxonomy\">\n     <a href=\"https:\/\/www.xatakahome.com\/seleccion\/cinco-tendederos-electricos-plegables-que-seguir-tecnica-japonesa-secar-ropa-casa\" class=\"desvio-taxonomy-anchor pivot-outboundlink\" data-vars-post-title=\"Cinco tendederos el\u00e9ctricos plegables con los que seguir la t\u00e9cnica japonesa de secar la ropa en casa \">En Xataka Smart Home<\/a>\n    <\/div>\n<p>    <a href=\"https:\/\/www.xatakahome.com\/seleccion\/cinco-tendederos-electricos-plegables-que-seguir-tecnica-japonesa-secar-ropa-casa\" class=\"desvio-title js-desvio-title pivot-outboundlink\" data-vars-post-title=\"Cinco tendederos el\u00e9ctricos plegables con los que seguir la t\u00e9cnica japonesa de secar la ropa en casa \">Cinco tendederos el\u00e9ctricos plegables con los que seguir la t\u00e9cnica japonesa de secar la ropa en casa <\/a>\n   <\/div>\n<\/p><\/div>\n<\/p><\/div>\n<\/div>\n<p>Adem\u00e1s, las rejillas se pueden plegar por separado, lo que <strong>permite abrir solo un lado<\/strong> si se pega a la pared o dejar espacio libre en altura para colgar prendas largas como pantalones o vestidos.<\/p>\n<p><!-- BREAK 4 --><\/p>\n<p>Asimismo, incorpora <strong>ruedas en la base<\/strong> para desplazarlo f\u00e1cilmente entre habitaciones, incluso cargado de ropa, y se pliega completamente sobre s\u00ed mismo para guardarlo detr\u00e1s de una puerta o al lado de la lavadora.<\/p>\n<div class=\"article-asset-table article-asset-normal\">\n<div class=\"asset-content\">\n<table class=\"tabla-datos\">\n<thead>\n<tr>\n<th class=\"align-left highlight-row\">\n<p>\u26a1 EN RESUMEN: tendedero de torre livarno home de lidl<\/p>\n<\/th>\n<\/tr>\n<\/thead>\n<tbody>\n<tr>\n<td class=\"align-left\">\n<p><strong>\u2705<\/strong><strong>\u00a0LO MEJOR<\/strong><\/p>\n<ul>\n<li><strong>Aprovechamiento del espacio vertical:<\/strong> al crecer a lo alto en lugar de a lo ancho, permite tender una colada completa ocupando una fracci\u00f3n del suelo en comparaci\u00f3n con los tendederos de alas tradicionales.<\/li>\n<li><strong>Niveles plegables e independientes:<\/strong> sus parrillas se pueden abrir o cerrar por los lados; si solo tienes media colada o lo pegas a la pared, puedes abrir \u00fanicamente una mitad para ahorrar espacio.<\/li>\n<\/ul>\n<\/td>\n<\/tr>\n<tr>\n<td class=\"align-left\">\n<p><strong>\u274c LO PEOR<\/strong><\/p>\n<ul>\n<li><strong>Espacio ajustado entre varillas para prendas gruesas&#8230;<\/strong> Al tener los niveles relativamente juntos, secar sudaderas pesadas o abrigos puede requerir dejar niveles vac\u00edos entre medias para que fluya bien el aire.<\/li>\n<li><strong>Estabilidad con viento en exteriores&#8230;<\/strong> Al ser alto y ligero, si se coloca en un balc\u00f3n o terraza en d\u00edas de mucho viento, puede volcar con facilidad si no est\u00e1 bien contrapesado.<\/li>\n<\/ul>\n<\/td>\n<\/tr>\n<tr>\n<td class=\"align-left\">\n<p><strong>\ud83d\udca1 C\u00d3MPRALO SI&#8230;<\/strong> Tienes metros cuadrados reducidos y necesitas optimizar el espacio de paso en pasillos o estancias durante la colada.<\/p>\n<\/td>\n<\/tr>\n<tr>\n<td class=\"align-left\">\n<p><strong>\u26d4 NO LO COMPRES SI&#8230; <\/strong>Buscas un tendedero para dejar siempre al aire libre en zonas de mucho viento, un modelo bajo tradicional o fijado a la pared ofrece mayor estabilidad.<\/p>\n<\/td>\n<\/tr>\n<\/tbody>\n<\/table><\/div>\n<\/div>\n<div class=\"article-asset article-asset-normal article-asset-center\">\n<div class=\"desvio-container\">\n<div class=\"desvio\">\n<div class=\"desvio-figure js-desvio-figure\">\n    <a href=\"https:\/\/www.xatakahome.com\/seleccion\/miedo-a-lluvia-este-invierno-estos-cinco-tendederos-electricos-clave-para-secar-tu-ropa\" class=\"pivot-outboundlink\" data-vars-post-title=\"Sin miedo a la lluvia este invierno: estos cinco tendederos el\u00e9ctricos son la clave para secar tu ropa  \"><br \/>\n     <img loading=\"lazy\" decoding=\"async\" alt=\"Sin miedo a la lluvia este invierno: estos cinco tendederos el\u00e9ctricos son la clave para secar tu ropa  \" width=\"375\" height=\"142\" src=\"https:\/\/i.blogs.es\/cf43d3\/pexels-cottonbro-studio-6624093\/375_142.jpeg\"><br \/>\n    <\/a>\n   <\/div>\n<div class=\"desvio-summary\">\n<div class=\"desvio-taxonomy js-desvio-taxonomy\">\n     <a href=\"https:\/\/www.xatakahome.com\/seleccion\/miedo-a-lluvia-este-invierno-estos-cinco-tendederos-electricos-clave-para-secar-tu-ropa\" class=\"desvio-taxonomy-anchor pivot-outboundlink\" data-vars-post-title=\"Sin miedo a la lluvia este invierno: estos cinco tendederos el\u00e9ctricos son la clave para secar tu ropa  \">En Xataka Smart Home<\/a>\n    <\/div>\n<p>    <a href=\"https:\/\/www.xatakahome.com\/seleccion\/miedo-a-lluvia-este-invierno-estos-cinco-tendederos-electricos-clave-para-secar-tu-ropa\" class=\"desvio-title js-desvio-title pivot-outboundlink\" data-vars-post-title=\"Sin miedo a la lluvia este invierno: estos cinco tendederos el\u00e9ctricos son la clave para secar tu ropa  \">Sin miedo a la lluvia este invierno: estos cinco tendederos el\u00e9ctricos son la clave para secar tu ropa  <\/a>\n   <\/div>\n<\/p><\/div>\n<\/p><\/div>\n<\/div>\n<h2>Otros tendederos que pueden interesarte<\/h2>\n<p><include src=\"\/modules\/pivot-ecommerce\/31302?ecommerce_expiration=everlasting&amp;category=seleccion&amp;postId=125365&amp;post_type=normal\"><\/include><include src=\"\/modules\/pivot-ecommerce\/31303?ecommerce_expiration=everlasting&amp;category=seleccion&amp;postId=125365&amp;post_type=normal\"><\/include><\/p>\n<p><em>Nota: algunos de los enlaces aqu\u00ed publicados son de afiliados y pueden reportar un beneficio.<\/em><\/p>\n<p>Im\u00e1genes | Webedia y Livarno Home (Lidl)<\/p>\n<p>En Xataka Smart Home | <a href=\"https:\/\/www.xatakahome.com\/seleccion\/busca-mejor-deshumidificador-cual-comprar-consejos-recomendaciones\">En busca del mejor deshumidificador: \u00bfcu\u00e1l comprar? Consejos y recomendaciones<\/a><\/p>\n<p>En Xataka Smart Home | <a href=\"https:\/\/www.xatakahome.com\/seleccion\/mejores-aires-acondicionados-portatiles-cual-comprar-consejos-recomendaciones\" target=\"_blank\">Los mejores aires acondicionados port\u00e1tiles: \u00bfCu\u00e1l comprar? Consejos y recomendaciones<\/a><\/p>\n<p> &#8211; <br \/> La noticia<br \/>\n      <a href=\"https:\/\/www.xatakahome.com\/seleccion\/hoy-llega-a-lidl-este-practico-tendedero-que-acaba-problema-espacio-pisos-pequenos?utm_source=feedburner&amp;utm_medium=feed&amp;utm_campaign=01_Sep_2026\"><br \/>\n       <em> Hoy llega a Lidl este pr\u00e1ctico tendedero que acaba con el problema de espacio en pisos peque\u00f1os <\/em><br \/>\n      <\/a><br \/>\n      fue publicada originalmente en<br \/>\n      <a href=\"https:\/\/www.xatakahome.com\/?utm_source=feedburner&amp;utm_medium=feed&amp;utm_campaign=01_Sep_2026\"><br \/>\n       <strong> Xataka Smart Home <\/strong><br \/>\n      <\/a><br \/>\n             por<br \/>\n               <a href=\"https:\/\/www.xatakahome.com\/autor\/fran-leon?utm_source=feedburner&amp;utm_medium=feed&amp;utm_campaign=01_Sep_2026\"><br \/>\n        Fran Le\u00f3n<br \/>\n        <\/a><br \/>\n             . <\/p>\n<\/div>\n","protected":false},"excerpt":{"rendered":"<p>Secar la ropa dentro de casa cuando los metros cuadrados escasean es uno de los rompecabezas m\u00e1s habituales en los hogares. Los tendederos de alas tradicionales ocupan demasiado pasillo y entorpecen el paso en cualquier habitaci\u00f3n. Para solucionar este inconveniente, Lidl pone a la venta desde hoy su tendedero de torre de Livarno Home por &hellip; <a href=\"https:\/\/domosistemas.com\/?p=34348\" class=\"more-link\">Sigue leyendo <span class=\"screen-reader-text\">Hoy llega a Lidl este pr\u00e1ctico tendedero que acaba con el problema de espacio en pisos peque\u00f1os<\/span><\/a><\/p>\n","protected":false},"author":1,"featured_media":0,"comment_status":"closed","ping_status":"closed","sticky":false,"template":"","format":"standard","meta":{"footnotes":""},"categories":[8],"tags":[],"class_list":["post-34348","post","type-post","status-publish","format-standard","hentry","category-xataka"],"_links":{"self":[{"href":"https:\/\/domosistemas.com\/index.php?rest_route=\/wp\/v2\/posts\/34348","targetHints":{"allow":["GET"]}}],"collection":[{"href":"https:\/\/domosistemas.com\/index.php?rest_route=\/wp\/v2\/posts"}],"about":[{"href":"https:\/\/domosistemas.com\/index.php?rest_route=\/wp\/v2\/types\/post"}],"author":[{"embeddable":true,"href":"https:\/\/domosistemas.com\/index.php?rest_route=\/wp\/v2\/users\/1"}],"replies":[{"embeddable":true,"href":"https:\/\/domosistemas.com\/index.php?rest_route=%2Fwp%2Fv2%2Fcomments&post=34348"}],"version-history":[{"count":0,"href":"https:\/\/domosistemas.com\/index.php?rest_route=\/wp\/v2\/posts\/34348\/revisions"}],"wp:attachment":[{"href":"https:\/\/domosistemas.com\/index.php?rest_route=%2Fwp%2Fv2%2Fmedia&parent=34348"}],"wp:term":[{"taxonomy":"category","embeddable":true,"href":"https:\/\/domosistemas.com\/index.php?rest_route=%2Fwp%2Fv2%2Fcategories&post=34348"},{"taxonomy":"post_tag","embeddable":true,"href":"https:\/\/domosistemas.com\/index.php?rest_route=%2Fwp%2Fv2%2Ftags&post=34348"}],"curies":[{"name":"wp","href":"https:\/\/api.w.org\/{rel}","templated":true}]}}