{"id":34364,"date":"2026-09-02T12:00:16","date_gmt":"2026-09-02T12:00:16","guid":{"rendered":"https:\/\/domosistemas.com\/?p=34364"},"modified":"2026-09-02T12:00:16","modified_gmt":"2026-09-02T12:00:16","slug":"las-tarifas-de-la-luz-mas-baratas-para-empezar-septiembre-de-2026-ahorrando-asi-queda-la-pvpc-con-respecto-a-las-del-mercado-libre","status":"publish","type":"post","link":"https:\/\/domosistemas.com\/?p=34364","title":{"rendered":"Las tarifas de la luz m\u00e1s baratas para empezar septiembre de 2026 ahorrando. As\u00ed queda la PVPC con respecto a las del mercado libre"},"content":{"rendered":"<div>\n<p>\n     <img decoding=\"async\" src=\"https:\/\/i.blogs.es\/b023e7\/pexels-oguzcan-culla-2155733717-39007190\/1024_2000.jpeg\" alt=\"Las tarifas de la luz m\u00e1s baratas para empezar septiembre de 2026 ahorrando. As\u00ed queda la PVPC con respecto a las del mercado libre \">\n    <\/p>\n<p>Despu\u00e9s de un caluroso verano donde el <strong>aire acondicionado y los ventiladores<\/strong> han sido un imprescindible en muchos hogares incrementando la factura de la luz a final de mes, ahora llega el oto\u00f1o y todav\u00eda no hace tanto fr\u00edo como para encender la calefacci\u00f3n, por lo que nuestros bolsillos podr\u00e1n dar un respiro.<\/p>\n<p><!-- BREAK 1 --><\/p>\n<p>Aunque eso ser\u00e1 si tenemos una <strong>tarifa el\u00e9ctrica<\/strong> contratada que nos permita ahorrar. \u00bfC\u00f3mo est\u00e1 la situaci\u00f3n de cara a empezar <strong>s<\/strong><strong>eptiembre<\/strong><strong> de 2026<\/strong>?, \u00bfcu\u00e1les son las tarifas m\u00e1s atractivas y c\u00f3mo se comparan con la regulada por el Gobierno o PVPC?<\/p>\n<p><!-- BREAK 2 --><\/p>\n<div class=\"toc-container article-asset-normal\">\n<details>\n<summary class=\"toc-header \">\n   <span class=\"toc-heading\"><br \/>\n    <span>\u00cdndice de Contenidos (8)<\/span><br \/>\n   <\/span><br \/>\n   <span class=\"icon-folded\"><\/span><br \/>\n  <\/summary>\n<\/details>\n<div class=\"toc-list-wrap \">\n<div class=\"toc-list-item\">\n<ul class=\"toc-list\">\n<li class=\"toc-item\">\n       <a href=\"https:\/\/www.xatakahome.com\/iluminacion-y-energia\/tarifas-luz-baratas-para-empezar-septiembre-2026-ahorrando-asi-queda-pvpc-respecto-a-mercado-libre#mejores-tarifas-luz-para-septiembre-2026-1\" class=\"toc-item-link\">Las mejores tarifas de la luz para septiembre de 2026<\/a>\n      <\/li>\n<li class=\"toc-sub-item\">\n       <a href=\"https:\/\/www.xatakahome.com\/iluminacion-y-energia\/tarifas-luz-baratas-para-empezar-septiembre-2026-ahorrando-asi-queda-pvpc-respecto-a-mercado-libre#energya-vm-formula-fija-24-horas-3-periodos-2\" class=\"toc-item-link\">En\u00e9rgya VM F\u00f3rmula Fija 24 Horas y 3 periodos<\/a>\n      <\/li>\n<li class=\"toc-sub-item\">\n       <a href=\"https:\/\/www.xatakahome.com\/iluminacion-y-energia\/tarifas-luz-baratas-para-empezar-septiembre-2026-ahorrando-asi-queda-pvpc-respecto-a-mercado-libre#chc-energia-plan-estrella-duo-3\" class=\"toc-item-link\">Chc Energ\u00eda Plan Estrella D\u00fao<\/a>\n      <\/li>\n<li class=\"toc-sub-item\">\n       <a href=\"https:\/\/www.xatakahome.com\/iluminacion-y-energia\/tarifas-luz-baratas-para-empezar-septiembre-2026-ahorrando-asi-queda-pvpc-respecto-a-mercado-libre#visalia-plan-ahorro-3-meses-4\" class=\"toc-item-link\">Visalia Plan Ahorro 3 meses<\/a>\n      <\/li>\n<li class=\"toc-item\">\n       <a href=\"https:\/\/www.xatakahome.com\/iluminacion-y-energia\/tarifas-luz-baratas-para-empezar-septiembre-2026-ahorrando-asi-queda-pvpc-respecto-a-mercado-libre#como-saber-me-conviene-tener-tarifa-pvpc-5\" class=\"toc-item-link\">C\u00f3mo saber si me conviene tener la tarifa PVPC<\/a>\n      <\/li>\n<li class=\"toc-sub-item\">\n       <a href=\"https:\/\/www.xatakahome.com\/iluminacion-y-energia\/tarifas-luz-baratas-para-empezar-septiembre-2026-ahorrando-asi-queda-pvpc-respecto-a-mercado-libre#queremos-acogernos-al-bono-social-electrico-6\" class=\"toc-item-link\">Queremos acogernos al bono social el\u00e9ctrico<\/a>\n      <\/li>\n<li class=\"toc-sub-item\">\n       <a href=\"https:\/\/www.xatakahome.com\/iluminacion-y-energia\/tarifas-luz-baratas-para-empezar-septiembre-2026-ahorrando-asi-queda-pvpc-respecto-a-mercado-libre#hago-uso-intensivo-luz-fines-semana-festivos-7\" class=\"toc-item-link\">Hago un uso intensivo de la luz en fines de semana y festivos<\/a>\n      <\/li>\n<li class=\"toc-sub-item\">\n       <a href=\"https:\/\/www.xatakahome.com\/iluminacion-y-energia\/tarifas-luz-baratas-para-empezar-septiembre-2026-ahorrando-asi-queda-pvpc-respecto-a-mercado-libre#puedo-redirigir-uso-aparatos-que-consumen-casa-a-dos-franjas-horarias-8\" class=\"toc-item-link\">Puedo redirigir el uso de los aparatos que m\u00e1s consumen en casa a dos franjas horarias<\/a>\n      <\/li>\n<\/ul><\/div>\n<\/p><\/div>\n<\/div>\n<div class=\"article-asset article-asset-normal article-asset-center\">\n<div class=\"desvio-container\">\n<div class=\"desvio\">\n<div class=\"desvio-figure js-desvio-figure\">\n    <a href=\"https:\/\/www.xatakahome.com\/a-fondo\/tener-tarifa-luz-mercado-libre-regulado-que-diferencias-ventajas-e-inconvenientes-hay-cada-caso\" class=\"pivot-outboundlink\" data-vars-post-title=\"Tener la tarifa de la luz en el mercado libre o en el regulado: qu\u00e9 diferencias, ventajas e inconvenientes hay en cada caso\"><br \/>\n     <img loading=\"lazy\" decoding=\"async\" alt=\"Tener la tarifa de la luz en el mercado libre o en el regulado: qu\u00e9 diferencias, ventajas e inconvenientes hay en cada caso\" width=\"375\" height=\"142\" src=\"https:\/\/i.blogs.es\/69abbc\/anthony-indraus-bb9jwutmpuk-unsplash\/375_142.jpg\"><br \/>\n    <\/a>\n   <\/div>\n<div class=\"desvio-summary\">\n<div class=\"desvio-taxonomy js-desvio-taxonomy\">\n     <a href=\"https:\/\/www.xatakahome.com\/a-fondo\/tener-tarifa-luz-mercado-libre-regulado-que-diferencias-ventajas-e-inconvenientes-hay-cada-caso\" class=\"desvio-taxonomy-anchor pivot-outboundlink\" data-vars-post-title=\"Tener la tarifa de la luz en el mercado libre o en el regulado: qu\u00e9 diferencias, ventajas e inconvenientes hay en cada caso\">En Xataka Smart Home<\/a>\n    <\/div>\n<p>    <a href=\"https:\/\/www.xatakahome.com\/a-fondo\/tener-tarifa-luz-mercado-libre-regulado-que-diferencias-ventajas-e-inconvenientes-hay-cada-caso\" class=\"desvio-title js-desvio-title pivot-outboundlink\" data-vars-post-title=\"Tener la tarifa de la luz en el mercado libre o en el regulado: qu\u00e9 diferencias, ventajas e inconvenientes hay en cada caso\">Tener la tarifa de la luz en el mercado libre o en el regulado: qu\u00e9 diferencias, ventajas e inconvenientes hay en cada caso<\/a>\n   <\/div>\n<\/p><\/div>\n<\/p><\/div>\n<\/div>\n<h2 id=\"mejores-tarifas-luz-para-septiembre-2026-1\" class=\"toc-enabled\"><span class=\"toc-shortcut-icon\" title=\"Ver \u00cdndice de contenido\"><\/span>Las mejores tarifas de la luz para septiembre de 2026<\/h2>\n<div class=\"article-asset-image article-asset-normal article-asset-center\">\n<div class=\"asset-content\">\n<p>   <img decoding=\"async\" alt=\"Comparadorcontadores\" class=\"centro_sinmarco\" src=\"https:\/\/i.blogs.es\/6be992\/comparadorcontadores\/450_1000.jpeg\"><\/p><\/div>\n<\/div>\n<p><strong>La<\/strong><strong> electricidad suele ser m\u00e1s cara en invierno y en verano<\/strong>, cuando la demanda energ\u00e9tica sube por el uso de la calefacci\u00f3n y los aires acondicionados, pero los precios tienden a bajar en primavera y oto\u00f1o, cuando dicha demanda desciende.\u00a0<\/p>\n<p><!-- BREAK 3 --><\/p>\n<p>Ahora, de cara a afrontar el<strong> inicio de septiembre de 2026 <\/strong>es de esperar que los precios se moderen y que adem\u00e1s gastemos menos kilovatios porque nuestro consumo en climatizaci\u00f3n bajar\u00e1 notablemente.<\/p>\n<p><!-- BREAK 4 --><\/p>\n<p>As\u00ed, para comprobar c\u00f3mo est\u00e1n las cosas ahora mismo hemos hecho una b\u00fasqueda en el <strong>comparador de la CNMC<\/strong> para nuestra zona de residencia. Para ello solo hay que <a rel=\"noopener, noreferrer\" href=\"https:\/\/comparador.cnmc.gob.es\/\">entrar en su web<\/a>, seleccionar que queremos analizar la tarifa de electricidad (tambi\u00e9n podemos ver las de gas o ambas combinadas) y tras darle a iniciar en la siguiente pantalla nos har\u00e1 unas preguntas sencillas, como cu\u00e1l es nuestro <strong>c\u00f3digo postal<\/strong>, el consumo estimado anual de electricidad (dato que podemos buscar en nuestras facturas pasadas), la <strong>potencia contratada<\/strong> y si queremos contratar alg\u00fan servicio extra.<\/p>\n<p><!-- BREAK 5 --><\/p>\n<div class=\"article-asset-image article-asset-normal article-asset-center\">\n<div class=\"asset-content\">\n<p>   <img decoding=\"async\" alt=\"comparador\" class=\"centro_sinmarco\" src=\"https:\/\/i.blogs.es\/da9185\/1366_2000\/450_1000.png\"><\/p><\/div>\n<\/div>\n<p>Tras rellenar estos campos aceptamos y la p\u00e1gina nos mostrar\u00e1 una comparativa con el precio de la tarifa regulada o PVPC en la parte superior y una tabla con las ofertas de las distintas compa\u00f1\u00edas. En mi caso, para mi zona concreta con una potencia contratada de <strong>5 kW<\/strong> y un consumo de <strong>400 kWh<\/strong> me indica que la PVPC me costar\u00eda<strong> 106,55<\/strong><strong> euros<\/strong>, superior a los <strong>9<\/strong><strong>8,66<\/strong><strong> euros del mes anterior <\/strong>con el mismo consumo y por encima de las del mercado libre, que empiezan en los<strong> 72,47 euros<\/strong>.\u00a0<\/p>\n<p><!-- BREAK 6 --><\/p>\n<p>Aunque <strong>estos precios tienen truco<\/strong>, ya que las compa\u00f1\u00edas del mercado libre en cabeza ofrecen descuentos durante los primeros meses para lograr estos precios tan atractivos, que luego ya no lo son tanto cuando finaliza la promoci\u00f3n. Vamos a ver qu\u00e9 ofrecen estas tarifas del mercado libre con m\u00e1s detalle:<\/p>\n<p><!-- BREAK 7 --><\/p>\n<div class=\"article-asset-image article-asset-normal article-asset-center\">\n<div class=\"asset-content\">\n<div class=\"caption-img \">\n<p>   <img decoding=\"async\" alt=\"Tarifas Cnmc\" class=\"centro_sinmarco\" src=\"https:\/\/i.blogs.es\/bd3fd2\/tarifas-cnmc\/450_1000.jpeg\"><\/p>\n<p>        <span>Imagen: CNMC<\/span>\n   <\/div>\n<\/p><\/div>\n<\/div>\n<h3 id=\"energya-vm-formula-fija-24-horas-3-periodos-2\" class=\"toc-enabled\"><span class=\"toc-shortcut-icon\" title=\"Ver \u00cdndice de contenido\"><\/span>En\u00e9rgya VM F\u00f3rmula Fija 24 Horas y 3 periodos<\/h3>\n<div class=\"article-asset-image article-asset-normal article-asset-center\">\n<div class=\"asset-content\">\n<p>   <img decoding=\"async\" alt=\"Energia Vm\" class=\"centro_sinmarco\" src=\"https:\/\/i.blogs.es\/a60725\/energia-vm\/450_1000.jpeg\"><\/p><\/div>\n<\/div>\n<p>La compa\u00f1\u00eda En\u00e9rgya VM cuenta en su cat\u00e1logo con una tarifa fija llamada <strong>F\u00f3rmula Fija 3 periodos <\/strong>con un coste de<strong> 77,32<\/strong><strong> <\/strong><strong>euros<\/strong> y una <strong>F\u00f3rmula Fija 24<\/strong> horas con un precio de <strong>72,47<\/strong><strong> euros<\/strong>, ambas comparten los costes de potencia que son los siguientes:<\/p>\n<p><!-- BREAK 8 --><\/p>\n<ul>\n<li><strong>T\u00e9rmino Potencia Punta: <\/strong>32,94 \u20ac\/kW a\u00f1o<\/li>\n<li><strong>T\u00e9rmino Potencia Valle: <\/strong>1,1 \u20ac\/kW a\u00f1o<\/li>\n<\/ul>\n<p>La tarifa <strong>F\u00f3rmula Fija 24 <\/strong>de esta compa\u00f1\u00eda tiene el siguiente coste en el precio de la energ\u00eda, que incluye un descuento del 25 % durante los tres primeros meses (17,69 euros).<\/p>\n<ul>\n<li><strong>T\u00e9rmino de Energ\u00eda 24 horas:<\/strong> 0,13910 \u20ac\/kWh (sin descuento)<\/li>\n<\/ul>\n<p>En cuanto a los precios por la energ\u00eda, la<strong> tarifa F\u00f3rmula Fija 3 periodos<\/strong> ofrece un descuento del 25 % durante los primeros tres meses (19,31 euros) y los costes finales sin descuento son los siguientes:<\/p>\n<ul>\n<li><strong>T\u00e9rmino de Energ\u00eda Punta: <\/strong>0,1990 \u20ac\/kWh\u00a0(sin descuento)<\/li>\n<li><strong>T\u00e9rmino de Energ\u00eda Llano:<\/strong> 0,1590 \u20ac\/kWh (sin descuento)<\/li>\n<li><strong>T\u00e9rmino de Energ\u00eda Valle:<\/strong> 0,1190 \u20ac\/kWh (sin descuento)<\/li>\n<\/ul>\n<p>Estos precios no incluyen IVA, ni el impuesto el\u00e9ctrico y, por \u00faltimo, esta oferta no est\u00e1 vinculada a la contrataci\u00f3n de un servicio adicional.<\/p>\n<p>M\u00e1s informaci\u00f3n | <a rel=\"noopener, noreferrer\" href=\"https:\/\/www.energyavm.es\/luz\/formula-fija-3-periodos-luz\/\">ENERGYA VM<\/a><\/p>\n<h3 id=\"chc-energia-plan-estrella-duo-3\" class=\"toc-enabled\"><span class=\"toc-shortcut-icon\" title=\"Ver \u00cdndice de contenido\"><\/span><strong>Chc Energ\u00eda Plan Estrella D\u00fao<\/strong><\/h3>\n<div class=\"article-asset-image article-asset-normal article-asset-center\">\n<div class=\"asset-content\">\n<p>   <img decoding=\"async\" alt=\"Tarifas Chc\" class=\"centro_sinmarco\" src=\"https:\/\/i.blogs.es\/171d16\/tarifas-chc\/450_1000.jpeg\"><\/p><\/div>\n<\/div>\n<p>Chc Energ\u00eda tiene esta tarifa llamada Plan Estrella D\u00fao con un precio de <strong>79,86 euros<\/strong> para clientes con potencia contratada de menos de 15 kW, que es de tipo <strong>tarifa plana<\/strong>, con el mismo precio en los tres periodos llano, valle y punta. Ofrecen una promoci\u00f3n de 10 euros de descuento al mes durante los 5 primeros meses y los costes son los siguientes:<\/p>\n<p><!-- BREAK 9 --><\/p>\n<ul>\n<li><strong>T\u00e9rmino Potencia Punta: <\/strong>28,522718 \u20ac\/kW a\u00f1o<\/li>\n<li><strong>T\u00e9rmino Potencia Valle: <\/strong>21,877282 \u20ac\/kW a\u00f1o<\/li>\n<li><strong>T\u00e9rmino de Energ\u00eda 24 horas: <\/strong>0,119911 \u20ac\/kWh<\/li>\n<\/ul>\n<p>Los precios no incluyen el coste regulado del mecanismo de financiaci\u00f3n del bono social. El precio fijado seg\u00fan Orden TED\/634\/2026, de 17 de junio para la financiaci\u00f3n del Bono Social a partir del 01\/07\/2026 es de 9,011295 \u20ac\/CUPS.<\/p>\n<p>M\u00e1s informaci\u00f3n | <a rel=\"noopener, noreferrer\" href=\"https:\/\/chcenergia.es\/luz\/plan-estrella-duo\">Chc Energ\u00eda<\/a><\/p>\n<h3 id=\"visalia-plan-ahorro-3-meses-4\" class=\"toc-enabled\"><span class=\"toc-shortcut-icon\" title=\"Ver \u00cdndice de contenido\"><\/span>Visalia Plan Ahorro 3 meses<\/h3>\n<div class=\"article-asset-image article-asset-normal article-asset-center\">\n<div class=\"asset-content\">\n<p>   <img decoding=\"async\" alt=\"Tarifasvisalia\" class=\"centro_sinmarco\" src=\"https:\/\/i.blogs.es\/42a152\/tarifasvisalia\/450_1000.jpeg\"><\/p><\/div>\n<\/div>\n<p>Esta <strong>tarifa de Visalia<\/strong> ofrece un coste fijo las 24 horas del d\u00eda y tiene un coste de <strong>8<\/strong><strong>5,31<\/strong><strong> euros<\/strong> (descuento incluido de 6,42 euros al mes) solo para consumidores dom\u00e9sticos. No se incluye el importe correspondiente al equipo de medida ni el bono social. Permite un <strong>ahorro de 6,42 euros al mes<\/strong> durante los tres primeros meses.<\/p>\n<p><!-- BREAK 10 --><\/p>\n<p>Los precios son los siguientes:<\/p>\n<ul>\n<li><strong>T\u00e9rmino Potencia Punta<\/strong>: 22 \u20ac\/kW a\u00f1o<\/li>\n<li><strong>T\u00e9rmino Potencia Valle<\/strong>: 22 \u20ac\/kW a\u00f1o<\/li>\n<li><strong>T\u00e9rmino Energ\u00eda:<\/strong> 0,129695 \u20ac\/kWh.<\/li>\n<\/ul>\n<p>Los precios incluyen todos los costes regulados salvo impuesto el\u00e9ctrico, alquiler de equipo de medida, IVA y financiaci\u00f3n del bono social. El precio fijado seg\u00fan Orden TED\/634\/2026, de 17 de junio para la financiaci\u00f3n del Bono Social a partir del 01\/07\/2026 es de 9,011295 \u20ac\/CUPS.<\/p>\n<p>M\u00e1s informaci\u00f3n | <a rel=\"noopener, noreferrer\" href=\"https:\/\/visalia.es\/luz\/tarifas-flash\/\">Visalia<\/a><\/p>\n<h2 id=\"como-saber-me-conviene-tener-tarifa-pvpc-5\" class=\"toc-enabled\"><span class=\"toc-shortcut-icon\" title=\"Ver \u00cdndice de contenido\"><\/span><strong>C\u00f3mo saber si me conviene tener la tarifa PVPC<\/strong><\/h2>\n<p>Entonces, \u00bfes mejor ahora mismo estar con la tarifa en el mercado PVPC o en libre? En general, por precios medios las cifras apuntan a que <strong>la PVPC ser\u00e1 en media m\u00e1s cara este mes que comienza, sobre todo si no podemos aprovecharla en ciertos horarios y d\u00edas como fines de semana, madrugadas y festivos<\/strong>. No obstante, conviene <strong>valorar las siguientes razones<\/strong> para ver si nos merece la pena apostar por dicha tarifa regulada a m\u00e1s largo plazo:<\/p>\n<h3 id=\"queremos-acogernos-al-bono-social-electrico-6\" class=\"toc-enabled\"><span class=\"toc-shortcut-icon\" title=\"Ver \u00cdndice de contenido\"><\/span>Queremos acogernos al bono social el\u00e9ctrico<\/h3>\n<p>El primer argumento para apostar por la <strong>tarifa PVPC<\/strong> (Precio Voluntario para el Peque\u00f1o Consumidor) actualmente es si somos o pretendemos ser esta pr\u00f3xima temporada consumidores que se acojan al <a href=\"https:\/\/www.xatakahome.com\/iluminacion-y-energia\/bono-social-factura-luz-que-que-descuento-ofrece-requisitos-para-solicitarlo\">bono social el\u00e9ctrico<\/a>.<\/p>\n<p>Se trata b\u00e1sicamente un <strong>descuento en la factura el\u00e9ctrica<\/strong> que se aplica solo y exclusivamente sobre tarifas PVPC, con un l\u00edmite m\u00e1ximo de energ\u00eda anual bonificada en funci\u00f3n de cu\u00e1ntos miembros tenga la unidad familiar. Adem\u00e1s hay que cumplir otros <a href=\"https:\/\/www.xatakahome.com\/a-fondo\/bono-social-termico-electrico-2023-como-solicitar-estas-ayudas-para-electricidad-calefaccion\">requisitos importantes<\/a>, destacando los siguientes:<\/p>\n<p><!-- BREAK 11 --><\/p>\n<ul>\n<li><strong>El PVPC debe estar contratado en la vivienda habitual<\/strong> con una potencia contratada <strong>igual o inferior a 10kW<\/strong> y el solicitante debe ser el titular del contrato.<\/li>\n<li>Adem\u00e1s, este PVPC debe estar contratado solo con las <a rel=\"noopener, noreferrer\" href=\"https:\/\/www.bonosocial.gob.es\/#como\">comercializadoras de referencia que establece el Gobierno<\/a> <strong>rellenando y solicitando el correspondiente formulario.<\/strong><\/li>\n<\/ul>\n<p>Por tanto, si queremos acceder al bono social el\u00e9ctrico deberemos <strong>tener obligatoriamente una tarifa PVPC<\/strong> y adem\u00e1s esta tendr\u00e1 que estar contratada con una de las comercializadoras de referencia antes se\u00f1aladas.<\/p>\n<h3 id=\"hago-uso-intensivo-luz-fines-semana-festivos-7\" class=\"toc-enabled\"><span class=\"toc-shortcut-icon\" title=\"Ver \u00cdndice de contenido\"><\/span>Hago un uso intensivo de la luz en fines de semana y festivos<\/h3>\n<div class=\"article-asset-image article-asset-normal article-asset-center\">\n<div class=\"asset-content\">\n<div class=\"caption-img \">\n<p>   <img decoding=\"async\" alt=\"Comparativa Tarifas Fin De Semana\" class=\"centro_sinmarco\" src=\"https:\/\/i.blogs.es\/aa1027\/comparativa-tarifas-fin-de-semana\/450_1000.jpeg\"><\/p>\n<p>        <span>Precio luz fin de semana. Imagen: Red El\u00e9ctrica Espa\u00f1ola<\/span>\n   <\/div>\n<\/p><\/div>\n<\/div>\n<p>Otro caso de uso donde nos va a convenir contratar la tarifa regulada o PVPC es cuando por nuestra circunstancia personal y familiar vamos a hacer <strong>un uso intensivo de la electricidad en casa los fines de semana y festivos<\/strong>.<\/p>\n<p><!-- BREAK 12 --><\/p>\n<p>Es por ejemplo el caso de familias numerosas que entre semana apenas est\u00e1n en casa porque los padres trabajan y los hijos pasan la mayor parte del d\u00eda fuera en colegios, institutos, actividades extraescolares, etc. Pero luego los fines de semana y festivos se juntan todos en casa encendiendo m\u00faltiples electrodom\u00e9sticos, poniendo lavadoras, usando equipos, calefacci\u00f3n el\u00e9ctrica, etc.<\/p>\n<p>Tambi\u00e9n en caso de contar con una <strong>segunda residencia donde solo vamos los fines de semana<\/strong>, puentes y similares, contando con calefacci\u00f3n y\/o aire acondicionado el\u00e9ctrico. En estas situaciones, <strong>la tarifa PVPC nos permitir\u00e1 un importante ahorro,<\/strong> ya que actualmente tiene un precio mucho m\u00e1s econ\u00f3mico en d\u00edas festivos que cualquier otra tarifa no indexada del mercado, incluso las que \u00a0ofrecen varios precios en funci\u00f3n de las horas.<\/p>\n<p><!-- BREAK 13 --><\/p>\n<h3 id=\"puedo-redirigir-uso-aparatos-que-consumen-casa-a-dos-franjas-horarias-8\" class=\"toc-enabled\"><span class=\"toc-shortcut-icon\" title=\"Ver \u00cdndice de contenido\"><\/span>Puedo redirigir el uso de los aparatos que m\u00e1s consumen en casa a dos franjas horarias<\/h3>\n<div class=\"article-asset-image article-asset-normal article-asset-center\">\n<div class=\"asset-content\">\n<div class=\"caption-img \">\n<p>   <img decoding=\"async\" alt=\"Comparativa Tarifasdiario\" class=\"centro_sinmarco\" src=\"https:\/\/i.blogs.es\/9f40fd\/comparativa-tarifasdiario\/450_1000.jpeg\"><\/p>\n<p>        <span>Precio luz entre semana. Imagen: Red El\u00e9ctrica Espa\u00f1ola<\/span>\n   <\/div>\n<\/p><\/div>\n<\/div>\n<p>Muy bien, los fines de semana est\u00e1 mucho m\u00e1s econ\u00f3mica la tarifa PVPC, pero \u00bfqu\u00e9 pasa entre semana?, \u00bfmerece la pena si mi uso principal se encuentra en <strong>d\u00edas laborables<\/strong>?<\/p>\n<p><!-- BREAK 14 --><\/p>\n<p>Pues depende de la hora a la que se produzca este uso principal, ya que ahora mismo en media la tarifa PVPC tiene estos d\u00edas un coste superior a algunas del mercado libre, aunque <strong>depende del horario en el que vayamos a consumir la energ\u00eda<\/strong>.<\/p>\n<p><!-- BREAK 15 --><\/p>\n<p>En general, la tarifa PVPC sigue siendo competitiva si queremos aprovechar la <strong>franja de madrugada<\/strong> (de 00:00 a 08:00 horas) y la franja comprendida <strong>entre las 14:00-18:00 horas<\/strong>, con precios que suelen ser algo m\u00e1s econ\u00f3micos que las tarifas de varios precios en el mercado libre.<\/p>\n<p><!-- BREAK 16 --><\/p>\n<p>Sin embargo, si nuestro uso principal del d\u00eda va a <strong>centrarse en horario de tarde<\/strong> y sobre todo a partir de las 18:00 horas, entonces el precio a pagar es \u00a0mucho m\u00e1s elevado y nos convendr\u00e1 contratar una tarifa en el mercado libre.<\/p>\n<p><!-- BREAK 17 --><\/p>\n<p>Imagen portada | <a rel=\"noopener, noreferrer\" href=\"https:\/\/www.pexels.com\/es-es\/@2155733717\/\">Oguzcan Culla<\/a><\/p>\n<p>En Xataka Smart Home | <a href=\"https:\/\/www.xatakahome.com\/a-fondo\/como-saber-que-precio-tendra-luz-manana-tienes-tarifa-mercado-libre-como-regulado\">C\u00f3mo saber qu\u00e9 precio tendr\u00e1 la luz ma\u00f1ana tanto si tienes una tarifa en el mercado libre como en el regulado<\/a><\/p>\n<p> &#8211; <br \/> La noticia<br \/>\n      <a href=\"https:\/\/www.xatakahome.com\/iluminacion-y-energia\/tarifas-luz-baratas-para-empezar-septiembre-2026-ahorrando-asi-queda-pvpc-respecto-a-mercado-libre?utm_source=feedburner&amp;utm_medium=feed&amp;utm_campaign=02_Sep_2026\"><br \/>\n       <em> Las tarifas de la luz m\u00e1s baratas para empezar septiembre de 2026 ahorrando. As\u00ed queda la PVPC con respecto a las del mercado libre  <\/em><br \/>\n      <\/a><br \/>\n      fue publicada originalmente en<br \/>\n      <a href=\"https:\/\/www.xatakahome.com\/?utm_source=feedburner&amp;utm_medium=feed&amp;utm_campaign=02_Sep_2026\"><br \/>\n       <strong> Xataka Smart Home <\/strong><br \/>\n      <\/a><br \/>\n             por<br \/>\n               <a href=\"https:\/\/www.xatakahome.com\/autor\/paco-rodriguez?utm_source=feedburner&amp;utm_medium=feed&amp;utm_campaign=02_Sep_2026\"><br \/>\n        Paco Rodr\u00edguez<br \/>\n        <\/a><br \/>\n             . <\/p>\n<\/div>\n","protected":false},"excerpt":{"rendered":"<p>Despu\u00e9s de un caluroso verano donde el aire acondicionado y los ventiladores han sido un imprescindible en muchos hogares incrementando la factura de la luz a final de mes, ahora llega el oto\u00f1o y todav\u00eda no hace tanto fr\u00edo como para encender la calefacci\u00f3n, por lo que nuestros bolsillos podr\u00e1n dar un respiro. Aunque eso &hellip; <a href=\"https:\/\/domosistemas.com\/?p=34364\" class=\"more-link\">Sigue leyendo <span class=\"screen-reader-text\">Las tarifas de la luz m\u00e1s baratas para empezar septiembre de 2026 ahorrando. As\u00ed queda la PVPC con respecto a las del mercado libre<\/span><\/a><\/p>\n","protected":false},"author":1,"featured_media":0,"comment_status":"closed","ping_status":"closed","sticky":false,"template":"","format":"standard","meta":{"footnotes":""},"categories":[8],"tags":[],"class_list":["post-34364","post","type-post","status-publish","format-standard","hentry","category-xataka"],"_links":{"self":[{"href":"https:\/\/domosistemas.com\/index.php?rest_route=\/wp\/v2\/posts\/34364","targetHints":{"allow":["GET"]}}],"collection":[{"href":"https:\/\/domosistemas.com\/index.php?rest_route=\/wp\/v2\/posts"}],"about":[{"href":"https:\/\/domosistemas.com\/index.php?rest_route=\/wp\/v2\/types\/post"}],"author":[{"embeddable":true,"href":"https:\/\/domosistemas.com\/index.php?rest_route=\/wp\/v2\/users\/1"}],"replies":[{"embeddable":true,"href":"https:\/\/domosistemas.com\/index.php?rest_route=%2Fwp%2Fv2%2Fcomments&post=34364"}],"version-history":[{"count":0,"href":"https:\/\/domosistemas.com\/index.php?rest_route=\/wp\/v2\/posts\/34364\/revisions"}],"wp:attachment":[{"href":"https:\/\/domosistemas.com\/index.php?rest_route=%2Fwp%2Fv2%2Fmedia&parent=34364"}],"wp:term":[{"taxonomy":"category","embeddable":true,"href":"https:\/\/domosistemas.com\/index.php?rest_route=%2Fwp%2Fv2%2Fcategories&post=34364"},{"taxonomy":"post_tag","embeddable":true,"href":"https:\/\/domosistemas.com\/index.php?rest_route=%2Fwp%2Fv2%2Ftags&post=34364"}],"curies":[{"name":"wp","href":"https:\/\/api.w.org\/{rel}","templated":true}]}}