{"id":34374,"date":"2026-09-03T06:46:15","date_gmt":"2026-09-03T06:46:15","guid":{"rendered":"https:\/\/domosistemas.com\/?p=34374"},"modified":"2026-09-03T06:46:15","modified_gmt":"2026-09-03T06:46:15","slug":"lidl-lanza-este-carrito-auxiliar-para-cocinas-pequenas-cuesta-menos-de-25-euros-y-cabe-en-cualquier-sitio","status":"publish","type":"post","link":"https:\/\/domosistemas.com\/?p=34374","title":{"rendered":"Lidl lanza este carrito auxiliar para cocinas peque\u00f1as: cuesta menos de 25 euros y cabe en cualquier sitio"},"content":{"rendered":"<div>\n<p>\n     <img decoding=\"async\" src=\"https:\/\/i.blogs.es\/97c36d\/horno-compacto-lidl\/1024_2000.jpeg\" alt=\"Lidl lanza este carrito auxiliar para cocinas peque\u00f1as: cuesta menos de 25 euros y cabe en cualquier sitio\">\n    <\/p>\n<p>Optimizar cada cent\u00edmetro en cocinas de dimensiones reducidas es uno de los retos en los hogares actuales. Entre peque\u00f1os electrodom\u00e9sticos, especias y utensilios diarios, la superficie de la encimera suele saturarse r\u00e1pidamente. Para resolver esta falta de espacio sin comprometer las zonas de paso, Lidl incorpora a su cat\u00e1logo de hogar este <strong>carrito auxiliar de almacenamiento de Livarno<\/strong>, una soluci\u00f3n ligera, estrecha y muy vers\u00e1til por tan solo <a rel=\"nofollow, sponsored, noopener, noreferrer\" target=\"_blank\" class=\"js-ecommerce\" id=\"link-ecommerce-1\" href=\"https:\/\/www.webedia-afilia.com\/redirect?url=https%3A%2F%2Fwww.lidl.es%2Fp%2Flivarno-carrito-de-almacenamiento%2Fp100407957&amp;category=seleccion&amp;site=xatakahome&amp;ecomPostExpiration=perish&amp;postId=125401\" data-vars-affiliate-url=\"https:\/\/www.lidl.es\/p\/livarno-carrito-de-almacenamiento\/p100407957\">24,99 euros<\/a>.<\/p>\n<p><!-- BREAK 1 --><br \/>\n<include src=\"\/modules\/pivot-ecommerce\/31332?ecommerce_expiration=perish&amp;category=seleccion&amp;postId=125401&amp;post_type=normal\"><\/include><\/p>\n<p>Si cuando te decidas a comprarlo, este carrito ya no est\u00e1 disponible, en <strong>Amazon<\/strong> hemos encontrado otro de la firma Songmics y con un precio similar (<a rel=\"nofollow, sponsored, noopener, noreferrer\" target=\"_blank\" class=\"js-ecommerce\" id=\"link-ecommerce-2\" href=\"https:\/\/www.webedia-afilia.com\/redirect?url=https%3A%2F%2Fwww.amazon.es%2FSONGMICS-Niveles-Extra%25C3%25ADble-Pl%25C3%25A1stico-BSC070W101%2Fdp%2FB0GGGC1KBX%2F&amp;category=seleccion&amp;site=xatakahome&amp;ecomPostExpiration=perish&amp;postId=125401\" data-vars-affiliate-url=\"https:\/\/www.amazon.es\/SONGMICS-Niveles-Extra%C3%ADble-Pl%C3%A1stico-BSC070W101\/dp\/B0GGGC1KBX\/\">27,19 euros<\/a>). Eso s\u00ed, esta opci\u00f3n es de pl\u00e1stico y cuenta con tres bandejas extra\u00edbles y un caj\u00f3n, adem\u00e1s de una balda superior con almacenamiento oculto.<\/p>\n<p><!-- BREAK 2 --><br \/>\n<include src=\"\/modules\/pivot-ecommerce\/31334?ecommerce_expiration=perish&amp;category=seleccion&amp;postId=125401&amp;post_type=normal\"><\/include><\/p>\n<h2>Dise\u00f1o estrecho, ruedas y varios niveles de orden<\/h2>\n<div class=\"article-asset-image article-asset-normal article-asset-center\">\n<div class=\"asset-content\">\n                    <a rel=\"nofollow, sponsored, noopener, noreferrer\" target=\"_blank\" class=\"js-ecommerce\" id=\"link-ecommerce-3\" href=\"https:\/\/www.webedia-afilia.com\/redirect?url=https%3A%2F%2Fwww.lidl.es%2Fp%2Flivarno-carrito-de-almacenamiento%2Fp100407957&amp;category=seleccion&amp;site=xatakahome&amp;ecomPostExpiration=perish&amp;postId=125401\" data-vars-affiliate-url=\"https:\/\/www.lidl.es\/p\/livarno-carrito-de-almacenamiento\/p100407957\"><\/p>\n<p>    <img decoding=\"async\" alt=\"Carrito De Almacenamiento Livarno Lidl\" class=\"centro_sinmarco\" src=\"https:\/\/i.blogs.es\/9283c7\/carrito-de-almacenamiento-livarno-lidl\/450_1000.jpeg\"><br \/>\n     <\/a><\/p><\/div>\n<\/div>\n<p>La gran ventaja de este organizador radica en su <strong>formato ultracompacto<\/strong>, pensado para aprovechar esos espacios muertos que suelen quedar vac\u00edos entre la nevera y la pared, junto a la lavadora o al final de la encimera.<\/p>\n<p><!-- BREAK 3 --><\/p>\n<div class=\"article-asset article-asset-normal article-asset-center\">\n<div class=\"desvio-container\">\n<div class=\"desvio\">\n<div class=\"desvio-figure js-desvio-figure\">\n    <a href=\"https:\/\/www.xatakahome.com\/seleccion\/llega-a-lidl-viernes-4-septiembre-este-foco-solar-led-sensor-movimiento-15-99-euros-ideal-para-terrazas-patios\" class=\"pivot-outboundlink\" data-vars-post-title=\"Llega a Lidl el viernes 4 de septiembre este foco solar LED con sensor de movimiento por 16,99 euros: ideal para terrazas y patios\"><br \/>\n     <img loading=\"lazy\" decoding=\"async\" alt=\"Llega a Lidl el viernes 4 de septiembre este foco solar LED con sensor de movimiento por 16,99 euros: ideal para terrazas y patios\" width=\"375\" height=\"142\" src=\"https:\/\/i.blogs.es\/5f6846\/lidl-1-\/375_142.jpeg\"><br \/>\n    <\/a>\n   <\/div>\n<div class=\"desvio-summary\">\n<div class=\"desvio-taxonomy js-desvio-taxonomy\">\n     <a href=\"https:\/\/www.xatakahome.com\/seleccion\/llega-a-lidl-viernes-4-septiembre-este-foco-solar-led-sensor-movimiento-15-99-euros-ideal-para-terrazas-patios\" class=\"desvio-taxonomy-anchor pivot-outboundlink\" data-vars-post-title=\"Llega a Lidl el viernes 4 de septiembre este foco solar LED con sensor de movimiento por 16,99 euros: ideal para terrazas y patios\">En Xataka Smart Home<\/a>\n    <\/div>\n<p>    <a href=\"https:\/\/www.xatakahome.com\/seleccion\/llega-a-lidl-viernes-4-septiembre-este-foco-solar-led-sensor-movimiento-15-99-euros-ideal-para-terrazas-patios\" class=\"desvio-title js-desvio-title pivot-outboundlink\" data-vars-post-title=\"Llega a Lidl el viernes 4 de septiembre este foco solar LED con sensor de movimiento por 16,99 euros: ideal para terrazas y patios\">Llega a Lidl el viernes 4 de septiembre este foco solar LED con sensor de movimiento por 16,99 euros: ideal para terrazas y patios<\/a>\n   <\/div>\n<\/p><\/div>\n<\/p><\/div>\n<\/div>\n<p>Este carrito auxiliar destaca tambi\u00e9n por disponer de <strong>varios estantes<\/strong> para poder organizar desde frascos de especias y botes hasta productos de limpieza o pa\u00f1os de cocina. Adem\u00e1s, incorpora ruedas para poder moverlo f\u00e1cilmente.<\/p>\n<p><!-- BREAK 4 --><\/p>\n<p>Est\u00e1 disponible en dos colores (blanco y negro) y su balda superior soporta una carga m\u00e1xima de unos 2 kg, mientras que cada uno de los estantes inferiores es capaz de soportar 1 kg. Se trata, sin duda, de un accesorio perfecto para <strong>aprovechar el espacio en la cocina<\/strong> y poder tener todos los \u00fatiles bien organizados.<\/p>\n<div class=\"article-asset-table article-asset-normal\">\n<div class=\"asset-content\">\n<table class=\"tabla-datos\">\n<thead>\n<tr>\n<th class=\"align-left highlight-row\">\n<p>\u26a1 EN RESUMEN: carrito de almacenamiento livarno en lidl<\/p>\n<\/th>\n<\/tr>\n<\/thead>\n<tbody>\n<tr>\n<td class=\"align-left\">\n<p><strong>\u2705<\/strong><strong>\u00a0LO MEJOR<\/strong><\/p>\n<ul>\n<li><strong>Aprovechamiento de \u00abespacios muertos\u00bb:<\/strong> su formato ultraestrecho permite exprimir huecos de apenas 15 o 20 cm de ancho entre la nevera, la pared o la lavadora que normalmente quedar\u00edan desaprovechados.<\/li>\n<li><strong>Gran movilidad y estabilidad:<\/strong> las cuatro ruedas multidireccionales permiten extraerlo y esconderlo con suavidad como si fuera un caj\u00f3n extra.<\/li>\n<\/ul>\n<\/td>\n<\/tr>\n<tr>\n<td class=\"align-left\">\n<p><strong>\u274c LO PEOR<\/strong><\/p>\n<ul>\n<li><strong>Ancho limitado para objetos grandes&#8230;<\/strong> Su perfil estrecho no permite guardar ollas, sartenes grandes o paquetes de gran tama\u00f1o; est\u00e1 pensado estrictamente para botes, especias y envases estilizados.<\/li>\n<li><strong>Estructura ligera&#8230;<\/strong> Al estar fabricado con materiales livianos para facilitar su manejo, no soporta pesos excesivamente elevados.<\/li>\n<\/ul>\n<\/td>\n<\/tr>\n<tr>\n<td class=\"align-left\">\n<p><strong>\ud83d\udca1 C\u00d3MPRALO SI&#8230; <\/strong>Te faltan cajones o armarios y necesitas a\u00f1adir capacidad de almacenamiento extra sin hacer reformas ni gastar.<\/p>\n<\/td>\n<\/tr>\n<tr>\n<td class=\"align-left\">\n<p><strong>\u26d4 NO LO COMPRES SI&#8230;<\/strong> Buscas un carrito para poner encima la freidora de aire, el microondas o la cafetera, ya que este modelo es demasiado estrecho o inestable para ese uso.<\/p>\n<\/td>\n<\/tr>\n<\/tbody>\n<\/table><\/div>\n<\/div>\n<div class=\"article-asset article-asset-normal article-asset-center\">\n<div class=\"desvio-container\">\n<div class=\"desvio\">\n<div class=\"desvio-figure js-desvio-figure\">\n    <a href=\"https:\/\/www.xataka.com\/seleccion\/aldi-prepara-vuelta-a-rutina-lanza-este-sabado-tres-basicos-cocina-batidora-portatil-grill-freidora-aire-doble\" class=\"pivot-outboundlink\" target=\"_blank\" data-vars-post-title=\"Aldi prepara la vuelta a la rutina y lanza este s\u00e1bado tres b\u00e1sicos de cocina: batidora port\u00e1til, grill y freidora de aire doble\"><br \/>\n     <img loading=\"lazy\" decoding=\"async\" alt=\"Aldi prepara la vuelta a la rutina y lanza este s\u00e1bado tres b\u00e1sicos de cocina: batidora port\u00e1til, grill y freidora de aire doble\" width=\"375\" height=\"142\" src=\"https:\/\/i.blogs.es\/ad292b\/aldi-10-\/375_142.jpeg\"><br \/>\n    <\/a>\n   <\/div>\n<div class=\"desvio-summary\">\n<div class=\"desvio-taxonomy js-desvio-taxonomy\">\n     <a href=\"https:\/\/www.xataka.com\/seleccion\/aldi-prepara-vuelta-a-rutina-lanza-este-sabado-tres-basicos-cocina-batidora-portatil-grill-freidora-aire-doble\" class=\"desvio-taxonomy-anchor pivot-outboundlink m-crosspost\" target=\"_blank\" data-vars-post-title=\"Aldi prepara la vuelta a la rutina y lanza este s\u00e1bado tres b\u00e1sicos de cocina: batidora port\u00e1til, grill y freidora de aire doble\">En Xataka<\/a>\n    <\/div>\n<p>    <a href=\"https:\/\/www.xataka.com\/seleccion\/aldi-prepara-vuelta-a-rutina-lanza-este-sabado-tres-basicos-cocina-batidora-portatil-grill-freidora-aire-doble\" class=\"desvio-title js-desvio-title pivot-outboundlink\" target=\"_blank\" data-vars-post-title=\"Aldi prepara la vuelta a la rutina y lanza este s\u00e1bado tres b\u00e1sicos de cocina: batidora port\u00e1til, grill y freidora de aire doble\">Aldi prepara la vuelta a la rutina y lanza este s\u00e1bado tres b\u00e1sicos de cocina: batidora port\u00e1til, grill y freidora de aire doble<\/a>\n   <\/div>\n<\/p><\/div>\n<\/p><\/div>\n<\/div>\n<h2>Tambi\u00e9n te pueden interesar<\/h2>\n<p><include src=\"\/modules\/pivot-ecommerce\/31336?ecommerce_expiration=perish&amp;category=seleccion&amp;postId=125401&amp;post_type=normal\"><\/include><include src=\"\/modules\/pivot-ecommerce\/31337?ecommerce_expiration=perish&amp;category=seleccion&amp;postId=125401&amp;post_type=normal\"><\/include><\/p>\n<p><em>Nota: algunos de los enlaces aqu\u00ed publicados son de afiliados y pueden reportar un beneficio.<\/em><\/p>\n<p>Im\u00e1genes | Webedia y Livarno (Lidl)<\/p>\n<p>En Xataka Smart Home | <a href=\"https:\/\/www.xatakahome.com\/seleccion\/luces-led-solares-cual-comprar-consejos-recomendaciones-1\">Luces LED solares: \u00bfCu\u00e1l comprar? Consejos y recomendaciones<\/a><\/p>\n<p>En Xataka Smart Home | <a href=\"https:\/\/www.xatakahome.com\/guia-de-compra\/estas-soluciones-baratas-ikea-para-iluminar-cables-cajones-armarios-2\">Estas son las soluciones baratas de IKEA para iluminar sin cables los cajones y armarios<\/a><\/p>\n<p> &#8211; <br \/> La noticia<br \/>\n      <a href=\"https:\/\/www.xatakahome.com\/seleccion\/lidl-lanza-este-carrito-auxiliar-para-cocinas-pequenas-cuesta-25-euros-cualquier-sitio?utm_source=feedburner&amp;utm_medium=feed&amp;utm_campaign=03_Sep_2026\"><br \/>\n       <em> Lidl lanza este carrito auxiliar para cocinas peque\u00f1as: cuesta menos de 25 euros y cabe en cualquier sitio <\/em><br \/>\n      <\/a><br \/>\n      fue publicada originalmente en<br \/>\n      <a href=\"https:\/\/www.xatakahome.com\/?utm_source=feedburner&amp;utm_medium=feed&amp;utm_campaign=03_Sep_2026\"><br \/>\n       <strong> Xataka Smart Home <\/strong><br \/>\n      <\/a><br \/>\n             por<br \/>\n               <a href=\"https:\/\/www.xatakahome.com\/autor\/fran-leon?utm_source=feedburner&amp;utm_medium=feed&amp;utm_campaign=03_Sep_2026\"><br \/>\n        Fran Le\u00f3n<br \/>\n        <\/a><br \/>\n             . <\/p>\n<\/div>\n","protected":false},"excerpt":{"rendered":"<p>Optimizar cada cent\u00edmetro en cocinas de dimensiones reducidas es uno de los retos en los hogares actuales. Entre peque\u00f1os electrodom\u00e9sticos, especias y utensilios diarios, la superficie de la encimera suele saturarse r\u00e1pidamente. Para resolver esta falta de espacio sin comprometer las zonas de paso, Lidl incorpora a su cat\u00e1logo de hogar este carrito auxiliar de &hellip; <a href=\"https:\/\/domosistemas.com\/?p=34374\" class=\"more-link\">Sigue leyendo <span class=\"screen-reader-text\">Lidl lanza este carrito auxiliar para cocinas peque\u00f1as: cuesta menos de 25 euros y cabe en cualquier sitio<\/span><\/a><\/p>\n","protected":false},"author":1,"featured_media":0,"comment_status":"closed","ping_status":"closed","sticky":false,"template":"","format":"standard","meta":{"footnotes":""},"categories":[8],"tags":[],"class_list":["post-34374","post","type-post","status-publish","format-standard","hentry","category-xataka"],"_links":{"self":[{"href":"https:\/\/domosistemas.com\/index.php?rest_route=\/wp\/v2\/posts\/34374","targetHints":{"allow":["GET"]}}],"collection":[{"href":"https:\/\/domosistemas.com\/index.php?rest_route=\/wp\/v2\/posts"}],"about":[{"href":"https:\/\/domosistemas.com\/index.php?rest_route=\/wp\/v2\/types\/post"}],"author":[{"embeddable":true,"href":"https:\/\/domosistemas.com\/index.php?rest_route=\/wp\/v2\/users\/1"}],"replies":[{"embeddable":true,"href":"https:\/\/domosistemas.com\/index.php?rest_route=%2Fwp%2Fv2%2Fcomments&post=34374"}],"version-history":[{"count":0,"href":"https:\/\/domosistemas.com\/index.php?rest_route=\/wp\/v2\/posts\/34374\/revisions"}],"wp:attachment":[{"href":"https:\/\/domosistemas.com\/index.php?rest_route=%2Fwp%2Fv2%2Fmedia&parent=34374"}],"wp:term":[{"taxonomy":"category","embeddable":true,"href":"https:\/\/domosistemas.com\/index.php?rest_route=%2Fwp%2Fv2%2Fcategories&post=34374"},{"taxonomy":"post_tag","embeddable":true,"href":"https:\/\/domosistemas.com\/index.php?rest_route=%2Fwp%2Fv2%2Ftags&post=34374"}],"curies":[{"name":"wp","href":"https:\/\/api.w.org\/{rel}","templated":true}]}}