{"id":34377,"date":"2026-09-03T08:00:16","date_gmt":"2026-09-03T08:00:16","guid":{"rendered":"https:\/\/domosistemas.com\/?p=34377"},"modified":"2026-09-03T08:00:16","modified_gmt":"2026-09-03T08:00:16","slug":"galicia-se-adelanta-al-proximo-apagon-de-la-tdt-la-xunta-aconseja-resintonizar-los-canales-desde-hoy","status":"publish","type":"post","link":"https:\/\/domosistemas.com\/?p=34377","title":{"rendered":"Galicia se adelanta al pr\u00f3ximo apag\u00f3n de la TDT: la Xunta aconseja resintonizar los canales desde hoy"},"content":{"rendered":"<div>\n<p>\n     <img decoding=\"async\" src=\"https:\/\/i.blogs.es\/8167aa\/captura-de-pantalla-2026-09-03-a-las-7.29.19\/1024_2000.jpeg\" alt=\"Galicia se adelanta al pr\u00f3ximo apag\u00f3n de la TDT: la Xunta aconseja resintonizar los canales desde hoy\">\n    <\/p>\n<p>En unos tres meses, en Espa\u00f1a tendremos que afrontar un nuevo <a href=\"https:\/\/www.xatakahome.com\/servicios-de-smart-tv\/cambio-tdt-oficial-llega-noviembre-esto-que-necesitas-quieres-ver-nuevos-canales\">cambio en la TDT<\/a>. Si, de repente, <strong>a partir del 5 de noviembre<\/strong> enciendes la tele y la pantalla se queda en negro o te faltan varias <a href=\"https:\/\/www.xatakahome.com\/servicios-de-smart-tv\/hay-canales-tdt-que-a-veces-no-se-sintonizan-esta-web-gobierno-te-dice-problema-tu-antena\">cadenas habituales<\/a>, que no cunda el p\u00e1nico: tu aparato no se ha estropeado ni la antena se ha roto con el viento. Se trata simplemente de una nueva reordenaci\u00f3n del mapa televisivo que obligar\u00e1 a <a href=\"https:\/\/www.xatakahome.com\/a-fondo\/apagon-tdt-he-tenido-que-resintonizar-muchas-teles-tengo-claro-que-general-interfaz-peor-disenada-cualquier-sistema-operativo-moderno\">resintonizar<\/a> la se\u00f1al en nuestros hogares.<\/p>\n<p><!-- BREAK 1 --><\/p>\n<p>En esa fecha, adem\u00e1s de la <a href=\"https:\/\/www.xatakahome.com\/servicios-de-smart-tv\/tdt-cambia-otra-vez-llega-4k-nuevo-canal-esto-que-necesitas-para-seguir-viendola\">llegada de los canales en UHD<\/a> (nuevos canales en 4K, con RTVE, Atresmedia y Mediaset), se estrenar\u00e1 <a href=\"https:\/\/www.xatakahome.com\/servicios-de-smart-tv\/oficial-gobierno-aprueba-nueva-cadena-tv-que-podras-ver-gratis-tdt-asi-sera-siete\">una nueva cadena televisiva<\/a>: La S\u00e9ptima.<strong> Tocar\u00e1 resintonizar<\/strong> y, poco a poco, los distintos territorios se van preparando. Lo vimos con <a href=\"https:\/\/www.xatakahome.com\/servicios-de-smart-tv\/118-localidades-rioja-ver-tdt-depende-red-alternativa-mantenerla-costara-6-4-millones\">La Rioja<\/a> y en Galicia ya se est\u00e1n anticipando.<\/p>\n<p><!-- BREAK 2 --><\/p>\n<h2>Sintonizar otra vez<\/h2>\n<div class=\"article-asset-image article-asset-large article-asset-center\">\n<div class=\"asset-content\">\n<p>   <img decoding=\"async\" alt=\"Mando Hotel\" class=\"centro_sinmarco\" src=\"https:\/\/i.blogs.es\/709d21\/mando-hotel\/450_1000.jpeg\"><\/p><\/div>\n<\/div>\n<p>Galicia es una de las primeras comunidades aut\u00f3nomas que <a rel=\"noopener, noreferrer\" href=\"https:\/\/www.farodevigo.es\/deza-tabeiros-montes\/2026\/08\/28\/zonas-estrada-tendran-resintonizar-televisores-133743621.html\">se ha puesto manos a la obra<\/a>. Para asegurarse de que no haya <a href=\"https:\/\/www.xatakahome.com\/a-fondo\/no-puedo-sintonizar-bien-canales-tdt-mi-tele-estas-causas-habituales-sus-soluciones\">ning\u00fan problema<\/a> cuando llegue la fecha fijada,<strong> ya est\u00e1 recomendando<\/strong> a sus ciudadanos que comiencen a prepararse.<\/p>\n<p><!-- BREAK 3 --><\/p>\n<p>Para el nuevo despliegue har\u00e1 falta una infraestructura renovada y, en este sentido, la Xunta de Galicia ya est\u00e1 trabajando en los cambios necesarios para llevar la nueva se\u00f1al a los usuarios. Est\u00e1 actuando en los centros de extensi\u00f3n de cobertura de Arca, Ouzande y Ponte Ulla. Este \u00faltimo tambi\u00e9n es responsable de la se\u00f1al de algunas zonas de A Estrada.<\/p>\n<p><!-- BREAK 4 --><\/p>\n<p>El concejal de Nuevas Tecnolog\u00edas de A Estrada, Manuel Magari\u00f1os, <a rel=\"noopener, noreferrer\" href=\"https:\/\/www.lavozdegalicia.es\/noticia\/deza\/2026\/08\/29\/cambio-tdt-obligara-resintonizar-televisores-zonas-estrada\/0003_202608D29C6992.htm\">ha explicado que<\/a>\u00a0<em>\u201csi tras el cambio algunos canales dejan de aparecer en la televisi\u00f3n,<\/em><em>\u00a0<\/em><em>no debemos pensar que el televisor est\u00e1 averiado o que la antena ha dejado de funcionar<\/em><em>. Simplemente han cambiado las frecuencias por las que se reciben esos canales\u201d<\/em>.<\/p>\n<p><!-- BREAK 5 --><\/p>\n<p>Varios ayuntamientos <strong>ya est\u00e1n alertando a sus vecinos<\/strong> sobre estos primeros desajustes locales, pero la soluci\u00f3n suele estar al alcance del mando a distancia. No hay que preocuparse porque todos los canales volver\u00e1n a aparecer, aunque probablemente lo hagan desordenados.<\/p>\n<p><!-- BREAK 6 --><\/p>\n<div class=\"article-asset article-asset-normal article-asset-center\">\n<div class=\"desvio-container\">\n<div class=\"desvio\">\n<div class=\"desvio-figure js-desvio-figure\">\n    <a href=\"https:\/\/www.xatakahome.com\/televisores\/has-notado-que-tdt-se-ve-peor-se-pixela-desaparecen-canales-verano-este-motivo-probable-como-solucionarlo\" class=\"pivot-outboundlink\" data-vars-post-title=\"Si has notado que la TDT se ve peor, se pixela o desaparecen canales en verano, este es el motivo m\u00e1s probable y c\u00f3mo solucionarlo \"><br \/>\n     <img loading=\"lazy\" decoding=\"async\" alt=\"Si has notado que la TDT se ve peor, se pixela o desaparecen canales en verano, este es el motivo m\u00e1s probable y c\u00f3mo solucionarlo \" width=\"375\" height=\"142\" src=\"https:\/\/i.blogs.es\/9d07ba\/pexels-koolshooters-6977377\/375_142.jpeg\"><br \/>\n    <\/a>\n   <\/div>\n<div class=\"desvio-summary\">\n<div class=\"desvio-taxonomy js-desvio-taxonomy\">\n     <a href=\"https:\/\/www.xatakahome.com\/televisores\/has-notado-que-tdt-se-ve-peor-se-pixela-desaparecen-canales-verano-este-motivo-probable-como-solucionarlo\" class=\"desvio-taxonomy-anchor pivot-outboundlink\" data-vars-post-title=\"Si has notado que la TDT se ve peor, se pixela o desaparecen canales en verano, este es el motivo m\u00e1s probable y c\u00f3mo solucionarlo \">En Xataka Smart Home<\/a>\n    <\/div>\n<p>    <a href=\"https:\/\/www.xatakahome.com\/televisores\/has-notado-que-tdt-se-ve-peor-se-pixela-desaparecen-canales-verano-este-motivo-probable-como-solucionarlo\" class=\"desvio-title js-desvio-title pivot-outboundlink\" data-vars-post-title=\"Si has notado que la TDT se ve peor, se pixela o desaparecen canales en verano, este es el motivo m\u00e1s probable y c\u00f3mo solucionarlo \">Si has notado que la TDT se ve peor, se pixela o desaparecen canales en verano, este es el motivo m\u00e1s probable y c\u00f3mo solucionarlo <\/a>\n   <\/div>\n<\/p><\/div>\n<\/p><\/div>\n<\/div>\n<p>Para evitar este problema, hay que realizar una <a href=\"https:\/\/www.xatakahome.com\/servicios-de-smart-tv\/como-sintonizar-canales-tdt-morir-intento\">b\u00fasqueda autom\u00e1tica<\/a>. Para ello, basta con <strong>entrar en los ajustes de configuraci\u00f3n<\/strong> del televisor y activar el escaneo autom\u00e1tico de canales. Con este simple barrido, el aparato localizar\u00e1 las nuevas frecuencias.<\/p>\n<p><!-- BREAK 7 --><\/p>\n<p>Tras hacerlo <strong>aparecer\u00e1n todos los canales<\/strong>, pero pueden estar desordenados, por lo que tocar\u00e1 colocarlos de nuevo. Habr\u00e1 que armarse de paciencia, aunque, seg\u00fan el modelo de televisor, <a href=\"https:\/\/www.xatakahome.com\/tutoriales\/ordenar-todos-canales-tdt-segundos-mando-a-distancia-solo-he-necesitado-pendrive-ordenador\">existen sistemas para hacerlo<\/a> en mucho menos tiempo.<\/p>\n<p><!-- BREAK 8 --><\/p>\n<p>Si tras la b\u00fasqueda sigues sin se\u00f1al, el origen puede estar en la propia instalaci\u00f3n de antena. En viviendas unifamiliares <strong>conviene comprobar el cableado exterior<\/strong>; si vives en un edificio, es posible que la comunidad deba solicitar a un antenista la adaptaci\u00f3n de los m\u00f3dulos de la instalaci\u00f3n colectiva.<\/p>\n<p><!-- BREAK 9 --><\/p>\n<h2>A partir del 5 de noviembre<\/h2>\n<div class=\"article-asset-image article-asset-large article-asset-center\">\n<div class=\"asset-content\">\n<p>   <img decoding=\"async\" alt=\"TDT\" class=\"centro_sinmarco\" src=\"https:\/\/i.blogs.es\/26d7b4\/captura-de-pantalla-2026-09-03-a-las-7.28.34\/450_1000.jpeg\"><\/p><\/div>\n<\/div>\n<p>Esta fase inicial de ajustes t\u00e9cnicos prepara el terreno para el gran cambio a nivel nacional fijado para la <strong>madrugada del 5 de noviembre de 2026<\/strong>. A partir de esa fecha, las emisiones en Espa\u00f1a dar\u00e1n el salto definitivo al est\u00e1ndar tecnol\u00f3gico <a href=\"https:\/\/www.xatakahome.com\/a-fondo\/que-estandar-dvb-t2-que-interesante-cara-al-futuro-vas-a-comprar-sintonizador-externo\">DVB-T2<\/a>, acr\u00f3nimo en ingl\u00e9s de Digital Video Broadcasting (Difusi\u00f3n de V\u00eddeo Digital).<\/p>\n<p><!-- BREAK 10 --><\/p>\n<div class=\"article-asset article-asset-normal article-asset-center\">\n<div class=\"desvio-container\">\n<div class=\"desvio\">\n<div class=\"desvio-figure js-desvio-figure\">\n    <a href=\"https:\/\/www.xatakahome.com\/a-fondo\/tdt-cambia-muy-poco-tiempo-quieres-seguir-viendola-debes-buscar-esta-tecnologia-tu-tele\" class=\"pivot-outboundlink\" data-vars-post-title=\"La TDT cambia en muy poco tiempo. Si quieres seguir vi\u00e9ndola debes buscar esta tecnolog\u00eda en tu tele\"><br \/>\n     <img loading=\"lazy\" decoding=\"async\" alt=\"La TDT cambia en muy poco tiempo. Si quieres seguir vi\u00e9ndola debes buscar esta tecnolog\u00eda en tu tele\" width=\"375\" height=\"142\" src=\"https:\/\/i.blogs.es\/805884\/tdt\/375_142.jpeg\"><br \/>\n    <\/a>\n   <\/div>\n<div class=\"desvio-summary\">\n<div class=\"desvio-taxonomy js-desvio-taxonomy\">\n     <a href=\"https:\/\/www.xatakahome.com\/a-fondo\/tdt-cambia-muy-poco-tiempo-quieres-seguir-viendola-debes-buscar-esta-tecnologia-tu-tele\" class=\"desvio-taxonomy-anchor pivot-outboundlink\" data-vars-post-title=\"La TDT cambia en muy poco tiempo. Si quieres seguir vi\u00e9ndola debes buscar esta tecnolog\u00eda en tu tele\">En Xataka Smart Home<\/a>\n    <\/div>\n<p>    <a href=\"https:\/\/www.xatakahome.com\/a-fondo\/tdt-cambia-muy-poco-tiempo-quieres-seguir-viendola-debes-buscar-esta-tecnologia-tu-tele\" class=\"desvio-title js-desvio-title pivot-outboundlink\" data-vars-post-title=\"La TDT cambia en muy poco tiempo. Si quieres seguir vi\u00e9ndola debes buscar esta tecnolog\u00eda en tu tele\">La TDT cambia en muy poco tiempo. Si quieres seguir vi\u00e9ndola debes buscar esta tecnolog\u00eda en tu tele<\/a>\n   <\/div>\n<\/p><\/div>\n<\/p><\/div>\n<\/div>\n<p>Aqu\u00ed es donde debes tener claro si tu equipo est\u00e1 preparado para recibir las nuevas se\u00f1ales. <strong>Y pueden darse dos casos:<\/strong><\/p>\n<ul>\n<li><strong>Si compraste tu televisor de 2017 en adelante.<\/strong> Pr\u00e1cticamente todos los modelos comercializados desde entonces incorporan de f\u00e1brica un sintonizador compatible con DVB-T2. En tu caso, bastar\u00e1 con realizar una resintonizaci\u00f3n cuando llegue la fecha.<\/li>\n<li><strong>Si tienes una pantalla m\u00e1s veterana.<\/strong> Si el televisor no admite esta tecnolog\u00eda, no es obligatorio jubilarlo. Bastar\u00e1 con a\u00f1adirle un descodificador externo compatible con DVB-T2 \u2014un dispositivo econ\u00f3mico que se conecta por HDMI\u2014 o, si la cadena ofrece esa alternativa, continuar vi\u00e9ndola en alta definici\u00f3n convencional.<\/li>\n<\/ul>\n<p>\u00bfQu\u00e9 ganas con todo esto? Principalmente, un salto notable en definici\u00f3n de imagen y calidad de sonido, permitiendo que grupos como RTVE, Atresmedia o Mediaset puedan emitir de forma generalizada y estable en ultra alta definici\u00f3n (UHD\/4K).<\/p>\n<p>En Xataka SmartHome |\u00a0<a href=\"https:\/\/www.xatakahome.com\/televisores\/modo-eco-tu-tele-puede-ser-tu-mejor-aliado-tu-peor-pesadilla-cuando-conviene-activarlo-cuando-mejor-dejarlo-apagado\">El modo \u00abECO\u00bb de tu Smart TV puede ser la causa de que no la est\u00e9s aprovechando al 100 %. Cu\u00e1ndo es mejor dejarlo apagado<\/a><\/p>\n<p> &#8211; <br \/> La noticia<br \/>\n      <a href=\"https:\/\/www.xatakahome.com\/servicios-de-smart-tv\/galicia-se-adelanta-al-proximo-apagon-tdt-xunta-aconseja-resintonizar-canales-hoy?utm_source=feedburner&amp;utm_medium=feed&amp;utm_campaign=03_Sep_2026\"><br \/>\n       <em> Galicia se adelanta al pr\u00f3ximo apag\u00f3n de la TDT: la Xunta aconseja resintonizar los canales desde hoy <\/em><br \/>\n      <\/a><br \/>\n      fue publicada originalmente en<br \/>\n      <a href=\"https:\/\/www.xatakahome.com\/?utm_source=feedburner&amp;utm_medium=feed&amp;utm_campaign=03_Sep_2026\"><br \/>\n       <strong> Xataka Smart Home <\/strong><br \/>\n      <\/a><br \/>\n             por<br \/>\n               <a href=\"https:\/\/www.xatakahome.com\/autor\/jose-antonio-carmona?utm_source=feedburner&amp;utm_medium=feed&amp;utm_campaign=03_Sep_2026\"><br \/>\n        Jose Antonio Carmona<br \/>\n        <\/a><br \/>\n             . <\/p>\n<\/div>\n","protected":false},"excerpt":{"rendered":"<p>En unos tres meses, en Espa\u00f1a tendremos que afrontar un nuevo cambio en la TDT. Si, de repente, a partir del 5 de noviembre enciendes la tele y la pantalla se queda en negro o te faltan varias cadenas habituales, que no cunda el p\u00e1nico: tu aparato no se ha estropeado ni la antena se &hellip; <a href=\"https:\/\/domosistemas.com\/?p=34377\" class=\"more-link\">Sigue leyendo <span class=\"screen-reader-text\">Galicia se adelanta al pr\u00f3ximo apag\u00f3n de la TDT: la Xunta aconseja resintonizar los canales desde hoy<\/span><\/a><\/p>\n","protected":false},"author":1,"featured_media":0,"comment_status":"closed","ping_status":"closed","sticky":false,"template":"","format":"standard","meta":{"footnotes":""},"categories":[8],"tags":[],"class_list":["post-34377","post","type-post","status-publish","format-standard","hentry","category-xataka"],"_links":{"self":[{"href":"https:\/\/domosistemas.com\/index.php?rest_route=\/wp\/v2\/posts\/34377","targetHints":{"allow":["GET"]}}],"collection":[{"href":"https:\/\/domosistemas.com\/index.php?rest_route=\/wp\/v2\/posts"}],"about":[{"href":"https:\/\/domosistemas.com\/index.php?rest_route=\/wp\/v2\/types\/post"}],"author":[{"embeddable":true,"href":"https:\/\/domosistemas.com\/index.php?rest_route=\/wp\/v2\/users\/1"}],"replies":[{"embeddable":true,"href":"https:\/\/domosistemas.com\/index.php?rest_route=%2Fwp%2Fv2%2Fcomments&post=34377"}],"version-history":[{"count":0,"href":"https:\/\/domosistemas.com\/index.php?rest_route=\/wp\/v2\/posts\/34377\/revisions"}],"wp:attachment":[{"href":"https:\/\/domosistemas.com\/index.php?rest_route=%2Fwp%2Fv2%2Fmedia&parent=34377"}],"wp:term":[{"taxonomy":"category","embeddable":true,"href":"https:\/\/domosistemas.com\/index.php?rest_route=%2Fwp%2Fv2%2Fcategories&post=34377"},{"taxonomy":"post_tag","embeddable":true,"href":"https:\/\/domosistemas.com\/index.php?rest_route=%2Fwp%2Fv2%2Ftags&post=34377"}],"curies":[{"name":"wp","href":"https:\/\/api.w.org\/{rel}","templated":true}]}}