{"id":34378,"date":"2026-09-03T09:00:16","date_gmt":"2026-09-03T09:00:16","guid":{"rendered":"https:\/\/domosistemas.com\/?p=34378"},"modified":"2026-09-03T09:00:16","modified_gmt":"2026-09-03T09:00:16","slug":"que-tu-aire-acondicionado-huela-mal-al-final-del-verano-puede-esconder-problemas-mas-serios-esto-es-lo-que-recomiendan-los-expertos","status":"publish","type":"post","link":"https:\/\/domosistemas.com\/?p=34378","title":{"rendered":"Que tu aire acondicionado huela mal al final del verano puede esconder problemas m\u00e1s serios. Esto es lo que recomiendan los expertos"},"content":{"rendered":"<div>\n<p>\n     <img decoding=\"async\" src=\"https:\/\/i.blogs.es\/b70d30\/1366_2000jotafiltros\/1024_2000.jpeg\" alt=\"Que tu aire acondicionado huela mal al final del verano puede esconder problemas m\u00e1s serios. Esto es lo que recomiendan los expertos \">\n    <\/p>\n<p>Si hay un problema recurrente cuando tienes <strong>aire acondicionado<\/strong> en casa y lo enciendes con cierta frecuencia ese es el de los <strong>malos olores<\/strong> generados por el aparato tras unos d\u00edas o semanas de uso.\u00a0<\/p>\n<p><!-- BREAK 1 --><\/p>\n<p>Es tan normal que hasta puedes acostumbrarte a ese t\u00edpico aroma con notas a vinagre, humedad o moho, pero la verdad es que puede ocasionar <strong>problemas m\u00e1s serios<\/strong> que un olor desagradable.<\/p>\n<p><!-- BREAK 2 --><\/p>\n<div class=\"article-asset article-asset-normal article-asset-center\">\n<div class=\"desvio-container\">\n<div class=\"desvio\">\n<div class=\"desvio-figure js-desvio-figure\">\n    <a href=\"https:\/\/www.xatakahome.com\/a-fondo\/quiero-poner-aire-acondicionado-casa-que-potencia-refrigeracion-necesito-cada-habitacion-para-estar-fresquito-ahorrar-luz-1\" class=\"pivot-outboundlink\" data-vars-post-title=\"Quiero poner aire acondicionado en casa: qu\u00e9 potencia de refrigeraci\u00f3n necesito en cada habitaci\u00f3n para estar fresquito y ahorrar luz \"><br \/>\n     <img loading=\"lazy\" decoding=\"async\" alt=\"Quiero poner aire acondicionado en casa: qu\u00e9 potencia de refrigeraci\u00f3n necesito en cada habitaci\u00f3n para estar fresquito y ahorrar luz \" width=\"375\" height=\"142\" src=\"https:\/\/i.blogs.es\/06ed71\/1366_2000lag\/375_142.jpeg\"><br \/>\n    <\/a>\n   <\/div>\n<div class=\"desvio-summary\">\n<div class=\"desvio-taxonomy js-desvio-taxonomy\">\n     <a href=\"https:\/\/www.xatakahome.com\/a-fondo\/quiero-poner-aire-acondicionado-casa-que-potencia-refrigeracion-necesito-cada-habitacion-para-estar-fresquito-ahorrar-luz-1\" class=\"desvio-taxonomy-anchor pivot-outboundlink\" data-vars-post-title=\"Quiero poner aire acondicionado en casa: qu\u00e9 potencia de refrigeraci\u00f3n necesito en cada habitaci\u00f3n para estar fresquito y ahorrar luz \">En Xataka Smart Home<\/a>\n    <\/div>\n<p>    <a href=\"https:\/\/www.xatakahome.com\/a-fondo\/quiero-poner-aire-acondicionado-casa-que-potencia-refrigeracion-necesito-cada-habitacion-para-estar-fresquito-ahorrar-luz-1\" class=\"desvio-title js-desvio-title pivot-outboundlink\" data-vars-post-title=\"Quiero poner aire acondicionado en casa: qu\u00e9 potencia de refrigeraci\u00f3n necesito en cada habitaci\u00f3n para estar fresquito y ahorrar luz \">Quiero poner aire acondicionado en casa: qu\u00e9 potencia de refrigeraci\u00f3n necesito en cada habitaci\u00f3n para estar fresquito y ahorrar luz <\/a>\n   <\/div>\n<\/p><\/div>\n<\/p><\/div>\n<\/div>\n<h2>Por qu\u00e9 mi aire acondicionado huele mal<\/h2>\n<p>Lo primero que hay que dejar claro es que no, el aire acondicionado <strong>no tendr\u00eda por qu\u00e9 oler mal<\/strong>, y si lo hace, como <a rel=\"noopener, noreferrer\" href=\"https:\/\/www.theguardian.com\/wellness\/article\/2024\/aug\/05\/how-to-choose-clean-ac-units-tips\">explican varios expertos<\/a> en The Guardian, es que algo est\u00e1 mal. Adem\u00e1s, no se trata solo de un asunto de confort, de que nos resulte m\u00e1s o menos desagradable, puede haber consecuencias para la salud si no le ponemos remedio.<\/p>\n<p><strong>\u00bfPor qu\u00e9 se producen estos olores?<\/strong> Pues hay varios motivos, pero en general <a rel=\"noopener, noreferrer\" href=\"https:\/\/www.theguardian.com\/wellness\/article\/2024\/aug\/05\/how-to-choose-clean-ac-units-tips\">seg\u00fan explica<\/a> para el medio brit\u00e1nico Amy Li, profesora en la Universidad de Waterloo e investigadora de la calidad del aire en interiores, se debe a la <strong>acumulaci\u00f3n de moho o suciedad<\/strong> en los filtros o bobinas del equipo.<\/p>\n<p><!-- BREAK 3 --><\/p>\n<p>Cada vez que el aire pasa por el serpent\u00edn fr\u00edo se condensa el vapor de agua y si ese agua no drena bien (y aunque drene bien siempre quedan restos) queda estancada y se convierte en un caldo perfecto para <strong>bacterias y hongos<\/strong>. Y s\u00ed, de ah\u00ed vienen esos olores, como <a rel=\"noopener, noreferrer\" href=\"https:\/\/www.bosch-homecomfort.com\/es\/es\/conocimiento\/aire-acondicionado\/por-que-huele-mal-el-aire-acondicionado\/\">han detallado<\/a> desde Bosch o <a rel=\"noopener, noreferrer\" href=\"https:\/\/www.mitsubishielectric.es\/aire-acondicionado\/blog\/aire-acondicionado-y-bomba-de-calor\/como-eliminar-el-mal-olor-del-aire-acondicionado-causas-y-soluciones\/\">desde Mitsubishi<\/a>.<\/p>\n<p><!-- BREAK 4 --><\/p>\n<p>Y como podemos imaginar, tener colonias de<strong> moho, bacterias y hongos <\/strong>campando a sus anchas por el aparato no es precisamente lo m\u00e1s saludable del mundo, ya que puede ayudar a <strong>extender enfermedades<\/strong> entre los distintos miembros de la familia que est\u00e9n en la sala, o agravar patolog\u00edas como alergias.<\/p>\n<p><!-- BREAK 5 --><\/p>\n<div class=\"article-asset-image article-asset-normal article-asset-center\">\n<div class=\"asset-content\">\n<div class=\"caption-img \">\n<p>   <img decoding=\"async\" alt=\"Aire acondicionado\" class=\"centro_sinmarco\" src=\"https:\/\/i.blogs.es\/c44a0a\/1366_2000filtros-jota\/450_1000.jpeg\"><\/p>\n<p>        <span>Imagen: Jos\u00e9 Antonio Carmona<\/span>\n   <\/div>\n<\/p><\/div>\n<\/div>\n<p>Adem\u00e1s, como <a rel=\"noopener, noreferrer\" href=\"https:\/\/www.mitsubishielectric.es\/aire-acondicionado\/blog\/aire-acondicionado-y-bomba-de-calor\/como-eliminar-el-mal-olor-del-aire-acondicionado-causas-y-soluciones\/\">explican desde Mitsubishi<\/a>, la acumulaci\u00f3n de suciedad, moho o biofilm en el evaporador y los filtros dificulta el paso del aire y reduce la eficiencia del intercambio t\u00e9rmico. Esto obliga al equipo a trabajar durante m\u00e1s tiempo y con mayor esfuerzo para alcanzar la temperatura programada, lo que <strong>incrementa el consumo de energ\u00eda<\/strong> y el coste de la factura el\u00e9ctrica.<\/p>\n<p><!-- BREAK 6 --><\/p>\n<p><strong>\u00bfC\u00f3mo evito todos estos olores y contaminaci\u00f3n del aire?<\/strong> Pues b\u00e1sicamente hay dos formas de hacerlo: limpiar los filtros y desinfectar la bandeja de condensaci\u00f3n como <a href=\"https:\/\/www.xatakahome.com\/hogar\/enciendo-aire-acondicionado-huele-mal-estos-consejos-bosch-para-acabar-ellos\">recomiendan los fabricantes<\/a> y <a href=\"https:\/\/www.xatakahome.com\/hogar\/tiempo-minimo-que-hay-que-ventilar-casa-para-tener-buena-salud-no-derrochar-aire-acondicionado-durante-verano\">ventilar la casa a diario<\/a> para renovar el aire de su interior.<\/p>\n<p><!-- BREAK 7 --><\/p>\n<p>Por ejemplo, en cuanto a los filtros, podemos lavarlos con <strong>agua tibia y jab\u00f3n neutro<\/strong> y secarlos por completo antes de volver a colocarlos. Para olores persistentes habr\u00e1 que usa productos desinfectantes espec\u00edficos para climatizaci\u00f3n que eliminen bacterias y hongos sin da\u00f1ar el material de la bandeja de condensaci\u00f3n.<\/p>\n<p><!-- BREAK 8 --><\/p>\n<p>Otro truco que podemos probar es el de, cuando vayamos a apagar el aparato cada d\u00eda, en lugar de hacerlo ponerlo a <strong>funcionar unos 10 minutos en modo ventilador<\/strong>. Esto permitir\u00e1 que se sequen mejor los diferentes elementos internos de la m\u00e1quina de forma r\u00e1pida evitando que la humedad quede estancada y favorezca la aparici\u00f3n de moho.<\/p>\n<p><!-- BREAK 9 --><\/p>\n<p>Imagen portada | Jos\u00e9 Antonio Carmona<\/p>\n<p>En Xataka Smart Home | <a href=\"https:\/\/www.xatakahome.com\/electrodomesticos-innovadores\/que-distingue-a-aire-acondicionado-barato-uno-caro-que-fijarse-al-elegir-nuestro-modelo-ideal\">Qu\u00e9 distingue a un aire acondicionado barato de uno caro y en qu\u00e9 fijarse al elegir nuestro modelo ideal<\/a><\/p>\n<p> &#8211; <br \/> La noticia<br \/>\n      <a href=\"https:\/\/www.xatakahome.com\/hogar\/que-tu-aire-acondicionado-huela-mal-al-final-verano-puede-esconder-problemas-serios-esto-que-recomiendan-expertos?utm_source=feedburner&amp;utm_medium=feed&amp;utm_campaign=03_Sep_2026\"><br \/>\n       <em> Que tu aire acondicionado huela mal al final del verano puede esconder problemas m\u00e1s serios. Esto es lo que recomiendan los expertos  <\/em><br \/>\n      <\/a><br \/>\n      fue publicada originalmente en<br \/>\n      <a href=\"https:\/\/www.xatakahome.com\/?utm_source=feedburner&amp;utm_medium=feed&amp;utm_campaign=03_Sep_2026\"><br \/>\n       <strong> Xataka Smart Home <\/strong><br \/>\n      <\/a><br \/>\n             por<br \/>\n               <a href=\"https:\/\/www.xatakahome.com\/autor\/paco-rodriguez?utm_source=feedburner&amp;utm_medium=feed&amp;utm_campaign=03_Sep_2026\"><br \/>\n        Paco Rodr\u00edguez<br \/>\n        <\/a><br \/>\n             . <\/p>\n<\/div>\n","protected":false},"excerpt":{"rendered":"<p>Si hay un problema recurrente cuando tienes aire acondicionado en casa y lo enciendes con cierta frecuencia ese es el de los malos olores generados por el aparato tras unos d\u00edas o semanas de uso.\u00a0 Es tan normal que hasta puedes acostumbrarte a ese t\u00edpico aroma con notas a vinagre, humedad o moho, pero la &hellip; <a href=\"https:\/\/domosistemas.com\/?p=34378\" class=\"more-link\">Sigue leyendo <span class=\"screen-reader-text\">Que tu aire acondicionado huela mal al final del verano puede esconder problemas m\u00e1s serios. Esto es lo que recomiendan los expertos<\/span><\/a><\/p>\n","protected":false},"author":1,"featured_media":0,"comment_status":"closed","ping_status":"closed","sticky":false,"template":"","format":"standard","meta":{"footnotes":""},"categories":[8],"tags":[],"class_list":["post-34378","post","type-post","status-publish","format-standard","hentry","category-xataka"],"_links":{"self":[{"href":"https:\/\/domosistemas.com\/index.php?rest_route=\/wp\/v2\/posts\/34378","targetHints":{"allow":["GET"]}}],"collection":[{"href":"https:\/\/domosistemas.com\/index.php?rest_route=\/wp\/v2\/posts"}],"about":[{"href":"https:\/\/domosistemas.com\/index.php?rest_route=\/wp\/v2\/types\/post"}],"author":[{"embeddable":true,"href":"https:\/\/domosistemas.com\/index.php?rest_route=\/wp\/v2\/users\/1"}],"replies":[{"embeddable":true,"href":"https:\/\/domosistemas.com\/index.php?rest_route=%2Fwp%2Fv2%2Fcomments&post=34378"}],"version-history":[{"count":0,"href":"https:\/\/domosistemas.com\/index.php?rest_route=\/wp\/v2\/posts\/34378\/revisions"}],"wp:attachment":[{"href":"https:\/\/domosistemas.com\/index.php?rest_route=%2Fwp%2Fv2%2Fmedia&parent=34378"}],"wp:term":[{"taxonomy":"category","embeddable":true,"href":"https:\/\/domosistemas.com\/index.php?rest_route=%2Fwp%2Fv2%2Fcategories&post=34378"},{"taxonomy":"post_tag","embeddable":true,"href":"https:\/\/domosistemas.com\/index.php?rest_route=%2Fwp%2Fv2%2Ftags&post=34378"}],"curies":[{"name":"wp","href":"https:\/\/api.w.org\/{rel}","templated":true}]}}