{"id":34396,"date":"2026-09-04T07:00:26","date_gmt":"2026-09-04T07:00:26","guid":{"rendered":"https:\/\/domosistemas.com\/?p=34396"},"modified":"2026-09-04T07:00:26","modified_gmt":"2026-09-04T07:00:26","slug":"tcl-presenta-su-nueva-gama-de-electrodomesticos-mas-espacio-en-el-frigorifico-lavado-con-ia-y-aire-acondicionado-con-control-por-voz","status":"publish","type":"post","link":"https:\/\/domosistemas.com\/?p=34396","title":{"rendered":"TCL presenta su nueva gama de electrodom\u00e9sticos: m\u00e1s espacio en el frigor\u00edfico, lavado con IA y aire acondicionado con control por voz"},"content":{"rendered":"<div>\n<p>\n     <img decoding=\"async\" src=\"https:\/\/i.blogs.es\/548372\/tcl-free-built-in-upright-fridge-upright-freezer-pair\/1024_2000.png\" alt=\"TCL presenta su nueva gama de electrodom\u00e9sticos: m\u00e1s espacio en el frigor\u00edfico, lavado con IA y aire acondicionado con control por voz\">\n    <\/p>\n<p>IFA 2026 est\u00e1 sirviendo para conocer buena parte de los dispositivos y electrodom\u00e9sticos que llegar\u00e1n al mercado durante los pr\u00f3ximos meses. Una de las marcas que ha aprovechado la feria para ense\u00f1ar sus novedades ha sido TCL, que <strong>ha renovado buena parte de su cat\u00e1logo<\/strong> para el hogar conectado.<\/p>\n<p><!-- BREAK 1 --><\/p>\n<p>Entre las novedades encontramos nuevos <strong>frigor\u00edficos, lavadoras, secadoras y equipos de aire acondicionado<\/strong>. Productos que apuestan sobre todo por aprovechar mejor el espacio disponible, reducir el consumo energ\u00e9tico y automatizar algunas de las tareas que hacemos a diario en casa.<\/p>\n<p><!-- BREAK 2 --><\/p>\n<div class=\"toc-container article-asset-normal\">\n<details>\n<summary class=\"toc-header \">\n   <span class=\"toc-heading\"><br \/>\n    <span>\u00cdndice de Contenidos (8)<\/span><br \/>\n   <\/span><br \/>\n   <span class=\"icon-folded\"><\/span><br \/>\n  <\/summary>\n<\/details>\n<div class=\"toc-list-wrap \">\n<div class=\"toc-list-item\">\n<ul class=\"toc-list\">\n<li class=\"toc-item\">\n       <a href=\"https:\/\/www.xatakahome.com\/electrodomesticos-innovadores\/tcl-presenta-su-nueva-gama-electrodomesticos-espacio-frigorifico-lavado-ia-aire-acondicionado-control-voz#tcl-mega-space-series-1\" class=\"toc-item-link\">TCL Mega Space Series<\/a>\n      <\/li>\n<li class=\"toc-item\">\n       <a href=\"https:\/\/www.xatakahome.com\/electrodomesticos-innovadores\/tcl-presenta-su-nueva-gama-electrodomesticos-espacio-frigorifico-lavado-ia-aire-acondicionado-control-voz#tcl-dual-cooling-fridge-2\" class=\"toc-item-link\">TCL Dual Cooling Fridge<\/a>\n      <\/li>\n<li class=\"toc-item\">\n       <a href=\"https:\/\/www.xatakahome.com\/electrodomesticos-innovadores\/tcl-presenta-su-nueva-gama-electrodomesticos-espacio-frigorifico-lavado-ia-aire-acondicionado-control-voz#tcl-free-built-in-3\" class=\"toc-item-link\">TCL Free Built-in<\/a>\n      <\/li>\n<li class=\"toc-item\">\n       <a href=\"https:\/\/www.xatakahome.com\/electrodomesticos-innovadores\/tcl-presenta-su-nueva-gama-electrodomesticos-espacio-frigorifico-lavado-ia-aire-acondicionado-control-voz#tcl-flexi-series-4\" class=\"toc-item-link\">TCL Flexi Series<\/a>\n      <\/li>\n<li class=\"toc-item\">\n       <a href=\"https:\/\/www.xatakahome.com\/electrodomesticos-innovadores\/tcl-presenta-su-nueva-gama-electrodomesticos-espacio-frigorifico-lavado-ia-aire-acondicionado-control-voz#tcl-p5-super-drum-series-5\" class=\"toc-item-link\">TCL P5 Super Drum Series<\/a>\n      <\/li>\n<li class=\"toc-item\">\n       <a href=\"https:\/\/www.xatakahome.com\/electrodomesticos-innovadores\/tcl-presenta-su-nueva-gama-electrodomesticos-espacio-frigorifico-lavado-ia-aire-acondicionado-control-voz#tcl-p9-ai-superdrum-ultra-tower-6\" class=\"toc-item-link\">TCL P9 AI SuperDrum Ultra Tower<\/a>\n      <\/li>\n<li class=\"toc-item\">\n       <a href=\"https:\/\/www.xatakahome.com\/electrodomesticos-innovadores\/tcl-presenta-su-nueva-gama-electrodomesticos-espacio-frigorifico-lavado-ia-aire-acondicionado-control-voz#tcl-freshin-30-7\" class=\"toc-item-link\">TCL FreshIN 3.0<\/a>\n      <\/li>\n<li class=\"toc-item\">\n       <a href=\"https:\/\/www.xatakahome.com\/electrodomesticos-innovadores\/tcl-presenta-su-nueva-gama-electrodomesticos-espacio-frigorifico-lavado-ia-aire-acondicionado-control-voz#tcl-voxin-8\" class=\"toc-item-link\">TCL VoxIN<\/a>\n      <\/li>\n<\/ul><\/div>\n<\/p><\/div>\n<\/div>\n<h2 id=\"tcl-mega-space-series-1\" class=\"toc-enabled\"><span class=\"toc-shortcut-icon\" title=\"Ver \u00cdndice de contenido\"><\/span>TCL Mega Space Series<\/h2>\n<div class=\"article-asset-image article-asset-large article-asset-center\">\n<div class=\"asset-content\">\n<p>   <img decoding=\"async\" alt=\"Tcl Mega Space Series Refrigerator\" class=\"centro_sinmarco\" src=\"https:\/\/i.blogs.es\/ac63e5\/tcl-mega-space-series-refrigerator\/450_1000.png\"><\/p><\/div>\n<\/div>\n<p>La gama <strong>TCL Mega Space Series<\/strong> est\u00e1 centrada principalmente en aumentar la capacidad interior sin hacer crecer las dimensiones exteriores del frigor\u00edfico.<\/p>\n<p><!-- BREAK 3 --><\/p>\n<p>Para conseguirlo utiliza la denominada <strong>VIP Thin-Wall Technology<\/strong>, una construcci\u00f3n con paredes m\u00e1s delgadas que, seg\u00fan los datos facilitados por TCL, permite ganar <strong>hasta 74 litros de capacidad \u00fatil<\/strong> manteniendo unas dimensiones exteriores similares.<\/p>\n<p>Dentro de esta familia tambi\u00e9n se encuentra la <strong>Mega Space SE Series<\/strong>, formada por modelos de tipo <strong>counter-depth<\/strong>. Son frigor\u00edficos con un fondo reducido para que sobresalgan menos respecto a los muebles de la cocina y puedan quedar m\u00e1s alineados con el resto del mobiliario.<\/p>\n<p><!-- BREAK 4 --><\/p>\n<h2 id=\"tcl-dual-cooling-fridge-2\" class=\"toc-enabled\"><span class=\"toc-shortcut-icon\" title=\"Ver \u00cdndice de contenido\"><\/span>TCL Dual Cooling Fridge<\/h2>\n<p>Una de las novedades en refrigeraci\u00f3n es el TCL Dual Cooling Fridge, un frigor\u00edfico que utiliza <strong>dos circuitos de refrigeraci\u00f3n independientes<\/strong> para separar el frigor\u00edfico y el congelador.<\/p>\n<p><!-- BREAK 5 --><\/p>\n<p>Al no compartir el mismo flujo de aire, se reduce el intercambio de olores entre ambos compartimentos. Adem\u00e1s, el frigor\u00edfico incorpora un <strong>caj\u00f3n Humidity Zone<\/strong> en el que se puede ajustar la temperatura para adaptar mejor la conservaci\u00f3n a determinados alimentos.<\/p>\n<div class=\"article-asset article-asset-normal article-asset-center\">\n<div class=\"desvio-container\">\n<div class=\"desvio\">\n<div class=\"desvio-figure js-desvio-figure\">\n    <a href=\"https:\/\/www.xatakahome.com\/hogar\/al-volver-vacaciones-semana-santa-mi-casa-olia-fatal-cual-fue-problema-que-hago-ahora-para-evitar-que-se-repita\" class=\"pivot-outboundlink\" data-vars-post-title=\"Al volver de Semana Santa me encontr\u00e9 con una desagradable sorpresa en el frigor\u00edfico: esto es lo que hago ahora para que no se repita \"><br \/>\n     <img loading=\"lazy\" decoding=\"async\" alt=\"Al volver de Semana Santa me encontr\u00e9 con una desagradable sorpresa en el frigor\u00edfico: esto es lo que hago ahora para que no se repita \" width=\"375\" height=\"142\" src=\"https:\/\/i.blogs.es\/a6e5f1\/pexels-heyho-8089156\/375_142.jpeg\"><br \/>\n    <\/a>\n   <\/div>\n<div class=\"desvio-summary\">\n<div class=\"desvio-taxonomy js-desvio-taxonomy\">\n     <a href=\"https:\/\/www.xatakahome.com\/hogar\/al-volver-vacaciones-semana-santa-mi-casa-olia-fatal-cual-fue-problema-que-hago-ahora-para-evitar-que-se-repita\" class=\"desvio-taxonomy-anchor pivot-outboundlink\" data-vars-post-title=\"Al volver de Semana Santa me encontr\u00e9 con una desagradable sorpresa en el frigor\u00edfico: esto es lo que hago ahora para que no se repita \">En Xataka Smart Home<\/a>\n    <\/div>\n<p>    <a href=\"https:\/\/www.xatakahome.com\/hogar\/al-volver-vacaciones-semana-santa-mi-casa-olia-fatal-cual-fue-problema-que-hago-ahora-para-evitar-que-se-repita\" class=\"desvio-title js-desvio-title pivot-outboundlink\" data-vars-post-title=\"Al volver de Semana Santa me encontr\u00e9 con una desagradable sorpresa en el frigor\u00edfico: esto es lo que hago ahora para que no se repita \">Al volver de Semana Santa me encontr\u00e9 con una desagradable sorpresa en el frigor\u00edfico: esto es lo que hago ahora para que no se repita <\/a>\n   <\/div>\n<\/p><\/div>\n<\/p><\/div>\n<\/div>\n<p>Otra de sus particularidades es la <strong>Convertible Zone<\/strong>, un compartimento cuya temperatura puede regularse entre <strong>5 \u00baC y -20 \u00baC<\/strong>. De esta forma, puede utilizarse como espacio adicional de frigor\u00edfico o como congelador dependiendo de las necesidades de cada momento. Todo esto se completa con una <strong>m\u00e1quina de hielo autom\u00e1tica<\/strong> y un <strong>dispensador de agua situado en el interior<\/strong>.<\/p>\n<p><!-- BREAK 6 --><\/p>\n<h2 id=\"tcl-free-built-in-3\" class=\"toc-enabled\"><span class=\"toc-shortcut-icon\" title=\"Ver \u00cdndice de contenido\"><\/span>TCL Free Built-in<\/h2>\n<p>Otra de las propuestas de TCL consiste en separar frigor\u00edfico y congelador en <strong>dos m\u00f3dulos verticales independientes<\/strong>: es la serie <strong>Free Built-in.<\/strong> Un tipo de frigor\u00edfico que permite colocar ambos equipos juntos o combinar varias unidades. De esta forma, es posible ampliar posteriormente la capacidad de refrigeraci\u00f3n o congelaci\u00f3n a\u00f1adiendo nuevos m\u00f3dulos.<\/p>\n<p><!-- BREAK 7 --><\/p>\n<p>Uno de los puntos m\u00e1s interesantes est\u00e1 en la instalaci\u00f3n. TCL utiliza un sistema de <strong>disipaci\u00f3n del calor por la zona inferior<\/strong>, lo que reduce el espacio que hay que dejar alrededor del aparato. Seg\u00fan la compa\u00f1\u00eda, basta con mantener <strong>1 cm de separaci\u00f3n a cada lado<\/strong>.<\/p>\n<p>El frigor\u00edfico incorpora adem\u00e1s un caj\u00f3n <strong>Fresh Box<\/strong> con regulaci\u00f3n manual de humedad para frutas y verduras.<\/p>\n<p>En la parte trasera se utiliza un panel met\u00e1lico denominado <strong>Metal Cool<\/strong>, encargado de ayudar a distribuir el fr\u00edo y mantener una temperatura m\u00e1s estable en el interior. TCL cifra la mejora en la eficiencia de refrigeraci\u00f3n en un <strong>15% frente a sus paneles traseros convencionales<\/strong>.<\/p>\n<p>Tambi\u00e9n incluye el sistema <strong>T-Fresh de cuarta generaci\u00f3n<\/strong>, destinado a reducir bacterias y olores en el interior. La compa\u00f1\u00eda asegura una tasa de eliminaci\u00f3n de bacterias del <strong>99,99%<\/strong>.<\/p>\n<p><!-- BREAK 8 --><\/p>\n<h2 id=\"tcl-flexi-series-4\" class=\"toc-enabled\"><span class=\"toc-shortcut-icon\" title=\"Ver \u00cdndice de contenido\"><\/span>TCL Flexi Series<\/h2>\n<p>La familia <strong>TCL Flexi Series<\/strong> busca sobre todo que el interior del frigor\u00edfico pueda adaptarse al tipo de alimentos que tengamos que guardar. Por qu\u00e9 no es la primera vez que nos encontramos atrapados por una distribuci\u00f3n de baldas, demasiado inconsertada.<\/p>\n<p><!-- BREAK 9 --><\/p>\n<p>Para evitar que aunque tengamos espacio, no podamos guardar los alimentos, esta gama utiliza <strong>estantes de vidrio reversibles y plegables<\/strong>, que permiten modificar tanto la altura como el ancho disponible. Es una soluci\u00f3n pensada, por ejemplo, para poder colocar botellas altas o recipientes y alimentos de mayor tama\u00f1o sin tener que retirar completamente las baldas.<\/p>\n<p>El botellero tambi\u00e9n puede colocarse en distintas posiciones y uno de los balcones de la puerta permite modificar su distribuci\u00f3n. En el interior hay adem\u00e1s un <strong>recipiente cerrado<\/strong> pensado para aislar determinados alimentos y reducir la transferencia de olores.<\/p>\n<p><!-- BREAK 10 --><\/p>\n<p>Esta gama incorpora igualmente el sistema <strong>T-Fresh<\/strong>, adem\u00e1s de un caj\u00f3n <strong>T-Temp<\/strong> cuya temperatura puede configurarse en tres niveles: <strong>4 \u00baC, -1 \u00baC y 3 \u00baC<\/strong>. Seg\u00fan el ajuste elegido puede utilizarse para carne, frutas y verduras, embutidos u otros alimentos que requieren condiciones de conservaci\u00f3n diferentes.<\/p>\n<h2 id=\"tcl-p5-super-drum-series-5\" class=\"toc-enabled\"><span class=\"toc-shortcut-icon\" title=\"Ver \u00cdndice de contenido\"><\/span>TCL P5 Super Drum Series<\/h2>\n<div class=\"article-asset-image article-asset-large article-asset-center\">\n<div class=\"asset-content\">\n<p>   <img decoding=\"async\" alt=\"P5 Super Drum Series\" class=\"centro_sinmarco\" src=\"https:\/\/i.blogs.es\/3dba9e\/p5-super-drum-series\/450_1000.png\"><\/p><\/div>\n<\/div>\n<p>En el apartado de lavado aparece la <strong>TCL P5 Super Drum Series<\/strong>, una lavadora que utiliza un tambor de <strong>540 mm de di\u00e1metro<\/strong>.<\/p>\n<p>En su interior cuenta con <strong>seis elevadores<\/strong>, las piezas encargadas de mover y hacer caer la ropa mientras gira el tambor.<\/p>\n<p>Tambi\u00e9n incorpora el sistema <strong>jetBubble<\/strong>, que mezcla el detergente con agua y aire antes de introducirlo entre los tejidos. De esta forma se genera espuma para favorecer la penetraci\u00f3n del detergente en la ropa.<\/p>\n<p><!-- BREAK 11 --><\/p>\n<p>A esto se suma <strong>autoStain Removal<\/strong>, un sistema espec\u00edfico para tratar distintos tipos de manchas dentro del propio ciclo de lavado.<\/p>\n<p>En cuanto al consumo, TCL anuncia una clasificaci\u00f3n equivalente a <strong>A-40%<\/strong>. Esto significa que su consumo se sit\u00faa un <strong>40% por debajo del l\u00edmite necesario para entrar en la clase energ\u00e9tica A<\/strong> de la etiqueta europea.<\/p>\n<p><!-- BREAK 12 --><\/p>\n<h2 id=\"tcl-p9-ai-superdrum-ultra-tower-6\" class=\"toc-enabled\"><span class=\"toc-shortcut-icon\" title=\"Ver \u00cdndice de contenido\"><\/span>TCL P9 AI SuperDrum Ultra Tower<\/h2>\n<p>La <strong>P9 AI SuperDrum Ultra Tower<\/strong> es su nueva lavasecadora todo en uno que ahora cambia de formato y las junta en una <strong>estructura vertical tipo torre<\/strong>, una soluci\u00f3n que permite reducir la superficie ocupada en el suelo. Tambi\u00e9n utiliza un tambor de <strong>540 mm<\/strong>, en este caso con una superficie ondulada y seis elevadores interiores destinados a mover las prendas durante el ciclo.<\/p>\n<p>Uno de sus elementos principales es el sistema <strong>AI Wash<\/strong>. Mediante sensores, la lavadora analiza par\u00e1metros como <strong>el tama\u00f1o de la carga, el tipo de tejido y el nivel de suciedad<\/strong> para modificar autom\u00e1ticamente aspectos como la cantidad de agua, la temperatura, la dosificaci\u00f3n de detergente y la duraci\u00f3n del programa.<\/p>\n<p><!-- BREAK 13 --><\/p>\n<p><\/p>\n<p>Para el secado utiliza <strong>bomba de calor<\/strong> y un sistema de <strong>triple inverter<\/strong>, formado por motor, ventilador y compresor con tecnolog\u00eda inverter.<\/p>\n<p>El secado se realiza adem\u00e1s a baja temperatura para reducir el impacto sobre tejidos delicados. Tanto el sistema de lavado como el de secado cuentan con certificaci\u00f3n <strong>Woolmark Green<\/strong> para prendas de lana.<\/p>\n<p><!-- BREAK 14 --><\/p>\n<h2 id=\"tcl-freshin-30-7\" class=\"toc-enabled\"><span class=\"toc-shortcut-icon\" title=\"Ver \u00cdndice de contenido\"><\/span>TCL FreshIN 3.0<\/h2>\n<div class=\"article-asset-image article-asset-large article-asset-center\">\n<div class=\"asset-content\">\n<p>   <img decoding=\"async\" alt=\"Freshin 3 0\" class=\"centro_sinmarco\" src=\"https:\/\/i.blogs.es\/f2c28a\/freshin-3.0\/450_1000.jpeg\"><\/p><\/div>\n<\/div>\n<p>En climatizaci\u00f3n, uno de los nuevos modelos es el <strong>TCL FreshIN 3.0<\/strong>, un aire acondicionado que combina climatizaci\u00f3n y tratamiento del aire.<\/p>\n<p>Utiliza un sistema de filtrado <strong>QuadruPuri de cuatro capas<\/strong> y permite consultar en tiempo real informaci\u00f3n sobre la calidad del aire.<\/p>\n<p>Otra de sus caracter\u00edsticas est\u00e1 en el nivel sonoro. Seg\u00fan TCL, puede funcionar desde <strong>16 dB<\/strong> en sus modos de menor ruido.<\/p>\n<p>En eficiencia energ\u00e9tica alcanza la clasificaci\u00f3n A+++ y utiliza el sistema T-AI Energy-Saving, un algoritmo que modifica el funcionamiento del equipo para reducir el consumo. TCL cifra el ahorro adicional que puede conseguir este sistema en<strong> <\/strong><strong>hasta un 37%<\/strong>, aunque se trata de un dato proporcionado por el propio fabricante.<\/p>\n<p><!-- BREAK 15 --><\/p>\n<h2 id=\"tcl-voxin-8\" class=\"toc-enabled\"><span class=\"toc-shortcut-icon\" title=\"Ver \u00cdndice de contenido\"><\/span>TCL VoxIN<\/h2>\n<p>El <strong>TCL VoxIN<\/strong> comparte varias tecnolog\u00edas con el FreshIN 3.0, pero uno de sus elementos diferenciadores es el control mediante comandos de voz.<\/p>\n<p>Puede recibir \u00f3rdenes <strong>sin necesidad de conexi\u00f3n a Internet<\/strong>, de manera que es posible cambiar la temperatura, modificar el modo de funcionamiento o ajustar el flujo de aire directamente mediante la voz.<\/p>\n<p><!-- BREAK 16 --><\/p>\n<p>Tambi\u00e9n incorpora <strong>T-AI Energy-Saving<\/strong> para gestionar el consumo y el sistema Gentle Breeze, pensado para distribuir el aire evitando que el chorro salga directamente hacia las personas. Su clasificaci\u00f3n energ\u00e9tica es A+++.<\/p>\n<p><!-- BREAK 17 --><\/p>\n<p>Tanto VoxIN como FreshIN 3.0 pueden utilizar este sistema de <strong>control por voz offline<\/strong>, por lo que las \u00f3rdenes b\u00e1sicas no dependen de servidores externos ni de que la vivienda tenga conexi\u00f3n a Internet.<\/p>\n<p><!-- BREAK 18 --><\/p>\n<p>En Xataka SmartHome | <a href=\"https:\/\/www.xatakahome.com\/hogar\/ocho-sencillos-trucos-tu-frigorifico-gaste-luz-comida-dure-perfecto-estado\" target=\"_blank\">El frigor\u00edfico es tu mejor aliado para ahorrar en la cesta de la compra. Ocho trucos para que la comida aguante m\u00e1s tiempo<\/a><\/p>\n<p> &#8211; <br \/> La noticia<br \/>\n      <a href=\"https:\/\/www.xatakahome.com\/electrodomesticos-innovadores\/tcl-presenta-su-nueva-gama-electrodomesticos-espacio-frigorifico-lavado-ia-aire-acondicionado-control-voz?utm_source=feedburner&amp;utm_medium=feed&amp;utm_campaign=04_Sep_2026\"><br \/>\n       <em> TCL presenta su nueva gama de electrodom\u00e9sticos: m\u00e1s espacio en el frigor\u00edfico, lavado con IA y aire acondicionado con control por voz <\/em><br \/>\n      <\/a><br \/>\n      fue publicada originalmente en<br \/>\n      <a href=\"https:\/\/www.xatakahome.com\/?utm_source=feedburner&amp;utm_medium=feed&amp;utm_campaign=04_Sep_2026\"><br \/>\n       <strong> Xataka Smart Home <\/strong><br \/>\n      <\/a><br \/>\n             por<br \/>\n               <a href=\"https:\/\/www.xatakahome.com\/autor\/jose-antonio-carmona?utm_source=feedburner&amp;utm_medium=feed&amp;utm_campaign=04_Sep_2026\"><br \/>\n        Jose Antonio Carmona<br \/>\n        <\/a><br \/>\n             . <\/p>\n<\/div>\n","protected":false},"excerpt":{"rendered":"<p>IFA 2026 est\u00e1 sirviendo para conocer buena parte de los dispositivos y electrodom\u00e9sticos que llegar\u00e1n al mercado durante los pr\u00f3ximos meses. Una de las marcas que ha aprovechado la feria para ense\u00f1ar sus novedades ha sido TCL, que ha renovado buena parte de su cat\u00e1logo para el hogar conectado. Entre las novedades encontramos nuevos frigor\u00edficos, &hellip; <a href=\"https:\/\/domosistemas.com\/?p=34396\" class=\"more-link\">Sigue leyendo <span class=\"screen-reader-text\">TCL presenta su nueva gama de electrodom\u00e9sticos: m\u00e1s espacio en el frigor\u00edfico, lavado con IA y aire acondicionado con control por voz<\/span><\/a><\/p>\n","protected":false},"author":1,"featured_media":0,"comment_status":"closed","ping_status":"closed","sticky":false,"template":"","format":"standard","meta":{"footnotes":""},"categories":[8],"tags":[],"class_list":["post-34396","post","type-post","status-publish","format-standard","hentry","category-xataka"],"_links":{"self":[{"href":"https:\/\/domosistemas.com\/index.php?rest_route=\/wp\/v2\/posts\/34396","targetHints":{"allow":["GET"]}}],"collection":[{"href":"https:\/\/domosistemas.com\/index.php?rest_route=\/wp\/v2\/posts"}],"about":[{"href":"https:\/\/domosistemas.com\/index.php?rest_route=\/wp\/v2\/types\/post"}],"author":[{"embeddable":true,"href":"https:\/\/domosistemas.com\/index.php?rest_route=\/wp\/v2\/users\/1"}],"replies":[{"embeddable":true,"href":"https:\/\/domosistemas.com\/index.php?rest_route=%2Fwp%2Fv2%2Fcomments&post=34396"}],"version-history":[{"count":0,"href":"https:\/\/domosistemas.com\/index.php?rest_route=\/wp\/v2\/posts\/34396\/revisions"}],"wp:attachment":[{"href":"https:\/\/domosistemas.com\/index.php?rest_route=%2Fwp%2Fv2%2Fmedia&parent=34396"}],"wp:term":[{"taxonomy":"category","embeddable":true,"href":"https:\/\/domosistemas.com\/index.php?rest_route=%2Fwp%2Fv2%2Fcategories&post=34396"},{"taxonomy":"post_tag","embeddable":true,"href":"https:\/\/domosistemas.com\/index.php?rest_route=%2Fwp%2Fv2%2Ftags&post=34396"}],"curies":[{"name":"wp","href":"https:\/\/api.w.org\/{rel}","templated":true}]}}