{"id":34411,"date":"2026-09-05T09:00:27","date_gmt":"2026-09-05T09:00:27","guid":{"rendered":"https:\/\/domosistemas.com\/?p=34411"},"modified":"2026-09-05T09:00:27","modified_gmt":"2026-09-05T09:00:27","slug":"estos-son-los-electrodomesticos-mas-punteros-que-lg-ha-presentado-en-la-ifa-2026-quieren-que-gasten-menos-luz-y-ahorren-espacio","status":"publish","type":"post","link":"https:\/\/domosistemas.com\/?p=34411","title":{"rendered":"Estos son los electrodom\u00e9sticos m\u00e1s punteros que LG ha presentado en la IFA 2026: quieren que gasten menos luz y ahorren espacio"},"content":{"rendered":"<div>\n<p>\n     <img decoding=\"async\" src=\"https:\/\/i.blogs.es\/b859ec\/4.-lg-ifar\/1024_2000.jpeg\" alt=\"Estos son los electrodom\u00e9sticos m\u00e1s punteros que LG ha presentado en la IFA 2026: quieren que gasten menos luz y ahorren espacio \">\n    <\/p>\n<p><strong>LG<\/strong> ha comenzado a mostrar en la <strong>IFA 2026<\/strong> su apuesta en electrodom\u00e9sticos para la pr\u00f3xima temporada, donde quieren dejar claro su inter\u00e9s por <a href=\"https:\/\/www.xatakahome.com\/electrodomesticos-innovadores\/lg-quiere-que-electrodomesticos-consumo-no-sean-solo-caros-sino-nuevo-estandar-para-todos-sus-clientes\">bajar el consumo energ\u00e9tico<\/a> en las gamas medias, haciendo que las m\u00e1quinas m\u00e1s eficientes no est\u00e9n solo en el sector de lujo.<\/p>\n<p><!-- BREAK 1 --><\/p>\n<p>Pero tambi\u00e9n pretenden traer al gran electrodom\u00e9stico una mayor <strong>multifuncionalidad y ahorro de espacio<\/strong>, todo ello ayudados por la inteligencia artificial (IA) y dise\u00f1os m\u00e1s funcionales. Y para conseguirlo han mostrado en la feria sus nuevos electrodom\u00e9sticos avanzados para el pr\u00f3ximo a\u00f1o.<\/p>\n<p><!-- BREAK 2 --><\/p>\n<div class=\"article-asset article-asset-normal article-asset-center\">\n<div class=\"desvio-container\">\n<div class=\"desvio\">\n<div class=\"desvio-figure js-desvio-figure\">\n    <a href=\"https:\/\/www.xatakahome.com\/hogar\/lg-quiere-que-puedas-chatear-tus-electrodomesticos-gracias-a-ia-te-recomendaran-recetas-acciones-te-daran-consejos\" class=\"pivot-outboundlink\" data-vars-post-title=\"LG quiere que puedas chatear con tus electrodom\u00e9sticos gracias a la IA: te recomendar\u00e1n recetas, acciones y te dar\u00e1n consejos\"><br \/>\n     <img loading=\"lazy\" decoding=\"async\" alt=\"LG quiere que puedas chatear con tus electrodom\u00e9sticos gracias a la IA: te recomendar\u00e1n recetas, acciones y te dar\u00e1n consejos\" width=\"375\" height=\"142\" src=\"https:\/\/i.blogs.es\/b558d3\/ifa-ai-home-image-2\/375_142.jpeg\"><br \/>\n    <\/a>\n   <\/div>\n<div class=\"desvio-summary\">\n<div class=\"desvio-taxonomy js-desvio-taxonomy\">\n     <a href=\"https:\/\/www.xatakahome.com\/hogar\/lg-quiere-que-puedas-chatear-tus-electrodomesticos-gracias-a-ia-te-recomendaran-recetas-acciones-te-daran-consejos\" class=\"desvio-taxonomy-anchor pivot-outboundlink\" data-vars-post-title=\"LG quiere que puedas chatear con tus electrodom\u00e9sticos gracias a la IA: te recomendar\u00e1n recetas, acciones y te dar\u00e1n consejos\">En Xataka Smart Home<\/a>\n    <\/div>\n<p>    <a href=\"https:\/\/www.xatakahome.com\/hogar\/lg-quiere-que-puedas-chatear-tus-electrodomesticos-gracias-a-ia-te-recomendaran-recetas-acciones-te-daran-consejos\" class=\"desvio-title js-desvio-title pivot-outboundlink\" data-vars-post-title=\"LG quiere que puedas chatear con tus electrodom\u00e9sticos gracias a la IA: te recomendar\u00e1n recetas, acciones y te dar\u00e1n consejos\">LG quiere que puedas chatear con tus electrodom\u00e9sticos gracias a la IA: te recomendar\u00e1n recetas, acciones y te dar\u00e1n consejos<\/a>\n   <\/div>\n<\/p><\/div>\n<\/p><\/div>\n<\/div>\n<h2>M\u00e1s eficiencia energ\u00e9tica, IA y funcionalidad<\/h2>\n<div class=\"article-asset-image article-asset-normal article-asset-center\">\n<div class=\"asset-content\">\n<p>   <img decoding=\"async\" alt=\"Sin Titulo\" class=\"centro_sinmarco\" src=\"https:\/\/i.blogs.es\/6fa7a8\/sin-titulo\/450_1000.jpeg\"><\/p><\/div>\n<\/div>\n<p>Entre los nuevos equipos presentados se encuentra el <strong>frigor\u00edfico de \u00faltima generaci\u00f3n LG SIGNATURE<\/strong>, que<strong> <\/strong>introduce la IA conversacional basada en tecnolog\u00eda LLM en las cocinas de alta gama, mostrando c\u00f3mo con interacciones de voz el frigo da consejos personalizados sobre conservar mejor los alimentos.\u00a0<\/p>\n<p><!-- BREAK 3 --><\/p>\n<p>Incorpora una nueva pantalla <strong>LCD de 6,8 pulgadas<\/strong> que gestiona la refrigeraci\u00f3n mediante IA para ofrecer la m\u00e1xima frescura. Y la tecnolog\u00eda AI Fresh analiza los h\u00e1bitos del usuario para monitorizar las fluctuaciones de temperatura y enfriar preventivamente el interior hasta dos horas antes de las horas de apertura habituales.\u00a0<\/p>\n<div class=\"article-asset-image article-asset-normal article-asset-center\">\n<div class=\"asset-content\">\n<p>   <img decoding=\"async\" alt=\"LG\" class=\"centro_sinmarco\" src=\"https:\/\/i.blogs.es\/42f9be\/2.-lg-fit-max-washer-and-dryer-pair\/450_1000.jpeg\"><\/p><\/div>\n<\/div>\n<p><strong>La nueva<\/strong> <strong>lavadora de LG Fit&amp;Max,<\/strong> cuyo lanzamiento en Europa est\u00e1 previsto para este a\u00f1o, promete un cuidado inteligente de los tejidos mediante IA consumiendo hasta un 70 % menos de energ\u00eda que el l\u00edmite requerido para obtener la etiqueta de clase A en Europa.\u00a0<\/p>\n<p><!-- BREAK 4 --><\/p>\n<p>Se presenta junto a una secadora premium que tambi\u00e9n alcanza la clase A bajo la normativa actual. Impulsados por el motor Direct Drive de LG y la<strong> tecnolog\u00eda Dual Inverter Heat Pump<\/strong>, contando con la certificaci\u00f3n de T\u00dcV Rheinland para funcionar durante un m\u00e1ximo de 30 a\u00f1os. Adem\u00e1s se integran las funciones AI Wash y AI Dry que detectan autom\u00e1ticamente el tipo de tejido para ajustar el ciclo y proteger las prendas.<\/p>\n<div class=\"article-asset-image article-asset-normal article-asset-center\">\n<div class=\"asset-content\">\n<p>   <img decoding=\"async\" alt=\"LG lavadora\" class=\"centro_sinmarco\" src=\"https:\/\/i.blogs.es\/262147\/3.-25-inch-lg-washtower-tm-\/450_1000.jpeg\"><\/p><\/div>\n<\/div>\n<p>Tambi\u00e9n han mostrado la nueva <strong>WashTower de 25 pulgadas<\/strong>, que ampl\u00eda su gama de sistemas integrados de lavadora y secadora en un solo equipo. Con unas dimensiones intermedias entre los modelos existentes de 24 y 27 pulgadas, esta versi\u00f3n ha sido concebida para adaptarse a los espacios y configuraciones de mobiliario de las viviendas europeas.\u00a0\u00a0<\/p>\n<p><!-- BREAK 5 --><\/p>\n<div class=\"article-asset-image article-asset-normal article-asset-center\">\n<div class=\"asset-content\">\n<p>   <img decoding=\"async\" alt=\"LG\" class=\"centro_sinmarco\" src=\"https:\/\/i.blogs.es\/5a854b\/4.-lg-fit-max-french-door-refrigerator\/450_1000.jpeg\"><\/p><\/div>\n<\/div>\n<p><strong>E<\/strong><strong>l nuevo<\/strong> <strong>frigor\u00edfico de puertas francesas LG Fit &amp; Max <\/strong>es otra de las novedades de LG, contando<strong> <\/strong>con el dise\u00f1o Zero Clearance que permite instalarlo totalmente enrasado con los muebles de alrededor. Incluye una pantalla LCD de 6,8 pulgadas y el caj\u00f3n Full Convert Drawer, adaptable tanto a refrigeraci\u00f3n como a congelaci\u00f3n.\u00a0<\/p>\n<p><!-- BREAK 6 --><\/p>\n<p>Adem\u00e1s cuenta con un compartimento independiente FRESHConverter+ que permite ajustar diferentes modos de temperatura seg\u00fan el tipo de alimento a conservar.\u00a0\u00a0<\/p>\n<div class=\"article-asset-image article-asset-normal article-asset-center\">\n<div class=\"asset-content\">\n<p>   <img decoding=\"async\" alt=\"LG\" class=\"centro_sinmarco\" src=\"https:\/\/i.blogs.es\/b98430\/5.-lg-fit-max-dishwasher\/450_1000.jpeg\"><\/p><\/div>\n<\/div>\n<p>Otro de los aparatos presentados ha sido el <strong>lavavajillas Fit &amp; Max<\/strong> con el programa r\u00e1pido 1-Hour Wash &amp; Dry para el uso diario. La tecnolog\u00eda QuadWash Pro emplea microburbujas para penetrar en los restos de comida, mientras que el sistema Hybrid Air Dry promete mejorar la circulaci\u00f3n del aire para acortar el tiempo de secado y reducir el consumo el\u00e9ctrico.\u00a0<\/p>\n<p><!-- BREAK 7 --><\/p>\n<p>Adem\u00e1s, la tecnolog\u00eda AI SenseClean utiliza un sensor digital de turbidez para medir el grado de suciedad y ajustar de forma autom\u00e1tica la temperatura del agua, la duraci\u00f3n del ciclo y la cantidad de detergente.\u00a0\u00a0<\/p>\n<div class=\"article-asset-image article-asset-normal article-asset-center\">\n<div class=\"asset-content\">\n<p>   <img decoding=\"async\" alt=\"LG\" class=\"centro_sinmarco\" src=\"https:\/\/i.blogs.es\/73f15f\/6.-lg-airdew-hair-dryer\/450_1000.jpeg\"><\/p><\/div>\n<\/div>\n<p>Tambi\u00e9n han anunciado el primer <strong>secador de pelo de LG llamado AirDew,<\/strong> que gracias a la tecnolog\u00eda Triple Airfluidics genera un caudal de aire multidimensional de alta velocidad. El control t\u00e9rmico y el efecto de cepillado AirGlide prometen actuar de forma conjunta para retener la humedad natural del cabello, reducir la exposici\u00f3n al calor y suavizar el encrespamiento durante el peinado.\u00a0<\/p>\n<p><!-- BREAK 8 --><\/p>\n<p>Incluye <strong>accesorios magn\u00e9ticos<\/strong> para un acople r\u00e1pido con una sola mano, un soporte compacto para ahorrar espacio y el estuche Luxury Combo Case, que funciona como base y caja de transporte.<\/p>\n<div class=\"article-asset-image article-asset-normal article-asset-center\">\n<div class=\"asset-content\">\n<p>   <img decoding=\"async\" alt=\"LG\" class=\"centro_sinmarco\" src=\"https:\/\/i.blogs.es\/c12ee9\/7.-lg-signature-downdraft-hood\/450_1000.jpeg\"><\/p><\/div>\n<\/div>\n<p>Finalmente han mostrado una <strong>campana extractora <\/strong>de la l\u00ednea premium LG SIGNATURE<strong> <\/strong><strong>integrada en la encimera, <\/strong>que captura el humo y los olores directamente en la superficie de cocci\u00f3n. Gracias a un sensor de movimiento integrado,permite regular la potencia sin necesidad de tocar la superficie.\u00a0<\/p>\n<p><!-- BREAK 9 --><\/p>\n<p>V\u00eda e im\u00e1genes | <a rel=\"nofollow, sponsored, noopener, noreferrer\" target=\"_blank\" class=\"js-ecommerce\" id=\"link-ecommerce-1\" href=\"https:\/\/www.webedia-afilia.com\/redirect?url=https%3A%2F%2Fwww.lg.com%2Fes%2Facerca-de-lg%2Fcomunicados-de-prensa%2Flg-presenta-siete-electrodomesticos-innovadores-en-ifa-2026%2F&amp;category=electrodomesticos-innovadores&amp;site=xatakahome&amp;ecomPostExpiration=perish&amp;postId=125451\" data-vars-affiliate-url=\"https:\/\/www.lg.com\/es\/acerca-de-lg\/comunicados-de-prensa\/lg-presenta-siete-electrodomesticos-innovadores-en-ifa-2026\/\">LG<\/a><\/p>\n<p>En Xataka Smart Home | <a href=\"https:\/\/www.xatakahome.com\/a-fondo\/entendiendo-caos-etiquetas-clasificacion-energetica-que-se-diferencian-nuevas-anteriores-1\">Entendiendo el caos de las etiquetas de clasificaci\u00f3n energ\u00e9tica: en qu\u00e9 se diferencian las nuevas de las anteriores<\/a><\/p>\n<p> &#8211; <br \/> La noticia<br \/>\n      <a href=\"https:\/\/www.xatakahome.com\/electrodomesticos-innovadores\/estos-electrodomesticos-punteros-que-lg-ha-presentado-ifa-2026-quieren-que-gasten-luz-ahorren-espacio?utm_source=feedburner&amp;utm_medium=feed&amp;utm_campaign=05_Sep_2026\"><br \/>\n       <em> Estos son los electrodom\u00e9sticos m\u00e1s punteros que LG ha presentado en la IFA 2026: quieren que gasten menos luz y ahorren espacio  <\/em><br \/>\n      <\/a><br \/>\n      fue publicada originalmente en<br \/>\n      <a href=\"https:\/\/www.xatakahome.com\/?utm_source=feedburner&amp;utm_medium=feed&amp;utm_campaign=05_Sep_2026\"><br \/>\n       <strong> Xataka Smart Home <\/strong><br \/>\n      <\/a><br \/>\n             por<br \/>\n               <a href=\"https:\/\/www.xatakahome.com\/autor\/paco-rodriguez?utm_source=feedburner&amp;utm_medium=feed&amp;utm_campaign=05_Sep_2026\"><br \/>\n        Paco Rodr\u00edguez<br \/>\n        <\/a><br \/>\n             . <\/p>\n<\/div>\n","protected":false},"excerpt":{"rendered":"<p>LG ha comenzado a mostrar en la IFA 2026 su apuesta en electrodom\u00e9sticos para la pr\u00f3xima temporada, donde quieren dejar claro su inter\u00e9s por bajar el consumo energ\u00e9tico en las gamas medias, haciendo que las m\u00e1quinas m\u00e1s eficientes no est\u00e9n solo en el sector de lujo. Pero tambi\u00e9n pretenden traer al gran electrodom\u00e9stico una mayor &hellip; <a href=\"https:\/\/domosistemas.com\/?p=34411\" class=\"more-link\">Sigue leyendo <span class=\"screen-reader-text\">Estos son los electrodom\u00e9sticos m\u00e1s punteros que LG ha presentado en la IFA 2026: quieren que gasten menos luz y ahorren espacio<\/span><\/a><\/p>\n","protected":false},"author":1,"featured_media":0,"comment_status":"closed","ping_status":"closed","sticky":false,"template":"","format":"standard","meta":{"footnotes":""},"categories":[8],"tags":[],"class_list":["post-34411","post","type-post","status-publish","format-standard","hentry","category-xataka"],"_links":{"self":[{"href":"https:\/\/domosistemas.com\/index.php?rest_route=\/wp\/v2\/posts\/34411","targetHints":{"allow":["GET"]}}],"collection":[{"href":"https:\/\/domosistemas.com\/index.php?rest_route=\/wp\/v2\/posts"}],"about":[{"href":"https:\/\/domosistemas.com\/index.php?rest_route=\/wp\/v2\/types\/post"}],"author":[{"embeddable":true,"href":"https:\/\/domosistemas.com\/index.php?rest_route=\/wp\/v2\/users\/1"}],"replies":[{"embeddable":true,"href":"https:\/\/domosistemas.com\/index.php?rest_route=%2Fwp%2Fv2%2Fcomments&post=34411"}],"version-history":[{"count":0,"href":"https:\/\/domosistemas.com\/index.php?rest_route=\/wp\/v2\/posts\/34411\/revisions"}],"wp:attachment":[{"href":"https:\/\/domosistemas.com\/index.php?rest_route=%2Fwp%2Fv2%2Fmedia&parent=34411"}],"wp:term":[{"taxonomy":"category","embeddable":true,"href":"https:\/\/domosistemas.com\/index.php?rest_route=%2Fwp%2Fv2%2Fcategories&post=34411"},{"taxonomy":"post_tag","embeddable":true,"href":"https:\/\/domosistemas.com\/index.php?rest_route=%2Fwp%2Fv2%2Ftags&post=34411"}],"curies":[{"name":"wp","href":"https:\/\/api.w.org\/{rel}","templated":true}]}}