{"id":7100,"date":"2017-02-06T03:00:00","date_gmt":"2017-02-06T03:00:00","guid":{"rendered":"http:\/\/domosistemas.com\/?p=7100"},"modified":"2017-02-06T03:00:00","modified_gmt":"2017-02-06T03:00:00","slug":"la-5a-edicion-de-electro-forum-se-celebrara-en-madrid","status":"publish","type":"post","link":"https:\/\/domosistemas.com\/?p=7100","title":{"rendered":"La 5\u00aa edici\u00f3n de Electro FORUM se celebrar\u00e1 en Madrid"},"content":{"rendered":"<p><a href=\"http:\/\/www.electroforum.es\/\">Electro FORUM<\/a>, el certamen que re\u00fane anualmente a los principales actores de los \u00e1mbitos de la instalaci\u00f3n el\u00e9ctrica, la automatizaci\u00f3n, el clima y la fontaner\u00eda organizado por <a href=\"http:\/\/www.grupoelectrostocks.com\/\">Grupo Electro Stocks<\/a>, celebrar\u00e1 su quinta edici\u00f3n el pr\u00f3ximo jueves 23 de marzo en el Marriott Auditorium Hotel &amp; Conference Center de Madrid.\u00a0La edici\u00f3n de este a\u00f1o, para la que ya est\u00e1n abiertas las inscripciones a trav\u00e9s de la web, completa un ciclo iniciado en Barcelona en 2013 y que ha recorrido desde entonces Sevilla, Valencia y Santiago de Compostela: municipios\u00a0que, con la incorporaci\u00f3n de Madrid, completan las principales zonas en que opera Grupo Electro Stocks.<\/p>\n<figure id=\"attachment_33495\" style=\"width: 800px\" class=\"wp-caption aligncenter\"><img loading=\"lazy\" decoding=\"async\" class=\"size-full wp-image-33495\" src=\"https:\/\/www.casadomo.com\/wp-content\/uploads\/2017\/02\/5-edicion-electro-forum-madrid.png\" alt=\"Electro Forum\" width=\"800\" height=\"499\" \/><figcaption class=\"wp-caption-text\">Electro FORUM se celebrar\u00e1 el pr\u00f3ximo 23 de marzo en el Marriot Auditorium Hotel.<\/figcaption><\/figure>\n<p>Electro FORUM 2017, que cuenta con el soporte de Agremia y Amiitel (las principales asociaciones de instaladores de la zona con m\u00e1s de 2.000 asociados), prev\u00e9 reunir a m\u00e1s de 3.000 profesionales del sector de la instalaci\u00f3n y los principales fabricantes en un evento que combina un exhaustivo programa de 36 conferencias y un espacio ferial que contar\u00e1 con alrededor de 80 expositores.<\/p>\n<h2>Pr\u00f3ximamente, programa de conferencias de Electro FORUM<\/h2>\n<p>En las pr\u00f3ximas semanas se desvelar\u00e1n las personalidades que participar\u00e1n en el certamen, as\u00ed como los expertos y representantes de distintos fabricantes que impartir\u00e1n las diferentes ponencias sobre las \u00faltimas tendencias y cambios regulatorios en el sector, las nuevas oportunidades de negocio y las \u00faltimas innovaciones y tendencias tecnol\u00f3gicas de las instalaciones y productos.\u00a0Estas conferencias se organizar\u00e1n de forma ininterrumpida y simult\u00e1neamente en cuatro salas. Las cuatro grandes \u00e1reas tem\u00e1ticas sobre las que versar\u00e1n los ciclos de conferencias del certamen ser\u00e1n la eficiencia y el ahorro energ\u00e9tico; las nuevas oportunidades de negocio; las experiencias y soluciones de \u00e9xito; y los futuros escenarios m\u00e1s el\u00e9ctricos.<\/p>\n<p>Josep Figueras, Director de Marketing de Grupo Electro Stocks, ha indicado que la elecci\u00f3n de Madrid como sede se debe &#8220;a esa vocaci\u00f3n de completar un primer ciclo, pero tambi\u00e9n a la enorme relevancia de la demarcaci\u00f3n para nuestro sector y a la gran concentraci\u00f3n de profesionales del \u00e1mbito de la instalaci\u00f3n, que esperamos que nos permita batir los registros de asistencia de los cuatro Electro FORUM\u2019s anteriores&#8221;.<\/p>\n<p>La entrada <a rel=\"nofollow\" href=\"https:\/\/www.casadomo.com\/2017\/02\/06\/5-edicion-electro-forum-celebrara-madrid\">La 5\u00aa edici\u00f3n de Electro FORUM se celebrar\u00e1 en Madrid<\/a> aparece primero en <a rel=\"nofollow\" href=\"https:\/\/www.casadomo.com\">CASADOMO<\/a>.<\/p>\n<p><a href='https:\/\/www.casadomo.com\/2017\/02\/06\/5-edicion-electro-forum-celebrara-madrid'>Ver noticia original<\/a><\/p>\n","protected":false},"excerpt":{"rendered":"<p>Electro FORUM, el certamen que re\u00fane anualmente a los principales actores de los \u00e1mbitos de la instalaci\u00f3n el\u00e9ctrica, la automatizaci\u00f3n, el clima y la fontaner\u00eda organizado por Grupo Electro Stocks, celebrar\u00e1 su quinta edici\u00f3n el pr\u00f3ximo jueves 23 de marzo en el Marriott Auditorium Hotel &amp; Conference Center de Madrid.\u00a0La edici\u00f3n de este a\u00f1o, para &hellip; <a href=\"https:\/\/domosistemas.com\/?p=7100\" class=\"more-link\">Sigue leyendo <span class=\"screen-reader-text\">La 5\u00aa edici\u00f3n de Electro FORUM se celebrar\u00e1 en Madrid<\/span><\/a><\/p>\n","protected":false},"author":1,"featured_media":0,"comment_status":"closed","ping_status":"closed","sticky":false,"template":"","format":"standard","meta":{"footnotes":""},"categories":[3],"tags":[],"class_list":["post-7100","post","type-post","status-publish","format-standard","hentry","category-casadomo-com"],"_links":{"self":[{"href":"https:\/\/domosistemas.com\/index.php?rest_route=\/wp\/v2\/posts\/7100","targetHints":{"allow":["GET"]}}],"collection":[{"href":"https:\/\/domosistemas.com\/index.php?rest_route=\/wp\/v2\/posts"}],"about":[{"href":"https:\/\/domosistemas.com\/index.php?rest_route=\/wp\/v2\/types\/post"}],"author":[{"embeddable":true,"href":"https:\/\/domosistemas.com\/index.php?rest_route=\/wp\/v2\/users\/1"}],"replies":[{"embeddable":true,"href":"https:\/\/domosistemas.com\/index.php?rest_route=%2Fwp%2Fv2%2Fcomments&post=7100"}],"version-history":[{"count":0,"href":"https:\/\/domosistemas.com\/index.php?rest_route=\/wp\/v2\/posts\/7100\/revisions"}],"wp:attachment":[{"href":"https:\/\/domosistemas.com\/index.php?rest_route=%2Fwp%2Fv2%2Fmedia&parent=7100"}],"wp:term":[{"taxonomy":"category","embeddable":true,"href":"https:\/\/domosistemas.com\/index.php?rest_route=%2Fwp%2Fv2%2Fcategories&post=7100"},{"taxonomy":"post_tag","embeddable":true,"href":"https:\/\/domosistemas.com\/index.php?rest_route=%2Fwp%2Fv2%2Ftags&post=7100"}],"curies":[{"name":"wp","href":"https:\/\/api.w.org\/{rel}","templated":true}]}}