{"id":7116,"date":"2017-02-08T08:30:00","date_gmt":"2017-02-08T08:30:00","guid":{"rendered":"http:\/\/domosistemas.com\/?p=7116"},"modified":"2017-02-08T08:30:00","modified_gmt":"2017-02-08T08:30:00","slug":"jornada-presentacion-iii-congreso-edificios-inteligentes-el-proximo-14-febrero-en-el-coam","status":"publish","type":"post","link":"https:\/\/domosistemas.com\/?p=7116","title":{"rendered":"Jornada Presentaci\u00f3n III Congreso Edificios Inteligentes el pr\u00f3ximo 14 febrero en el COAM"},"content":{"rendered":"<p>El pr\u00f3ximo martes 14 de febrero se organiza en Colegio Oficial de Arquitectos de Madrid (COAM) la <a href=\"http:\/\/www.congreso-edificiosinteligentes.es\/jornada-presentacion-congreso\/\">Jornada de Presentaci\u00f3n<\/a> del <a href=\"http:\/\/www.congreso-edificiosinteligentes.es\/\">III Congreso Edificios Inteligentes<\/a>, que incluir\u00e1 una Mesa Redonda sobre la tem\u00e1tica: \u201cEDIFICIOS INTELIGENTES: UNA REALIDAD NECESARIA EN EL SECTOR INMOBILIARIO &#8211; An\u00e1lisis desde los agentes implicados en el proceso edificatorio\u201d.<\/p>\n<figure id=\"attachment_33680\" style=\"width: 800px\" class=\"wp-caption aligncenter\"><img loading=\"lazy\" decoding=\"async\" class=\"size-full wp-image-33680\" src=\"https:\/\/www.casadomo.com\/wp-content\/uploads\/2017\/02\/3-congreso-edificios-inteligentes-jornada-presentacion-800-400.png\" alt=\"Jornada Presentaci\u00f3n III Congreso Edificios Inteligentes\" width=\"800\" height=\"400\" \/><figcaption class=\"wp-caption-text\">La Jornada de Presentaci\u00f3n incluir\u00e1 una Mesa Redonda para debatir sobre la realidad necesaria de los Edificios Inteligentes en el sector inmobiliario.<\/figcaption><\/figure>\n<p>La Jornada ser\u00e1 inaugurada por Elena Sarabia, Secretario Junta Gobierno del COAM, que dar\u00e1 la bienvenida junto a Stefan Junestrand, Director III Congreso Edificios Inteligentes, que ser\u00e1 tambi\u00e9n el encargado de moderar la Mesa Redonda.<\/p>\n<p>En la misma, participar\u00e1n algunos de los actores clave en el proceso de la edificaci\u00f3n para debatir sobre la aportaci\u00f3n de los Edificios Inteligentes al Sector Inmobiliario, desde el punto de vista de los diferentes sectores y perfiles profesionales. Los componentes de la mesa son:<\/p>\n<ul>\n<li>Carlos Lahoz, Vicedecano, COAM (Colegio Oficial de Arquitectos de Madrid)<\/li>\n<li>Teresa Marzo, ASPRIMA (Asociaci\u00f3n de Promotores Inmobiliarios de Madrid)<\/li>\n<li>Roberto Rojas, Junta Directiva, IFMA (Asociaci\u00f3n Internacional de Facility Management)<\/li>\n<li>Sergio Rojas, CEDIA (Custom Electronic Design &amp; Installation Association)<\/li>\n<li>Andr\u00e9s Salcedo, Vicepresidente, CNI (Confederaci\u00f3n Nacional de Instaladores y Mantenedores)<\/li>\n<\/ul>\n<p>Para cerrar la jornada, Stefan Junestrand, realizar\u00e1 una descripci\u00f3n de lo que ser\u00e1 el III Congreso Edificios Inteligentes, que se celebrar\u00e1 los d\u00edas 20-21 de junio 2017 en Madrid. Se presentar\u00e1 tambi\u00e9n al Comit\u00e9 T\u00e9cnico del Congreso y se anunciar\u00e1 oficialmente la apertura del \u201cLlamamiento de Comunicaciones\u201d al mismo, abierto a todos los actores del sector.<\/p>\n<p>El III Congreso Edificios Inteligentes muestra en esta nueva edici\u00f3n un formato m\u00e1s din\u00e1mico y pr\u00e1ctico, incluyendo una zona de exposici\u00f3n y concluyendo con medio d\u00eda de puertas abiertas, con charlas t\u00e9cnicas y visita libre para todos los profesionales interesados en la inteligencia en los edificios.<\/p>\n<p>La Jornada de presentaci\u00f3n Oficial del Congreso se celebra de 12:00 a 14:00, en el Auditorio del Colegio Oficial de Arquitectos de Madrid (COAM), c\/ Hortaleza, 63 \u2013 2\u00aa Planta \u2013 28004 Madrid.<\/p>\n<h2>Inscripci\u00f3n<\/h2>\n<p>La asistencia es gratuita, hasta completar aforo, por lo que es imprescindible la <a href=\"http:\/\/www.congreso-edificiosinteligentes.es\/jornada-presentacion-congreso\/\">inscripci\u00f3n previa<\/a> on-line.<\/p>\n<h2>Organizaci\u00f3n y Patrocinios<\/h2>\n<p>Hasta el momento han confirmado la colaboraci\u00f3n y patrocinio las siguientes entidades:<\/p>\n<ul>\n<li>Organiza: Grupo Tecma Red<\/li>\n<li>Apoyo Institucional: COAM, Ministerio de Fomento, CEAPAT y Ayuntamiento de Madrid<\/li>\n<li>Patrocinador Oro: Mobotix<\/li>\n<li>Patrocinador Plata: Hager<\/li>\n<li>Patrocinador Bronce: KNX Espa\u00f1a<\/li>\n<li>Colaboradores: a3e, Adhac, Aedici, Aedip, Aes, Aetir, Afbel, Afec, Afme, Ali, Ametic, Ami, Anese, Anerr, Aniled, Aotec, Apte, Asa, Ashrae, Asit, Asprima, Avs, Breeam.es, BuildingSmart, Caf Marid, Cartif, CCII, CeDint, Cedom, CGCOII, Centac, Cepco, CNI, COIT, COGITT\/AEGITT, Conaif, CSCAE, Domotys, EMVS, Enace, Eneragen, Energylab, f2e, F2I2, Fecotel, Fenie, Fenitel, Fundaci\u00f3n Laboral de la Construcci\u00f3n, GBCe, Ifma Espa\u00f1a, Imdea Energ\u00eda, Inst. CC. Eduardo Torroja, ITH, KNX Espa\u00f1a, Lonmark Espa\u00f1a, Madrid Network, Planetic, Fundaci\u00f3n Sta. Mar\u00eda la Real, Secartys, SmartLivingPlat, Tecnalia, Wires.<\/li>\n<\/ul>\n<p>La entrada <a rel=\"nofollow\" href=\"https:\/\/www.casadomo.com\/2017\/02\/08\/jornada-presentacion-3-congreso-edificios-inteligentes-proximo-14-febrero-coam\">Jornada Presentaci\u00f3n III Congreso Edificios Inteligentes el pr\u00f3ximo 14 febrero en el COAM<\/a> aparece primero en <a rel=\"nofollow\" href=\"https:\/\/www.casadomo.com\">CASADOMO<\/a>.<\/p>\n<p><a href='https:\/\/www.casadomo.com\/2017\/02\/08\/jornada-presentacion-3-congreso-edificios-inteligentes-proximo-14-febrero-coam'>Ver noticia original<\/a><\/p>\n","protected":false},"excerpt":{"rendered":"<p>El pr\u00f3ximo martes 14 de febrero se organiza en Colegio Oficial de Arquitectos de Madrid (COAM) la Jornada de Presentaci\u00f3n del III Congreso Edificios Inteligentes, que incluir\u00e1 una Mesa Redonda sobre la tem\u00e1tica: \u201cEDIFICIOS INTELIGENTES: UNA REALIDAD NECESARIA EN EL SECTOR INMOBILIARIO &#8211; An\u00e1lisis desde los agentes implicados en el proceso edificatorio\u201d. La Jornada de &hellip; <a href=\"https:\/\/domosistemas.com\/?p=7116\" class=\"more-link\">Sigue leyendo <span class=\"screen-reader-text\">Jornada Presentaci\u00f3n III Congreso Edificios Inteligentes el pr\u00f3ximo 14 febrero en el COAM<\/span><\/a><\/p>\n","protected":false},"author":1,"featured_media":0,"comment_status":"closed","ping_status":"closed","sticky":false,"template":"","format":"standard","meta":{"footnotes":""},"categories":[3],"tags":[],"class_list":["post-7116","post","type-post","status-publish","format-standard","hentry","category-casadomo-com"],"_links":{"self":[{"href":"https:\/\/domosistemas.com\/index.php?rest_route=\/wp\/v2\/posts\/7116","targetHints":{"allow":["GET"]}}],"collection":[{"href":"https:\/\/domosistemas.com\/index.php?rest_route=\/wp\/v2\/posts"}],"about":[{"href":"https:\/\/domosistemas.com\/index.php?rest_route=\/wp\/v2\/types\/post"}],"author":[{"embeddable":true,"href":"https:\/\/domosistemas.com\/index.php?rest_route=\/wp\/v2\/users\/1"}],"replies":[{"embeddable":true,"href":"https:\/\/domosistemas.com\/index.php?rest_route=%2Fwp%2Fv2%2Fcomments&post=7116"}],"version-history":[{"count":0,"href":"https:\/\/domosistemas.com\/index.php?rest_route=\/wp\/v2\/posts\/7116\/revisions"}],"wp:attachment":[{"href":"https:\/\/domosistemas.com\/index.php?rest_route=%2Fwp%2Fv2%2Fmedia&parent=7116"}],"wp:term":[{"taxonomy":"category","embeddable":true,"href":"https:\/\/domosistemas.com\/index.php?rest_route=%2Fwp%2Fv2%2Fcategories&post=7116"},{"taxonomy":"post_tag","embeddable":true,"href":"https:\/\/domosistemas.com\/index.php?rest_route=%2Fwp%2Fv2%2Ftags&post=7116"}],"curies":[{"name":"wp","href":"https:\/\/api.w.org\/{rel}","templated":true}]}}