{"id":7154,"date":"2017-02-17T03:00:00","date_gmt":"2017-02-17T03:00:00","guid":{"rendered":"http:\/\/domosistemas.com\/?p=7154"},"modified":"2017-02-17T03:00:00","modified_gmt":"2017-02-17T03:00:00","slug":"talleres-formativos-dirigidos-al-instalador-en-la-feria-climatizacion-y-refrigeracion-2017","status":"publish","type":"post","link":"https:\/\/domosistemas.com\/?p=7154","title":{"rendered":"Talleres formativos dirigidos al instalador en la feria Climatizaci\u00f3n y Refrigeraci\u00f3n 2017"},"content":{"rendered":"<p><a href=\"http:\/\/www.ifema.es\/climatizacion_01\/\">Climatizaci\u00f3n y Refrigeraci\u00f3n (C&amp;R 2017)<\/a>, que se celebrar\u00e1 entre los d\u00edas del 28 de febrero al 3 de marzo de 2017 en los pabellones de IFEMA, se postula como una\u00a0gran cita comercial de referencia de los sectores de aire acondicionado, calefacci\u00f3n, ventilaci\u00f3n, fr\u00edo industrial y comercial. Contar\u00e1 con\u00a0 un completo y variado programa de actividades que ofrecer\u00e1 informaci\u00f3n sobre todas aquellas cuestiones que vienen marcando el desarrollo de esta industria, como los talleres TAC\u00a0con actividades dirigidas al mundo del instalador.<\/p>\n<figure id=\"attachment_34012\" style=\"width: 800px\" class=\"wp-caption aligncenter\"><img loading=\"lazy\" decoding=\"async\" class=\"wp-image-34012 size-full\" src=\"https:\/\/www.casadomo.com\/wp-content\/uploads\/2017\/02\/700-empresas-climatizacion-refrigeracion.png\" alt=\"Climatizaci\u00f3n 2015\" width=\"800\" height=\"487\" \/><figcaption class=\"wp-caption-text\">Los talleres TAC de Climatizaci\u00f3n y Refrigeraci\u00f3n\u00a0abordar\u00e1n actividades como la telegesti\u00f3n aplicada a una instalaci\u00f3n centralizada.<\/figcaption><\/figure>\n<p>Novedades y desarrollos tecnol\u00f3gicos, normativa y experiencias de \u00e9xito se expondr\u00e1n y analizar\u00e1n en la feria de la mano de reconocidos expertos, en un espacio divulgativo y de conocimiento de gran calado. La celebraci\u00f3n del Taller TAC y el Taller de Refrigeraci\u00f3n\u00a0cuenta con actividades dirigidas al mundo del instalador que, con un formato did\u00e1ctico y formativo, tienen por \u00a0objeto promover las mejores pr\u00e1cticas.\u00a0El Taller TAC abordar\u00e1 la telegesti\u00f3n aplicada a una instalaci\u00f3n centralizada t\u00e9rmica; sistemas de calefacci\u00f3n y ACS con coste cero que combinan dos energ\u00edas renovables; o los sistemas de repartidores de costes en instalaciones t\u00e9rmicas centralizadas.<\/p>\n<p>Adem\u00e1s la feria presentar\u00e1 una nueva edici\u00f3n de la Galer\u00eda de Innovaci\u00f3n que ofrecer\u00e1 una muestra de las l\u00edneas de desarrollo en las que trabajan las empresas con una selecci\u00f3n de 12\u00a0productos y equipos que destacan por su cualidad innovadora. Entre estas propuestas se encuentran equipos basados en la utilizaci\u00f3n de nuevos refrigerantes; avanzados sistemas de control\u00a0o mejoras en bombas de calor.<\/p>\n<p>La entrada <a rel=\"nofollow\" href=\"https:\/\/www.casadomo.com\/2017\/02\/17\/talleres-formativos-dirigidos-instalador-feria-climatizacion-refrigeracion-2017\">Talleres formativos dirigidos al instalador en la feria Climatizaci\u00f3n y Refrigeraci\u00f3n 2017<\/a> aparece primero en <a rel=\"nofollow\" href=\"https:\/\/www.casadomo.com\">CASADOMO<\/a>.<\/p>\n<p><a href='https:\/\/www.casadomo.com\/2017\/02\/17\/talleres-formativos-dirigidos-instalador-feria-climatizacion-refrigeracion-2017'>Ver noticia original<\/a><\/p>\n","protected":false},"excerpt":{"rendered":"<p>Climatizaci\u00f3n y Refrigeraci\u00f3n (C&amp;R 2017), que se celebrar\u00e1 entre los d\u00edas del 28 de febrero al 3 de marzo de 2017 en los pabellones de IFEMA, se postula como una\u00a0gran cita comercial de referencia de los sectores de aire acondicionado, calefacci\u00f3n, ventilaci\u00f3n, fr\u00edo industrial y comercial. Contar\u00e1 con\u00a0 un completo y variado programa de actividades &hellip; <a href=\"https:\/\/domosistemas.com\/?p=7154\" class=\"more-link\">Sigue leyendo <span class=\"screen-reader-text\">Talleres formativos dirigidos al instalador en la feria Climatizaci\u00f3n y Refrigeraci\u00f3n 2017<\/span><\/a><\/p>\n","protected":false},"author":1,"featured_media":0,"comment_status":"closed","ping_status":"closed","sticky":false,"template":"","format":"standard","meta":{"footnotes":""},"categories":[3],"tags":[],"class_list":["post-7154","post","type-post","status-publish","format-standard","hentry","category-casadomo-com"],"_links":{"self":[{"href":"https:\/\/domosistemas.com\/index.php?rest_route=\/wp\/v2\/posts\/7154","targetHints":{"allow":["GET"]}}],"collection":[{"href":"https:\/\/domosistemas.com\/index.php?rest_route=\/wp\/v2\/posts"}],"about":[{"href":"https:\/\/domosistemas.com\/index.php?rest_route=\/wp\/v2\/types\/post"}],"author":[{"embeddable":true,"href":"https:\/\/domosistemas.com\/index.php?rest_route=\/wp\/v2\/users\/1"}],"replies":[{"embeddable":true,"href":"https:\/\/domosistemas.com\/index.php?rest_route=%2Fwp%2Fv2%2Fcomments&post=7154"}],"version-history":[{"count":0,"href":"https:\/\/domosistemas.com\/index.php?rest_route=\/wp\/v2\/posts\/7154\/revisions"}],"wp:attachment":[{"href":"https:\/\/domosistemas.com\/index.php?rest_route=%2Fwp%2Fv2%2Fmedia&parent=7154"}],"wp:term":[{"taxonomy":"category","embeddable":true,"href":"https:\/\/domosistemas.com\/index.php?rest_route=%2Fwp%2Fv2%2Fcategories&post=7154"},{"taxonomy":"post_tag","embeddable":true,"href":"https:\/\/domosistemas.com\/index.php?rest_route=%2Fwp%2Fv2%2Ftags&post=7154"}],"curies":[{"name":"wp","href":"https:\/\/api.w.org\/{rel}","templated":true}]}}