{"id":7173,"date":"2017-02-22T03:00:00","date_gmt":"2017-02-22T03:00:00","guid":{"rendered":"http:\/\/domosistemas.com\/?p=7173"},"modified":"2017-02-22T03:00:00","modified_gmt":"2017-02-22T03:00:00","slug":"jornada-lanzamiento-del-iii-congreso-edificios-inteligentes-en-el-coam","status":"publish","type":"post","link":"https:\/\/domosistemas.com\/?p=7173","title":{"rendered":"Jornada Lanzamiento del III Congreso Edificios Inteligentes en el COAM"},"content":{"rendered":"<p>La tercera edici\u00f3n del <a href=\"http:\/\/www.congreso-edificiosinteligentes.es\">Congreso Edificios Inteligentes<\/a> ya se encuentra en marcha con la celebraci\u00f3n de una Jornada de Lanzamiento Oficial del mismo que, organizada por <a href=\"http:\/\/www.grupotecmared.es\/\">Grupo Tecma Red<\/a>, tuvo lugar el pasado 14 de febrero en la sede del <a href=\"http:\/\/www.coam.org\/\">COAM<\/a>\u00a0(Colegio Oficial de Arquitectos de Madrid).\u00a0Durante la jornada, se presentaron los datos principales del evento y se explicaron los procedimientos para la presentaci\u00f3n de comunicaciones, cuyo plazo Llamamiento de Comunicaciones al sector est\u00e1 abierto desde el 22 de febrero.<\/p>\n<div class=\"video-wrapper\">\n<div class=\"video-container\"><\/div>\n<\/p><\/div>\n<p>La Jornada fue inaugurada por Stefan Junestrand, Director del Congreso, y Carlos Lahoz, Vicedecano del COAM, en cuyo Sal\u00f3n de Actos se celebrar\u00e1 el III Congreso Edificios Inteligentes los d\u00edas 20 y 21 de junio.\u00a0Lahoz, que ejerci\u00f3 de anfitri\u00f3n del evento, subray\u00f3 la importancia del Congreso porque \u201cse puede producir el intercambio de conocimiento entre los actores que tienen algo que decir, pero tambi\u00e9n por el acercamiento de las tecnolog\u00edas a la arquitectura\u201d.<\/p>\n<figure id=\"attachment_34143\" style=\"width: 800px\" class=\"wp-caption aligncenter\"><img loading=\"lazy\" decoding=\"async\" class=\"size-full wp-image-34143\" src=\"https:\/\/www.casadomo.com\/wp-content\/uploads\/2017\/02\/jornada-lanzamiento-3-congreso-edificios-inteligentes-general.png\" alt=\"Jornada Lanzamiento III Congreso Edificios Inteligentes\" width=\"800\" height=\"442\" \/><figcaption class=\"wp-caption-text\">Durante la Jornada de Lanzamiento, se\u00a0explicaron los procedimientos para la presentaci\u00f3n de comunicaciones.<\/figcaption><\/figure>\n<p>Hasta ahora, el \u00fanico uso que se le hab\u00eda dado a las tecnolog\u00edas ha sido en la parte instrumental, para el dise\u00f1o y representaci\u00f3n de los edificios. Las tecnolog\u00edas se incorporan al proyecto una vez se ha construido: son dos realidades completamente distintas. Por tanto, \u201cacercar la tecnolog\u00eda a los arquitectos es fundamental para la din\u00e1mica\u201d, sentenci\u00f3 Lahoz.<\/p>\n<figure id=\"attachment_34157\" style=\"width: 800px\" class=\"wp-caption aligncenter\"><img loading=\"lazy\" decoding=\"async\" class=\"size-full wp-image-34157\" src=\"https:\/\/www.casadomo.com\/wp-content\/uploads\/2017\/02\/jornada-lanzamiento-3-congreso-edificios-inteligentes-stefan-junestrand.png\" alt=\"Stefan Junestrand presentando la Jornada Lanzamiento III Congreso Edificios Inteligentes\" width=\"800\" height=\"551\" \/><figcaption class=\"wp-caption-text\">Seg\u00fan Junestrand, todas las profesiones deben colaborar y los\u00a0proyectos deben ser multidisciplinares.<\/figcaption><\/figure>\n<p>Para Stefan Junestrand, celebrar el III Congreso Edificios Inteligentes en el COAM es \u201cun entorno inmejorable para reunir todas las profesionales que est\u00e1n trabajando en la edificaci\u00f3n en torno a un tema novedoso\u201d. \u201cTodas las profesiones debemos colaborar m\u00e1s en estos proyectos multidisciplinares y aportar nuestro\u00a0conocimiento para desarrollar edificios m\u00e1s eficientes y seguros\u201d, a\u00f1adi\u00f3.<\/p>\n<h2>Edificios Inteligentes, una realidad en el sector inmobiliario<\/h2>\n<p>A continuaci\u00f3n, se desarroll\u00f3 una Mesa Redonda en la que agentes implicados en el proceso edificatorio realizaron un an\u00e1lisis sobre los <em>Edificios Inteligentes \u2013 Una realidad necesaria en el sector inmobiliario<\/em>. Moderado por el director del Congreso, este debate \u00a0abord\u00f3 aspectos como la contribuci\u00f3n de los edificios inteligentes al sector inmobiliario, beneficiarios de la integraci\u00f3n tecnol\u00f3gica en los edificios o los principales beneficiarios de las tecnolog\u00edas en los edificios.<\/p>\n<figure id=\"attachment_34150\" style=\"width: 800px\" class=\"wp-caption aligncenter\"><img loading=\"lazy\" decoding=\"async\" class=\"size-full wp-image-34150\" src=\"https:\/\/www.casadomo.com\/wp-content\/uploads\/2017\/02\/jornada-lanzamiento-3-congreso-edificios-inteligentes-mesa-redonda-2.png\" alt=\"Mesa Redonda en la Jornada Lanzamiento III Congreso Edificios Inteligentes\" width=\"800\" height=\"588\" \/><figcaption class=\"wp-caption-text\">La Mesa Redonda abord\u00f3 los Edificios Inteligentes como una realidad necesaria en el sector inmobiliaria.<\/figcaption><\/figure>\n<p>Esta Mesa Redonda cont\u00f3 con la participaci\u00f3n de Carlos Lahoz, en representaci\u00f3n del COAM (Colegio Oficial de Arquitectos de Madrid), Teresa Marzo de ASPRIMA (Asociaci\u00f3n de Promotores Inmobiliarios de Madrid), Roberto Rojas de IFMA Espa\u00f1a (International Facility Management Association), Sergio Rojas de CEDIA y Andr\u00e9s Salcedo de CNI (Confederaci\u00f3n Nacional de Instaladores y Mantenedores). Seg\u00fan Lahoz, el sustrato de la edificaci\u00f3n debe ser incorporado a las nuevas realidades y, para ello, se debe cambiar la arquitectura.\u00a0Teresa Marzo se\u00f1al\u00f3 que la estrategia de los Edificios Inteligentes debe focalizarse en la eficiencia energ\u00e9tica para garantizar la calidad de vida de los ciudadanos y reducir el consumo energ\u00e9tico. Por ello, apuestan por la implantaci\u00f3n del BIM, no solo para el dise\u00f1o de los edificios, sino tambi\u00e9n para su mantenimiento.<\/p>\n<figure id=\"attachment_34142\" style=\"width: 800px\" class=\"wp-caption aligncenter\"><img loading=\"lazy\" decoding=\"async\" class=\"wp-image-34142 size-full\" src=\"https:\/\/www.casadomo.com\/wp-content\/uploads\/2017\/02\/jornada-lanzamiento-3-congreso-edificios-inteligentes-carlos-lahoz.png\" alt=\"Carlos Lahoz, Vicedecano del COAM, en la Jornada Lanzamiento III Congreso Edificios Inteligentes\" width=\"800\" height=\"518\" \/><figcaption class=\"wp-caption-text\">Para Carlos Lahoz, es esencial incorporar la tecnolog\u00eda desde el dise\u00f1o del edificio.<\/figcaption><\/figure>\n<p>Para Roberto Rojas, la inteligencia no solo se reduce a monitorizar los edificios. La verdadera inteligencia es interactuar con el edificio para lograr tener un diagn\u00f3stico del estado del inmueble, actuar de acuerdo con sus problem\u00e1ticas y conseguir as\u00ed un mantenimiento predictivo.\u00a0Por su parte, Sergio Rojas explic\u00f3 que, desde CEDIA, abogan por la uni\u00f3n de la arquitectura con la tecnolog\u00eda y la evoluci\u00f3n social. \u201cEn las reuniones, todas las personas participan y aportan ideas, por tanto, la tecnolog\u00eda debe responder a esos requisitos\u201d, enfatiz\u00f3. Por ello, apuestan por que cada edificio deba hacerse de forma personalizada y adaptado a los ambientes cambiantes.<\/p>\n<figure id=\"attachment_34141\" style=\"width: 800px\" class=\"wp-caption aligncenter\"><img loading=\"lazy\" decoding=\"async\" class=\"wp-image-34141 size-full\" src=\"https:\/\/www.casadomo.com\/wp-content\/uploads\/2017\/02\/jornada-lanzamiento-3-congreso-edificios-inteligentes-andres-salcedo.png\" alt=\"Andr\u00e9s Salcedo, de CNI, en la Jornada Lanzamiento del III Congreso Edificios Inteligentes\" width=\"800\" height=\"554\" \/><figcaption class=\"wp-caption-text\">Los instaladores pueden aportar al proyecto el feedback del cliente porque realizan el mantenimiento del edificio.<\/figcaption><\/figure>\n<p>Desde el punto de vista de los instaladores, para lograr edificios inteligentes, se deber\u00eda hablar con este colectivo desde el inicio del dise\u00f1o del edificio y no dejarle en la \u00faltima labor, sobre todo en los de nueva construcci\u00f3n. \u201cComo instaladores, lo que podemos aportar al proyecto es el feedback del cliente mientras realizamos el mantenimiento\u201d, subray\u00f3 Andr\u00e9s Salcedo.<\/p>\n<h2>Incorporar la tecnolog\u00eda desde el dise\u00f1o del edificio<\/h2>\n<p>Como principales beneficiarios de la integraci\u00f3n tecnol\u00f3gica en el edificio, Roberto Rojas explic\u00f3 que un Edificio Inteligente \u201cfacilita la vida al Facility Manager por la informaci\u00f3n sobre el uso y explotaci\u00f3n es \u00fatil a la hora de planificar y dise\u00f1arlo\u201d. Si bien, debe participar en el dise\u00f1o del edificio.\u00a0Lahoz insisti\u00f3 en que \u00a0no se trata de incorporar la tecnolog\u00eda despu\u00e9s de dise\u00f1ar el edificio sino concebirla desde el principio. En este sentido, Sergio Rojas apunt\u00f3 que se debe conocer muy bien al grupo para el que se va a dise\u00f1ar un edificio o instalaci\u00f3n. \u201cLas viviendas ya no son viviendas sino que deben saber transformarse de acuerdo con diferentes requisitos y necesidades\u201d.<\/p>\n<figure id=\"attachment_34156\" style=\"width: 800px\" class=\"wp-caption aligncenter\"><img loading=\"lazy\" decoding=\"async\" class=\"size-full wp-image-34156\" src=\"https:\/\/www.casadomo.com\/wp-content\/uploads\/2017\/02\/jornada-lanzamiento-3-congreso-edificios-inteligentes-sergio-rojas.png\" alt=\"Sergio Rojas, CEDIA, en la Jornada Lanzamiento III Congreso Edificios Inteligentes\" width=\"800\" height=\"471\" \/><figcaption class=\"wp-caption-text\">Para Sergio Rojas, CEDIA, las viviendas deben saber transformarse de acuerdo con los diferentes requisitos y necesidades.<\/figcaption><\/figure>\n<p>Como objetivos de los Edificios Inteligentes para alcanzar en los pr\u00f3ximos a\u00f1os, se\u00f1alaron el confort y la felicidad, la alta disponibilidad de los activos y la eficiencia energ\u00e9tica o el Big Data. Y en cuanto al futuro del sector de la edificaci\u00f3n en los pr\u00f3ximos cinco a\u00f1os y el papel que jugar\u00e1 la tecnolog\u00eda, las opiniones fueron dispares. Desde CNI han se\u00f1alado la labor de informaci\u00f3n y formaci\u00f3n que desempe\u00f1ar\u00e1n usuarios y profesionales.<\/p>\n<figure id=\"attachment_34155\" style=\"width: 800px\" class=\"wp-caption aligncenter\"><img loading=\"lazy\" decoding=\"async\" class=\"size-full wp-image-34155\" src=\"https:\/\/www.casadomo.com\/wp-content\/uploads\/2017\/02\/jornada-lanzamiento-3-congreso-edificios-inteligentes-roberto-rojas.png\" alt=\"Roberto Rojas, IFMA, en la Jornada Lanzamiento del III Congreso Edificios Inteligentes\" width=\"800\" height=\"478\" \/><figcaption class=\"wp-caption-text\">Los arquitectos tendr\u00e1n que introducir robots en el dise\u00f1o de los edificios del futuro, seg\u00fan Roberto Rojas.<\/figcaption><\/figure>\n<p>CEDIA vaticina, por su parte, grandes cambios en el uso y dise\u00f1o de los edificios como por ejemplo, en parkings, salas de reuniones o materiales para la construcci\u00f3n. Seg\u00fan Roberto Rojas de IFMA, la Inteligencia Artificial va a revolucionar los Edificios Inteligentes, donde tambi\u00e9n destacar\u00e1 la integraci\u00f3n de robots \u00abhasta tal punto que los arquitectos tendr\u00e1n que introducir en el dise\u00f1o del edificio los espacios para los robots de mantenimiento\u00bb.<\/p>\n<figure id=\"attachment_34158\" style=\"width: 800px\" class=\"wp-caption aligncenter\"><img loading=\"lazy\" decoding=\"async\" class=\"size-full wp-image-34158\" src=\"https:\/\/www.casadomo.com\/wp-content\/uploads\/2017\/02\/jornada-lanzamiento-3-congreso-edificios-inteligentes-teresa-marzo.png\" alt=\"Teresa Marzo, ASPRIMA, en la Jornada Lanzamiento del III Congreso Edificios Inteligentes\" width=\"800\" height=\"443\" \/><figcaption class=\"wp-caption-text\">Desde ASPRIMA apuestan por la\u00a0implantaci\u00f3n del BIM para el dise\u00f1o y\u00a0mantenimiento de los edificios.<\/figcaption><\/figure>\n<p>Teresa Marzo apost\u00f3 por la incorporaci\u00f3n de nuevos materiales fotocatal\u00edticos que mejoran la sostenibilidad de los edificios, el autoconsumo y otros servicios que ya se deber\u00edan incorporar en las nuevas promociones ante los cambios tecnol\u00f3gicos, por ejemplo, buzones inteligentes para dejar paquetes sin necesidad de persona f\u00edsica. Lahoz hizo referencia a\u00a0la movilidad privada, donde las ciudades sin veh\u00edculos generar\u00e1n nuevas oportunidades. \u201cLa revoluci\u00f3n tecnol\u00f3gica est\u00e1 ocurriendo sin que nos demos cuenta\u201d, concluy\u00f3.<\/p>\n<h2>As\u00ed ser\u00e1 el III Congreso Edificios Inteligentes<\/h2>\n<p>Finalizada la Mesa Redonda, Stefan Junestrand present\u00f3 el III Congreso Edificios Inteligentes, ya posicionado como el principal foro profesional en Espa\u00f1a que aborda el concepto del Edificio Inteligente desde un punto de vista integral y multidisciplinar. Su objetivo es acelerar y aumentar la inclusi\u00f3n de las mejores soluciones y sistemas tecnol\u00f3gicos posibles en la edificaci\u00f3n para conseguir edificios m\u00e1s eficientes, seguros, funcionales y accesibles.<\/p>\n<figure id=\"attachment_34154\" style=\"width: 800px\" class=\"wp-caption aligncenter\"><img loading=\"lazy\" decoding=\"async\" class=\"wp-image-34154 size-full\" src=\"https:\/\/www.casadomo.com\/wp-content\/uploads\/2017\/02\/jornada-lanzamiento-3-congreso-edificios-inteligentes-publico-2.png\" alt=\"P\u00fablico en la Jornada Lanzamiento III Congreso Edificios Inteligentes\" width=\"800\" height=\"501\" \/><figcaption class=\"wp-caption-text\">El III Congreso Edificios Inteligentes se ha posicionado como el principal foro profesional en Espa\u00f1a que aborda el concepto del Edificio Inteligente desde un punto de vista integral y multidisciplinar.<\/figcaption><\/figure>\n<p>El Congreso se desarrollar\u00e1 a lo largo de un d\u00eda y medio e incluir\u00e1 cerca de 20 Presentaciones orales de comunicaciones, basadas en el Llamamiento de Comunicaciones, dos Ponencias Magistrales con ponentes destacados, Mesas Redondas sobre tem\u00e1ticas estrat\u00e9gicas para los Edificios Inteligentes, as\u00ed como Puntos de Encuentro de Entidades y Empresas Patrocinadoras.\u00a0Para la elecci\u00f3n del programa del Congreso, un Comit\u00e9 T\u00e9cnico formado por cerca de 40\u00a0expertos del sector, cuya primera reuni\u00f3n se ha celebrado tambi\u00e9n el 14 de febrero, y se encargar\u00e1 de velar por la calidad, representatividad y diversidad del contenido as\u00ed como de los ponentes.<\/p>\n<h2>Abierto el Llamamiento de Comunicaciones<\/h2>\n<p>Durante la Jornada, tambi\u00e9n se anunci\u00f3 la apertura del Llamamiento de Comunicaciones para el III Congreso Edificios Inteligentes, invitando a todos los agentes involucrados en su desarrollo a presentar propuestas de Comunicaciones antes del\u00a031 de marzo.\u00a0El Comit\u00e9 t\u00e9cnico del Congreso ha determinado que las \u00e1reas tem\u00e1ticas sobre las que se basen las Comunicaciones del III Congreso Ciudades Inteligentes sean las siguientes:<\/p>\n<ul>\n<li>Implicaciones Sociol\u00f3gicas de los Edificios Inteligentes<\/li>\n<li>Dise\u00f1o, Arquitectura e Ingenier\u00eda de los Edificios Inteligentes<\/li>\n<li>Construcci\u00f3n, Instalaciones, Gesti\u00f3n y Mantenimiento en los Edificios Inteligentes<\/li>\n<li>Tecnolog\u00edas, Soluciones y Sistemas para la Inteligencia en los Edificios<\/li>\n<li>Accesibilidad y Seguridad de Utilizaci\u00f3n de los Edificios Inteligentes<\/li>\n<li>La Experiencia del Usuario en el Edificio Inteligente: Requerimientos de la Demanda<\/li>\n<li>Inversi\u00f3n y Modelos de Negocio en torno a los Edificios Inteligentes<\/li>\n<li>Actualizaci\u00f3n y Modernizaci\u00f3n de los Edificios Existentes<\/li>\n<li>Regulaci\u00f3n y Certificaci\u00f3n de los Edificios Inteligentes<\/li>\n<\/ul>\n<p>Las personas o entidades interesadas en presentar comunicaciones deber\u00e1n aportar un breve texto que resuma sus aspectos clave. El Comit\u00e9 T\u00e9cnico seleccionar\u00e1 alrededor de 20 de las Comunicaciones Finales que tendr\u00e1n la oportunidad de ser presentadas de forma oral dentro del Congreso por parte de su autor. Adem\u00e1s, todas las comunicaciones aceptadas por el Comit\u00e9 T\u00e9cnico ser\u00e1n publicadas en el Libro de Comunicaciones del Congreso y\/o en formato digital a trav\u00e9s del Portal\u00a0<a href=\"https:\/\/www.casadomo.com\">CASADOMO<\/a>.<\/p>\n<figure id=\"attachment_34227\" style=\"width: 800px\" class=\"wp-caption aligncenter\"><img loading=\"lazy\" decoding=\"async\" class=\"size-full wp-image-34227\" src=\"https:\/\/www.casadomo.com\/wp-content\/uploads\/2017\/02\/jornada-lanzamiento-3-congreso-edificios-inteligentes-coctel-general.png\" alt=\"C\u00f3ctel Networking de la Jornada de Lanzamiento del III Congreso Edificios Inteligentes\" width=\"800\" height=\"468\" \/><figcaption class=\"wp-caption-text\">El Llamamiento de Comunicaciones estar\u00e1 abierto hasta el 31 de marzo.<\/figcaption><\/figure>\n<p>La jornada, que cont\u00f3 con m\u00e1s de 110 asistentes, finaliz\u00f3 con un Vino Espa\u00f1ol donde los asistentes aprovecharon para hacer Networking entre ellos y con los ponentes.<\/p>\n<p>La entrada <a rel=\"nofollow\" href=\"https:\/\/www.casadomo.com\/2017\/02\/22\/jornada-lanzamiento-3-congreso-edificios-inteligentes-coam\">Jornada Lanzamiento del III Congreso Edificios Inteligentes en el COAM<\/a> aparece primero en <a rel=\"nofollow\" href=\"https:\/\/www.casadomo.com\">CASADOMO<\/a>.<\/p>\n<p><a href='https:\/\/www.casadomo.com\/2017\/02\/22\/jornada-lanzamiento-3-congreso-edificios-inteligentes-coam'>Ver noticia original<\/a><\/p>\n","protected":false},"excerpt":{"rendered":"<p>La tercera edici\u00f3n del Congreso Edificios Inteligentes ya se encuentra en marcha con la celebraci\u00f3n de una Jornada de Lanzamiento Oficial del mismo que, organizada por Grupo Tecma Red, tuvo lugar el pasado 14 de febrero en la sede del COAM\u00a0(Colegio Oficial de Arquitectos de Madrid).\u00a0Durante la jornada, se presentaron los datos principales del evento &hellip; <a href=\"https:\/\/domosistemas.com\/?p=7173\" class=\"more-link\">Sigue leyendo <span class=\"screen-reader-text\">Jornada Lanzamiento del III Congreso Edificios Inteligentes en el COAM<\/span><\/a><\/p>\n","protected":false},"author":1,"featured_media":0,"comment_status":"closed","ping_status":"closed","sticky":false,"template":"","format":"standard","meta":{"footnotes":""},"categories":[3],"tags":[],"class_list":["post-7173","post","type-post","status-publish","format-standard","hentry","category-casadomo-com"],"_links":{"self":[{"href":"https:\/\/domosistemas.com\/index.php?rest_route=\/wp\/v2\/posts\/7173","targetHints":{"allow":["GET"]}}],"collection":[{"href":"https:\/\/domosistemas.com\/index.php?rest_route=\/wp\/v2\/posts"}],"about":[{"href":"https:\/\/domosistemas.com\/index.php?rest_route=\/wp\/v2\/types\/post"}],"author":[{"embeddable":true,"href":"https:\/\/domosistemas.com\/index.php?rest_route=\/wp\/v2\/users\/1"}],"replies":[{"embeddable":true,"href":"https:\/\/domosistemas.com\/index.php?rest_route=%2Fwp%2Fv2%2Fcomments&post=7173"}],"version-history":[{"count":0,"href":"https:\/\/domosistemas.com\/index.php?rest_route=\/wp\/v2\/posts\/7173\/revisions"}],"wp:attachment":[{"href":"https:\/\/domosistemas.com\/index.php?rest_route=%2Fwp%2Fv2%2Fmedia&parent=7173"}],"wp:term":[{"taxonomy":"category","embeddable":true,"href":"https:\/\/domosistemas.com\/index.php?rest_route=%2Fwp%2Fv2%2Fcategories&post=7173"},{"taxonomy":"post_tag","embeddable":true,"href":"https:\/\/domosistemas.com\/index.php?rest_route=%2Fwp%2Fv2%2Ftags&post=7173"}],"curies":[{"name":"wp","href":"https:\/\/api.w.org\/{rel}","templated":true}]}}