{"id":7337,"date":"2017-04-05T02:00:00","date_gmt":"2017-04-05T02:00:00","guid":{"rendered":"http:\/\/domosistemas.com\/?p=7337"},"modified":"2017-04-05T02:00:00","modified_gmt":"2017-04-05T02:00:00","slug":"andres-sepulveda-presidente-de-ashrae-spain-chapter","status":"publish","type":"post","link":"https:\/\/domosistemas.com\/?p=7337","title":{"rendered":"Andr\u00e9s Sep\u00falveda, Presidente de ASHRAE Spain Chapter"},"content":{"rendered":"<p>El pasado 16 de junio Andr\u00e9s Sep\u00falveda fue elegido nuevo presidente de <a href=\"http:\/\/spain-ashrae.org\/\">ASHRAE SpainChapter<\/a>, durante la Asamblea General celebrada en Madrid. Su periplo\u00a0a la cabeza de esta organizaci\u00f3n\u00a0coincidir\u00e1 con el d\u00e9cimo aniversario\u00a0del cap\u00edtulo\u00a0oficial de la asociaci\u00f3n americana ASHRAE en Espa\u00f1a. Por ello, adelanta a CASADOMO los objetivos as\u00ed como sus actividades para lograr edificios m\u00e1s inteligentes.<\/p>\n<p><strong>CASADOMO: En junio de 2016 fue nombrado presidente de Ashrae Spain Chapter, \u00bfqu\u00e9 supuso para usted asumir la representaci\u00f3n de este colectivo? \u00bfQu\u00e9 balance realiza de estos primeros meses en el cargo?<\/strong><\/p>\n<p><strong>Andr\u00e9s Sep\u00falveda:<\/strong> Debo decir que para m\u00ed supuso y est\u00e1 suponiendo un reto y un privilegio estar al frente del cap\u00edtulo espa\u00f1ol de esta asociaci\u00f3n de tan enorme prestigio, en nuestro sector, a nivel mundial. El balance est\u00e1 siendo muy positivo y se fundamenta en la participaci\u00f3n muy activa y dedicada de todos los miembros de nuestro \u00f3rgano de direcci\u00f3n (BOG) y \u00a0de nuestros patrocinadores, el dinamismo que nos est\u00e1 dando nuestra p\u00e1gina web y la variedad de actividades que estamos programando.<\/p>\n<figure id=\"attachment_36919\" style=\"width: 800px\" class=\"wp-caption aligncenter\"><img loading=\"lazy\" decoding=\"async\" class=\"wp-image-36919 size-full\" src=\"https:\/\/www.casadomo.com\/wp-content\/uploads\/2017\/04\/andres-sepulveda-presidente-ashrae-spain-chapter-edificios-inteligentes.png\" alt=\"Andr\u00e9s Sep\u00falveda, presidente ASHRAE\" width=\"800\" height=\"564\" \/><figcaption class=\"wp-caption-text\">Uno de los objetivos para ASHRAE Spain Chapter que se\u00f1ala Andr\u00e9s Sep\u00falveda es conseguir, como m\u00ednimo, otros 50 nuevos socios.<\/figcaption><\/figure>\n<p>Tenemos 50 nuevos miembros de ASHRAE desde junio del a\u00f1o pasado, lo que supone un incremento del 25%.\u00a0Se han organizado con gran \u00e9xito dos jornadas t\u00e9cnicas. Otras tres est\u00e1n programadas sobre dise\u00f1o y explotaci\u00f3n de edificios muy altos, sobre el gas rad\u00f3n y sus efectos sobre la salud y sobre la gesti\u00f3n de riesgos por legionelosis en instalaciones de distribuci\u00f3n y suministro de agua en edificios. Se ha traducido el Est\u00e1ndar 62.1-2016 de ASHRAE \u201cVentilaci\u00f3n para una Calidad Adecuada del Aire Interior\u201d. Hemos participado con un stand en la Feria C&amp;R 17, con una gran cantidad de visitantes y en la Jornada Plenaria sobre Ciclo de Vida que tuvo un gran n\u00famero de asistentes, organizada por la Feria y en coordinaci\u00f3n con AEDICI.<\/p>\n<p>Ahora mismo estamos inmersos en la celebraci\u00f3n de nuestro 10\u00ba aniversario el 23 de Mayo, con la presencia del pr\u00f3ximo presidente de ASHRAE, Profesor Bjarne Olesen que impartir\u00e1 una conferencia magistral.\u00a0Como primicia dir\u00e9 que creo que tenemos ya firmado el primer grupo ASHRAE de estudiantes en una Universidad.<\/p>\n<p><strong>CASADOMO: \u00bfCu\u00e1les son los objetivos que se han fijado por parte de la Asociaci\u00f3n para este periodo de presidencia?<\/strong><\/p>\n<p><strong>Andr\u00e9s Sep\u00falveda:<\/strong>\u00a0Promocionar intensivamente todos los recursos de formaci\u00f3n que ofrece ASHRAE (publicaciones, cursos y certificaciones), conseguir, como m\u00ednimo, otros 50 nuevos socios, con una gran proporci\u00f3n de estudiantes, lograr la mayor difusi\u00f3n de nuestro 10\u00ba Aniversario, consolidar al menos otros dos grupos activos de estudiantes con otras universidades, traducir el Est\u00e1ndar 90.1-2016, tener al menos una vicepresidencia en la nueva Regi\u00f3n Europa de ASHRAE, incluir cinco ingenieros espa\u00f1oles en el grupo de formadores internacionales de ASHRAE, detectar temas de inter\u00e9s para pr\u00f3ximas jornadas t\u00e9cnicas, lograr m\u00e1s voluntarios que quieran participar en nuestras actividades, como por ejemplo, la traducci\u00f3n de gu\u00edas, etc.<\/p>\n<p><strong>CASADOMO: Desde el punto de vista de Ashrae, que representanta a los sectores de la calefacci\u00f3n, refrigeraci\u00f3n y aire acondicionado, \u00bfc\u00f3mo contribuyen e influyen este tipo de instalaciones para lograr edificios m\u00e1s inteligentes y eficientes?<\/strong><\/p>\n<p><strong>Andr\u00e9s Sep\u00falveda:\u00a0<\/strong>El objetivo de ASHRAE es generar recursos tecnol\u00f3gicos actualizados para proyectar, construir, mantener y explotar edificios m\u00e1s eficientes, fiables, seguros y confortables. Las publicaciones, cursos y certificaciones de ASHRAE est\u00e1n dise\u00f1adas para formar y contar con t\u00e9cnicos que hagan este objetivo posible, creando canales de comunicaci\u00f3n para compartir internacionalmente las mejores pr\u00e1cticas.<\/p>\n<p><strong>CASADOMO: Como cap\u00edtulo espa\u00f1ol de la asociaci\u00f3n americana, \u00bfqu\u00e9 tendencias ven desde Estados Unidos en el \u00e1mbito de los edificios inteligentes, en general, y en el de los equipos y sistemas de automatizaci\u00f3n y control, en particular? \u00bfQu\u00e9 diferencias encontramos en Espa\u00f1a respecto a otros pa\u00edses?<\/strong><\/p>\n<p><strong>Andr\u00e9s Sep\u00falveda:<\/strong>\u00a0Creo que la principal diferencia con los americanos radica en la elaboraci\u00f3n al detalle de las prestaciones y requerimientos funcionales del edificio previamente al iniciar el proyecto, en la verificaci\u00f3n de que estos se pueden cumplir durante las fases de construcci\u00f3n, puesta en servicio y explotaci\u00f3n y en la definici\u00f3n de la memoria de funcionamiento para programar el sistema de control.<\/p>\n<figure id=\"attachment_36922\" style=\"width: 800px\" class=\"wp-caption aligncenter\"><img loading=\"lazy\" decoding=\"async\" class=\"wp-image-36922 size-full\" src=\"https:\/\/www.casadomo.com\/wp-content\/uploads\/2017\/04\/andres-sepulveda-presidente-ashrae-spain-chapter-edificios-inteligentes-stand.png\" alt=\"Stand de ASHRAE\" width=\"800\" height=\"503\" \/><figcaption class=\"wp-caption-text\">Seg\u00fan Andr\u00e9s Sep\u00falveda, se deber\u00eda aprender de los americanos en formar mejor en la gesti\u00f3n del sistema de control.\u00a0<\/figcaption><\/figure>\n<p>Otra diferencia importante que deber\u00edamos aprender de ellos es en documentar mejor los edificios y en formar mejor en la gesti\u00f3n del sistema de control y en sus posibilidades, al personal de conducci\u00f3n de las instalaciones. A nuestro favor est\u00e1 el hecho comprobado que nuestros t\u00e9cnicos tienen una capacidad al mismo nivel que ellos.<\/p>\n<p><strong>CASADOMO: Los pr\u00f3ximos 20 y 21 de junio se celebrar\u00e1 en Madrid la tercera edici\u00f3n del Congreso Edificios Inteligentes, en el que Ashrae Spain Chapter es entidad colaboradora, \u00bfQu\u00e9 expectativas ten\u00e9is del evento y por qu\u00e9 es importante que el colectivo que represent\u00e1is asista al mismo?<\/strong><\/p>\n<p><strong>Andr\u00e9s Sep\u00falveda:<\/strong>\u00a0Tenemos muchas expectativas en este evento y lo vamos a difundir y promocionar adecuadamente, entre todos nuestros asociados.<\/p>\n<p>La entrada <a rel=\"nofollow\" href=\"https:\/\/www.casadomo.com\/2017\/04\/05\/andres-sepulveda-presidente-ashrae-spain-chapter\">Andr\u00e9s Sep\u00falveda, Presidente de ASHRAE Spain Chapter<\/a> aparece primero en <a rel=\"nofollow\" href=\"https:\/\/www.casadomo.com\">CASADOMO<\/a>.<\/p>\n<p><a href='https:\/\/www.casadomo.com\/2017\/04\/05\/andres-sepulveda-presidente-ashrae-spain-chapter'>Ver noticia original<\/a><\/p>\n","protected":false},"excerpt":{"rendered":"<p>El pasado 16 de junio Andr\u00e9s Sep\u00falveda fue elegido nuevo presidente de ASHRAE SpainChapter, durante la Asamblea General celebrada en Madrid. Su periplo\u00a0a la cabeza de esta organizaci\u00f3n\u00a0coincidir\u00e1 con el d\u00e9cimo aniversario\u00a0del cap\u00edtulo\u00a0oficial de la asociaci\u00f3n americana ASHRAE en Espa\u00f1a. Por ello, adelanta a CASADOMO los objetivos as\u00ed como sus actividades para lograr edificios m\u00e1s &hellip; <a href=\"https:\/\/domosistemas.com\/?p=7337\" class=\"more-link\">Sigue leyendo <span class=\"screen-reader-text\">Andr\u00e9s Sep\u00falveda, Presidente de ASHRAE Spain Chapter<\/span><\/a><\/p>\n","protected":false},"author":1,"featured_media":0,"comment_status":"closed","ping_status":"closed","sticky":false,"template":"","format":"standard","meta":{"footnotes":""},"categories":[3],"tags":[],"class_list":["post-7337","post","type-post","status-publish","format-standard","hentry","category-casadomo-com"],"_links":{"self":[{"href":"https:\/\/domosistemas.com\/index.php?rest_route=\/wp\/v2\/posts\/7337","targetHints":{"allow":["GET"]}}],"collection":[{"href":"https:\/\/domosistemas.com\/index.php?rest_route=\/wp\/v2\/posts"}],"about":[{"href":"https:\/\/domosistemas.com\/index.php?rest_route=\/wp\/v2\/types\/post"}],"author":[{"embeddable":true,"href":"https:\/\/domosistemas.com\/index.php?rest_route=\/wp\/v2\/users\/1"}],"replies":[{"embeddable":true,"href":"https:\/\/domosistemas.com\/index.php?rest_route=%2Fwp%2Fv2%2Fcomments&post=7337"}],"version-history":[{"count":0,"href":"https:\/\/domosistemas.com\/index.php?rest_route=\/wp\/v2\/posts\/7337\/revisions"}],"wp:attachment":[{"href":"https:\/\/domosistemas.com\/index.php?rest_route=%2Fwp%2Fv2%2Fmedia&parent=7337"}],"wp:term":[{"taxonomy":"category","embeddable":true,"href":"https:\/\/domosistemas.com\/index.php?rest_route=%2Fwp%2Fv2%2Fcategories&post=7337"},{"taxonomy":"post_tag","embeddable":true,"href":"https:\/\/domosistemas.com\/index.php?rest_route=%2Fwp%2Fv2%2Ftags&post=7337"}],"curies":[{"name":"wp","href":"https:\/\/api.w.org\/{rel}","templated":true}]}}