{"id":7673,"date":"2017-07-07T02:00:00","date_gmt":"2017-07-07T02:00:00","guid":{"rendered":"http:\/\/domosistemas.com\/?p=7673"},"modified":"2017-07-07T02:00:00","modified_gmt":"2017-07-07T02:00:00","slug":"la-junta-directiva-de-afec-reelige-a-luis-mena-como-presidente-de-la-asociacion","status":"publish","type":"post","link":"https:\/\/domosistemas.com\/?p=7673","title":{"rendered":"La Junta Directiva de AFEC reelige a Luis Mena como Presidente de la Asociaci\u00f3n"},"content":{"rendered":"<p>La nueva Junta Directiva de la <a href=\"http:\/\/www.afec.es\/es\/index.asp\">Asociaci\u00f3n\u00a0de Fabricantes de Equipos de Climatizaci\u00f3n (AFEC)<\/a>, en su reuni\u00f3n constitutiva del pasado 29 de junio, ha reelegido por unanimidad a Luis Mena P\u00e9rez, Consejero Delegado y Director General de DAIKIN, como Presidente de la Asociaci\u00f3n por un periodo de cuatro\u00a0a\u00f1os.<\/p>\n<figure id=\"attachment_40772\" style=\"width: 800px\" class=\"wp-caption aligncenter\"><img loading=\"lazy\" decoding=\"async\" class=\"wp-image-40772 size-full\" src=\"https:\/\/www.casadomo.com\/wp-content\/uploads\/2017\/07\/junta-directiva-afec-reelige-luis-mena-presidente.png\" alt=\"De izquierda a derecha, Pilar Bud\u00ed, Directora General, Luis Mena, Presidente y Antonio Mediato, Tesorero\" width=\"800\" height=\"435\" \/><figcaption class=\"wp-caption-text\">Luis Mena P\u00e9rez, Consejero Delegado y Director General de DAIKIN, ser\u00e1 Presidente de la Asociaci\u00f3n por un periodo de cuatro a\u00f1os.<\/figcaption><\/figure>\n<p>Adem\u00e1s del nombramiento del nuevo presidente, en el transcurso de la reuni\u00f3n, se procedi\u00f3 a la elecci\u00f3n de cargos de Vicepresidentes, Tesorero y Vocales. Los nuevos\u00a0Vicepresidentes son\u00a0Guillermo Rosenberg,\u00a0HIPLUS Aire Acondicionado,\u00a0Jos\u00e9 Tom\u00e1s Susarte,\u00a0KOOLAIR, y\u00a0Pedro Pulido,\u00a0SOLER &amp; PALAU Sistemas de Ventilaci\u00f3n. Y el cargo de Tesorero recae en Antonio Mediato, Airzone Clima.<\/p>\n<p>La entrada <a rel=\"nofollow\" href=\"https:\/\/www.casadomo.com\/2017\/07\/07\/junta-directiva-afec-reelige-luis-mena-presidente-asociacion\">La Junta Directiva de AFEC reelige a Luis Mena como Presidente de la Asociaci\u00f3n<\/a> aparece primero en <a rel=\"nofollow\" href=\"https:\/\/www.casadomo.com\">CASADOMO<\/a>.<\/p>\n<p><a href='https:\/\/www.casadomo.com\/2017\/07\/07\/junta-directiva-afec-reelige-luis-mena-presidente-asociacion'>Ver noticia original<\/a><\/p>\n","protected":false},"excerpt":{"rendered":"<p>La nueva Junta Directiva de la Asociaci\u00f3n\u00a0de Fabricantes de Equipos de Climatizaci\u00f3n (AFEC), en su reuni\u00f3n constitutiva del pasado 29 de junio, ha reelegido por unanimidad a Luis Mena P\u00e9rez, Consejero Delegado y Director General de DAIKIN, como Presidente de la Asociaci\u00f3n por un periodo de cuatro\u00a0a\u00f1os. Luis Mena P\u00e9rez, Consejero Delegado y Director General &hellip; <a href=\"https:\/\/domosistemas.com\/?p=7673\" class=\"more-link\">Sigue leyendo <span class=\"screen-reader-text\">La Junta Directiva de AFEC reelige a Luis Mena como Presidente de la Asociaci\u00f3n<\/span><\/a><\/p>\n","protected":false},"author":1,"featured_media":0,"comment_status":"closed","ping_status":"closed","sticky":false,"template":"","format":"standard","meta":{"footnotes":""},"categories":[3],"tags":[],"class_list":["post-7673","post","type-post","status-publish","format-standard","hentry","category-casadomo-com"],"_links":{"self":[{"href":"https:\/\/domosistemas.com\/index.php?rest_route=\/wp\/v2\/posts\/7673","targetHints":{"allow":["GET"]}}],"collection":[{"href":"https:\/\/domosistemas.com\/index.php?rest_route=\/wp\/v2\/posts"}],"about":[{"href":"https:\/\/domosistemas.com\/index.php?rest_route=\/wp\/v2\/types\/post"}],"author":[{"embeddable":true,"href":"https:\/\/domosistemas.com\/index.php?rest_route=\/wp\/v2\/users\/1"}],"replies":[{"embeddable":true,"href":"https:\/\/domosistemas.com\/index.php?rest_route=%2Fwp%2Fv2%2Fcomments&post=7673"}],"version-history":[{"count":0,"href":"https:\/\/domosistemas.com\/index.php?rest_route=\/wp\/v2\/posts\/7673\/revisions"}],"wp:attachment":[{"href":"https:\/\/domosistemas.com\/index.php?rest_route=%2Fwp%2Fv2%2Fmedia&parent=7673"}],"wp:term":[{"taxonomy":"category","embeddable":true,"href":"https:\/\/domosistemas.com\/index.php?rest_route=%2Fwp%2Fv2%2Fcategories&post=7673"},{"taxonomy":"post_tag","embeddable":true,"href":"https:\/\/domosistemas.com\/index.php?rest_route=%2Fwp%2Fv2%2Ftags&post=7673"}],"curies":[{"name":"wp","href":"https:\/\/api.w.org\/{rel}","templated":true}]}}