{"id":7715,"date":"2017-07-19T02:00:00","date_gmt":"2017-07-19T02:00:00","guid":{"rendered":"http:\/\/domosistemas.com\/?p=7715"},"modified":"2017-07-19T02:00:00","modified_gmt":"2017-07-19T02:00:00","slug":"cedom-celebra-su-asamblea-general-y-ratifica-al-presidente-de-la-asociacion-jordi-contreras-en-su-cargo","status":"publish","type":"post","link":"https:\/\/domosistemas.com\/?p=7715","title":{"rendered":"CEDOM celebra su Asamblea General y ratifica al Presidente de la Asociaci\u00f3n Jordi Contreras en su cargo"},"content":{"rendered":"<p>El pasado 27 de junio, la Asociaci\u00f3n Espa\u00f1ola de Dom\u00f3tica e Inm\u00f3tica, <a href=\"http:\/\/www.cedom.es\">CEDOM<\/a>, celebr\u00f3 su Asamblea General Anual. El encuentro anual con los asociados sirvi\u00f3 para hacer balance del a\u00f1o 2016, y ratificar las acciones previstas para 2017.\u00a0Adem\u00e1s, se ratific\u00f3 al Presidente de la Asociaci\u00f3n, Jordi Contreras de Legrand, en su cargo, continuando \u00d3scar Querol como Director y Jordi Sabat\u00e9 como Secretario.<\/p>\n<figure id=\"attachment_41225\" style=\"width: 500px\" class=\"wp-caption aligncenter\"><img loading=\"lazy\" decoding=\"async\" class=\"wp-image-41225 size-full\" src=\"https:\/\/www.casadomo.com\/wp-content\/uploads\/2017\/07\/cedom-asamblea-general-presidente-jordi-contreras.png\" alt=\"Estudio de Mercado de CEDOM\" width=\"500\" height=\"397\" \/><figcaption class=\"wp-caption-text\">Se aprovech\u00f3 tambi\u00e9n para presentar los aspectos m\u00e1s destacables del Estudio de Mercado del sector de la Dom\u00f3tica y la Inm\u00f3tica en Espa\u00f1a.<\/figcaption><\/figure>\n<p>Se aprovech\u00f3 tambi\u00e9n para presentar los aspectos m\u00e1s destacables del Estudio de Mercado del sector de la Dom\u00f3tica y la Inm\u00f3tica en Espa\u00f1a, correspondiente al a\u00f1o 2016: evoluci\u00f3n del tama\u00f1o del sector, informaci\u00f3n sobre principales sectores de actividad, an\u00e1lisis del entorno del sector (datos macroecon\u00f3micos, el sector de la construcci\u00f3n, etc.), las tendencias que est\u00e1n apareciendo en el mercado y las posibles v\u00edas para mantener al sector dentro de la senda del crecimiento.<\/p>\n<p>La entrada <a rel=\"nofollow\" href=\"https:\/\/www.casadomo.com\/2017\/07\/19\/cedom-celebra-asamblea-general-ratifica-presidente-asociacion-jordi-contreras-cargo\">CEDOM celebra su Asamblea General y ratifica al Presidente de la Asociaci\u00f3n Jordi Contreras en su cargo<\/a> aparece primero en <a rel=\"nofollow\" href=\"https:\/\/www.casadomo.com\">CASADOMO<\/a>.<\/p>\n<p><a href='https:\/\/www.casadomo.com\/2017\/07\/19\/cedom-celebra-asamblea-general-ratifica-presidente-asociacion-jordi-contreras-cargo'>Ver noticia original<\/a><\/p>\n","protected":false},"excerpt":{"rendered":"<p>El pasado 27 de junio, la Asociaci\u00f3n Espa\u00f1ola de Dom\u00f3tica e Inm\u00f3tica, CEDOM, celebr\u00f3 su Asamblea General Anual. El encuentro anual con los asociados sirvi\u00f3 para hacer balance del a\u00f1o 2016, y ratificar las acciones previstas para 2017.\u00a0Adem\u00e1s, se ratific\u00f3 al Presidente de la Asociaci\u00f3n, Jordi Contreras de Legrand, en su cargo, continuando \u00d3scar Querol &hellip; <a href=\"https:\/\/domosistemas.com\/?p=7715\" class=\"more-link\">Sigue leyendo <span class=\"screen-reader-text\">CEDOM celebra su Asamblea General y ratifica al Presidente de la Asociaci\u00f3n Jordi Contreras en su cargo<\/span><\/a><\/p>\n","protected":false},"author":1,"featured_media":0,"comment_status":"closed","ping_status":"closed","sticky":false,"template":"","format":"standard","meta":{"footnotes":""},"categories":[3],"tags":[],"class_list":["post-7715","post","type-post","status-publish","format-standard","hentry","category-casadomo-com"],"_links":{"self":[{"href":"https:\/\/domosistemas.com\/index.php?rest_route=\/wp\/v2\/posts\/7715","targetHints":{"allow":["GET"]}}],"collection":[{"href":"https:\/\/domosistemas.com\/index.php?rest_route=\/wp\/v2\/posts"}],"about":[{"href":"https:\/\/domosistemas.com\/index.php?rest_route=\/wp\/v2\/types\/post"}],"author":[{"embeddable":true,"href":"https:\/\/domosistemas.com\/index.php?rest_route=\/wp\/v2\/users\/1"}],"replies":[{"embeddable":true,"href":"https:\/\/domosistemas.com\/index.php?rest_route=%2Fwp%2Fv2%2Fcomments&post=7715"}],"version-history":[{"count":0,"href":"https:\/\/domosistemas.com\/index.php?rest_route=\/wp\/v2\/posts\/7715\/revisions"}],"wp:attachment":[{"href":"https:\/\/domosistemas.com\/index.php?rest_route=%2Fwp%2Fv2%2Fmedia&parent=7715"}],"wp:term":[{"taxonomy":"category","embeddable":true,"href":"https:\/\/domosistemas.com\/index.php?rest_route=%2Fwp%2Fv2%2Fcategories&post=7715"},{"taxonomy":"post_tag","embeddable":true,"href":"https:\/\/domosistemas.com\/index.php?rest_route=%2Fwp%2Fv2%2Ftags&post=7715"}],"curies":[{"name":"wp","href":"https:\/\/api.w.org\/{rel}","templated":true}]}}