{"id":7907,"date":"2017-09-26T02:00:00","date_gmt":"2017-09-26T02:00:00","guid":{"rendered":"http:\/\/domosistemas.com\/?p=7907"},"modified":"2017-09-26T02:00:00","modified_gmt":"2017-09-26T02:00:00","slug":"murcia-hace-accesible-el-salon-de-plenos-del-ayuntamiento-para-personas-con-discapacidad-auditiva","status":"publish","type":"post","link":"https:\/\/domosistemas.com\/?p=7907","title":{"rendered":"Murcia hace accesible el Sal\u00f3n de Plenos del Ayuntamiento para personas con discapacidad auditiva"},"content":{"rendered":"<p>El <a href=\"http:\/\/www.murcia.es\">Ayuntamiento de Murcia<\/a> va a hacer accesible el Sal\u00f3n de Plenos con la instalaci\u00f3n de la ayuda auxiliar del bucle magn\u00e9tico para las personas con sordera usuarias de pr\u00f3tesis auditivas con aud\u00edfonos y\/o implantes cocleares, un logro conseguido gracias a la\u00a0<a href=\"http:\/\/www.aspanpal.org\/\">Asociaci\u00f3n de Padres y Ni\u00f1os con Problemas de Audici\u00f3n y Lenguaje (ASPANPAL)<\/a>.\u00a0Desde la Fundaci\u00f3n Universidad y Empresa de Madrid ser\u00e1n ellos quienes realicen la instalaci\u00f3n.<\/p>\n<figure id=\"attachment_43848\" style=\"width: 800px\" class=\"wp-caption aligncenter\"><img loading=\"lazy\" decoding=\"async\" class=\"wp-image-43848 size-full\" src=\"https:\/\/static.casadomo.com\/media\/2017\/09\/murcia-accesible-salon-plenos-ayuntamiento-discapacidad-auditiva-Copy.png\" alt=\"Conchita Ruiz, concejala de Derechos Sociales de Murcia\" width=\"800\" height=\"588\" \/><figcaption class=\"wp-caption-text\">Esta acci\u00f3n facilitar\u00e1 la accesibilidad auditiva en el entorno, tanto para la orientaci\u00f3n, como para la percepci\u00f3n de la informaci\u00f3n sonora de todo tipo y del lenguaje.<\/figcaption><\/figure>\n<p>Presentado el pasado 20 de septiembre por\u00a0Conchita Ruiz, concejala de Derechos Sociales, y Felipe Coello, concejal de Deportes y Salud\u00a0junto con miembros de la Confederaci\u00f3n Espa\u00f1ola de Familias de Personas Sordas (FIAPAS), esta acci\u00f3n facilitar\u00e1 la accesibilidad auditiva en el entorno, tanto para la orientaci\u00f3n, como para la percepci\u00f3n de la informaci\u00f3n sonora de todo tipo y del lenguaje.<\/p>\n<h2>Posibilitar la comunicaci\u00f3n<\/h2>\n<p>Esta instalaci\u00f3n va a posibilitar la comunicaci\u00f3n y las relaciones interpersonales en espacios y situaciones contaminadas por el ruido ambiente o en las que la distancia con el interlocutor o la presencia de varios interlocutores dificulta o impide esta comunicaci\u00f3n y el acceso a la informaci\u00f3n.<\/p>\n<p>Se trata de un cable conectado a un amplificador. Desde cualquier fuente de sonido, la se\u00f1al de audio va al amplificador que introduce una corriente el\u00e9ctrica en el cable y genera un campo magn\u00e9tico. El campo magn\u00e9tico induce a la tele-bobina de la pr\u00f3tesis auditiva aud\u00edfono o\u00a0 implante coclear, acercando la se\u00f1al auditiva, mejorando la calidad en la recepci\u00f3n de la misma, y solucionando los problemas de inteligibilidad producidos por el ruido de fondo, la distancia entre el emisor y el receptor, y la reverberaci\u00f3n o eco.<\/p>\n<p>La entrada <a rel=\"nofollow\" href=\"https:\/\/www.casadomo.com\/2017\/09\/26\/murcia-accesible-salon-plenos-ayuntamiento-personas-discapacidad-auditiva\">Murcia hace accesible el Sal\u00f3n de Plenos del Ayuntamiento para personas con discapacidad auditiva<\/a> aparece primero en <a rel=\"nofollow\" href=\"https:\/\/www.casadomo.com\">CASADOMO<\/a>.<\/p>\n<p><a href='https:\/\/www.casadomo.com\/2017\/09\/26\/murcia-accesible-salon-plenos-ayuntamiento-personas-discapacidad-auditiva'>Ver noticia original<\/a><\/p>\n","protected":false},"excerpt":{"rendered":"<p>El Ayuntamiento de Murcia va a hacer accesible el Sal\u00f3n de Plenos con la instalaci\u00f3n de la ayuda auxiliar del bucle magn\u00e9tico para las personas con sordera usuarias de pr\u00f3tesis auditivas con aud\u00edfonos y\/o implantes cocleares, un logro conseguido gracias a la\u00a0Asociaci\u00f3n de Padres y Ni\u00f1os con Problemas de Audici\u00f3n y Lenguaje (ASPANPAL).\u00a0Desde la Fundaci\u00f3n &hellip; <a href=\"https:\/\/domosistemas.com\/?p=7907\" class=\"more-link\">Sigue leyendo <span class=\"screen-reader-text\">Murcia hace accesible el Sal\u00f3n de Plenos del Ayuntamiento para personas con discapacidad auditiva<\/span><\/a><\/p>\n","protected":false},"author":1,"featured_media":0,"comment_status":"closed","ping_status":"closed","sticky":false,"template":"","format":"standard","meta":{"footnotes":""},"categories":[3],"tags":[],"class_list":["post-7907","post","type-post","status-publish","format-standard","hentry","category-casadomo-com"],"_links":{"self":[{"href":"https:\/\/domosistemas.com\/index.php?rest_route=\/wp\/v2\/posts\/7907","targetHints":{"allow":["GET"]}}],"collection":[{"href":"https:\/\/domosistemas.com\/index.php?rest_route=\/wp\/v2\/posts"}],"about":[{"href":"https:\/\/domosistemas.com\/index.php?rest_route=\/wp\/v2\/types\/post"}],"author":[{"embeddable":true,"href":"https:\/\/domosistemas.com\/index.php?rest_route=\/wp\/v2\/users\/1"}],"replies":[{"embeddable":true,"href":"https:\/\/domosistemas.com\/index.php?rest_route=%2Fwp%2Fv2%2Fcomments&post=7907"}],"version-history":[{"count":0,"href":"https:\/\/domosistemas.com\/index.php?rest_route=\/wp\/v2\/posts\/7907\/revisions"}],"wp:attachment":[{"href":"https:\/\/domosistemas.com\/index.php?rest_route=%2Fwp%2Fv2%2Fmedia&parent=7907"}],"wp:term":[{"taxonomy":"category","embeddable":true,"href":"https:\/\/domosistemas.com\/index.php?rest_route=%2Fwp%2Fv2%2Fcategories&post=7907"},{"taxonomy":"post_tag","embeddable":true,"href":"https:\/\/domosistemas.com\/index.php?rest_route=%2Fwp%2Fv2%2Ftags&post=7907"}],"curies":[{"name":"wp","href":"https:\/\/api.w.org\/{rel}","templated":true}]}}