{"id":7925,"date":"2017-10-02T02:00:00","date_gmt":"2017-10-02T02:00:00","guid":{"rendered":"http:\/\/domosistemas.com\/?p=7925"},"modified":"2017-10-02T02:00:00","modified_gmt":"2017-10-02T02:00:00","slug":"centac-y-fenitel-firman-un-acuerdo-para-impulsar-el-desarrollo-tecnologico-accesible","status":"publish","type":"post","link":"https:\/\/domosistemas.com\/?p=7925","title":{"rendered":"CENTAC y FENITEL firman un acuerdo para impulsar el desarrollo tecnol\u00f3gico accesible"},"content":{"rendered":"<p>El <a href=\"http:\/\/www.centac.es\/\">Centro Nacional de Tecnolog\u00edas de la Accesibilidad (CENTAC)<\/a> y la <a href=\"http:\/\/www.fenitel.es\/\">Federaci\u00f3n Nacional de Instaladores e Integradores de Telecomunicaciones (FENITEL)<\/a> han firmado el pasado 27 de septiembre un convenio de colaboraci\u00f3n para contribuir con el desarrollo tecnol\u00f3gico accesible consiguiendo mejor la autonom\u00eda de las personas con discapacidad, convencidas de que el beneficio social debe ir acompa\u00f1ado del beneficio econ\u00f3mico.<\/p>\n<figure id=\"attachment_44102\" style=\"width: 800px\" class=\"wp-caption aligncenter\"><img loading=\"lazy\" decoding=\"async\" class=\"wp-image-44102 size-full\" src=\"https:\/\/static.casadomo.com\/media\/2017\/10\/centac-fenitel-acuerdo-impulsar-accesible.png\" alt=\"Firma entre Fenitel y Centac\" width=\"800\" height=\"548\" \/><figcaption class=\"wp-caption-text\">Este acuerdo har\u00e1 especial incidencia en la divulgaci\u00f3n, de la formaci\u00f3n y de la comunicaci\u00f3n de la accesibilidad tecnol\u00f3gica.<\/figcaption><\/figure>\n<p>Esta alianza contribuir\u00e1 a promover el desarrollo de las tecnolog\u00edas de la accesibilidad en todos los \u00e1mbitos posibles, con el fin \u00faltimo de facilitar la integraci\u00f3n social y la igualdad en el acceso a las Tecnolog\u00edas de la Sociedad de la Informaci\u00f3n, uno de los objetivos prioritarios de CENTAC.<\/p>\n<p>Har\u00e1 especial incidencia en la divulgaci\u00f3n, de la formaci\u00f3n y de la comunicaci\u00f3n de la accesibilidad tecnol\u00f3gica. Ambas entidades se han comprometido a impulsar la innovaci\u00f3n y la difusi\u00f3n de las buenas pr\u00e1cticas TIC que contribuyan a la creaci\u00f3n de bienes, productos y servicios, cuyo fin \u00faltimo es mejorar la vida de todas las personas con discapacidad, dependientes y la de sus familias.<\/p>\n<h2>Generar autonom\u00eda en hogares, espacios p\u00fablicos y edificaciones<\/h2>\n<p>Juan Carlos Ramiro, director general de CENTAC afirma que la alianza con FENITEL supone un refuerzo en sus l\u00edneas de trabajo para generar autonom\u00eda dentro de los hogares, espacios p\u00fablicos y edificaciones. \u201cTendr\u00e1 un papel fundamental en la dotaci\u00f3n de bienes, productos y servicios accesibles dentro de los Espacios Integrados Inteligentes (unos de los proyectos pioneros de CENTAC)\u201d, subraya.<\/p>\n<p>En palabras de\u00a0Jos\u00e9 Fernando Huerva Gallego, presidente de FENITEL, \u00abnuestra colaboraci\u00f3n con CENTAC es decisiva a la hora de facilitar la incorporaci\u00f3n en el porfolio de nuestras empresas asociadas de soluciones tecnol\u00f3gicas que fomenten la accesibilidad en viviendas, edificios, y ciudades. Por todo ello estamos plenamente comprometidos en promover el concepto de Espacios Integrados Inteligentes desarrollado por CENTAC\u201d<\/p>\n<p>Tanto CENTAC como FENITEL est\u00e1n convencidas que el beneficio social debe ir acompa\u00f1ado del beneficio econ\u00f3mico, generando autonom\u00eda e la igualdad de derechos para toda la ciudadan\u00eda, con independencia de si tiene discapacidad o no.<\/p>\n<p>La entrada <a rel=\"nofollow\" href=\"https:\/\/www.casadomo.com\/2017\/10\/02\/centac-fenitel-firman-acuerdo-impulsar-desarrollo-tecnologico-accesible\">CENTAC y FENITEL firman un acuerdo para impulsar el desarrollo tecnol\u00f3gico accesible<\/a> aparece primero en <a rel=\"nofollow\" href=\"https:\/\/www.casadomo.com\">CASADOMO<\/a>.<\/p>\n<p><a href='https:\/\/www.casadomo.com\/2017\/10\/02\/centac-fenitel-firman-acuerdo-impulsar-desarrollo-tecnologico-accesible'>Ver noticia original<\/a><\/p>\n","protected":false},"excerpt":{"rendered":"<p>El Centro Nacional de Tecnolog\u00edas de la Accesibilidad (CENTAC) y la Federaci\u00f3n Nacional de Instaladores e Integradores de Telecomunicaciones (FENITEL) han firmado el pasado 27 de septiembre un convenio de colaboraci\u00f3n para contribuir con el desarrollo tecnol\u00f3gico accesible consiguiendo mejor la autonom\u00eda de las personas con discapacidad, convencidas de que el beneficio social debe ir &hellip; <a href=\"https:\/\/domosistemas.com\/?p=7925\" class=\"more-link\">Sigue leyendo <span class=\"screen-reader-text\">CENTAC y FENITEL firman un acuerdo para impulsar el desarrollo tecnol\u00f3gico accesible<\/span><\/a><\/p>\n","protected":false},"author":1,"featured_media":0,"comment_status":"closed","ping_status":"closed","sticky":false,"template":"","format":"standard","meta":{"footnotes":""},"categories":[3],"tags":[],"class_list":["post-7925","post","type-post","status-publish","format-standard","hentry","category-casadomo-com"],"_links":{"self":[{"href":"https:\/\/domosistemas.com\/index.php?rest_route=\/wp\/v2\/posts\/7925","targetHints":{"allow":["GET"]}}],"collection":[{"href":"https:\/\/domosistemas.com\/index.php?rest_route=\/wp\/v2\/posts"}],"about":[{"href":"https:\/\/domosistemas.com\/index.php?rest_route=\/wp\/v2\/types\/post"}],"author":[{"embeddable":true,"href":"https:\/\/domosistemas.com\/index.php?rest_route=\/wp\/v2\/users\/1"}],"replies":[{"embeddable":true,"href":"https:\/\/domosistemas.com\/index.php?rest_route=%2Fwp%2Fv2%2Fcomments&post=7925"}],"version-history":[{"count":0,"href":"https:\/\/domosistemas.com\/index.php?rest_route=\/wp\/v2\/posts\/7925\/revisions"}],"wp:attachment":[{"href":"https:\/\/domosistemas.com\/index.php?rest_route=%2Fwp%2Fv2%2Fmedia&parent=7925"}],"wp:term":[{"taxonomy":"category","embeddable":true,"href":"https:\/\/domosistemas.com\/index.php?rest_route=%2Fwp%2Fv2%2Fcategories&post=7925"},{"taxonomy":"post_tag","embeddable":true,"href":"https:\/\/domosistemas.com\/index.php?rest_route=%2Fwp%2Fv2%2Ftags&post=7925"}],"curies":[{"name":"wp","href":"https:\/\/api.w.org\/{rel}","templated":true}]}}