{"id":7981,"date":"2017-10-17T02:00:00","date_gmt":"2017-10-17T02:00:00","guid":{"rendered":"http:\/\/domosistemas.com\/?p=7981"},"modified":"2017-10-17T02:00:00","modified_gmt":"2017-10-17T02:00:00","slug":"los-ascensores-del-futuro-estaran-conectados-con-los-usuarios-a-traves-de-una-aplicacion-movil","status":"publish","type":"post","link":"https:\/\/domosistemas.com\/?p=7981","title":{"rendered":"Los ascensores del futuro estar\u00e1n conectados con los usuarios a trav\u00e9s de una aplicaci\u00f3n m\u00f3vil"},"content":{"rendered":"<p>La conexi\u00f3n de los ascensores con los usuarios a trav\u00e9s de aplicaciones m\u00f3viles, la redirecci\u00f3n del tr\u00e1fico dentro de un edificio en el momento de subir o bajar en un elevador o el reconocimiento facial y de voz en el control de accesos son solo algunas de las novedades que veremos en un futuro muy cercano, seg\u00fan se avanz\u00f3 en la jornada <em>El Ascensor y su Nuevo Entorno<\/em> organizada por la <a href=\"http:\/\/www.feeda.es\">Federaci\u00f3n Empresarial Espa\u00f1ola de Ascensores (FEEDA)<\/a>, que cont\u00f3 con la asistencia de 150 personas.<\/p>\n<figure id=\"attachment_44929\" style=\"width: 800px\" class=\"wp-caption aligncenter\"><img loading=\"lazy\" decoding=\"async\" class=\"wp-image-44929 size-full\" src=\"https:\/\/static.casadomo.com\/media\/2017\/10\/ascensores-futuro-conectados-usuarios-aplicacion-movil.png\" alt=\"Jornada El Ascensor y su Nuevo Entorno\" width=\"800\" height=\"450\" \/><figcaption class=\"wp-caption-text\">La jornada El Ascensor y su Nuevo Entorno organizada por la Federaci\u00f3n Empresarial Espa\u00f1ola de Ascensores (FEEDA) cont\u00f3 con la asistencia de 150 personas.<\/figcaption><\/figure>\n<p>Francisco Javier Abajo, director general de Industria, Energ\u00eda y Minas de la Comunidad de Madrid, fue el encargado de inaugurar la jornada durante la que avanz\u00f3 que \u201cpr\u00f3ximamente se aprobar\u00e1 un \u2018Plan Renove\u2019 con el objetivo de incrementar los niveles de seguridad y eficiencia energ\u00e9tica de los ascensores m\u00e1s antiguos\u201d.<\/p>\n<p>Pedro Sainz de Baranda, expresidente Mundial de OTIS, destac\u00f3 que \u201cla digitalizaci\u00f3n marcar\u00e1 la transformaci\u00f3n del sector en la pr\u00f3xima d\u00e9cada\u201d. Y esta conexi\u00f3n se basar\u00e1 en el servicio y la experiencia del usuario que 4.0 que diferenciar\u00e1 a unas empresas de otras\u201d. Un paso que se dar\u00e1 pr\u00f3ximamente ser\u00e1 la conexi\u00f3n de los equipos con los usuarios. \u201cYa est\u00e1n conectados todos los equipos, ahora falta esa conexi\u00f3n con el cliente. Algo muy f\u00e1cil a trav\u00e9s de una aplicaci\u00f3n en el m\u00f3vil\u201d, augur\u00f3.<\/p>\n<h2>Reconocimiento facial y de voz<\/h2>\n<p>Otro de los ponentes, Alexis Nadal, CEO de Nayar Systems, avanz\u00f3 que algunas de las aplicaciones que se ver\u00e1n en un futuro cercano son el \u201creconocimiento facial y de voz en el control de accesos, el mantenimiento predictivo de la maquinaria, la toma de decisiones de las propias m\u00e1quinas a trav\u00e9s de im\u00e1genes o la elecci\u00f3n del mejor momento para realizar las tareas del mantenimiento\u201d.<\/p>\n<p>Por su parte, Jos\u00e9 Antonio Delgado, jefe del \u00c1rea de Seguridad Industrial del Ministerio de Econom\u00eda, Industria y Competitividad centr\u00f3 su intervenci\u00f3n en la necesidad de modernizar el parque de elevaci\u00f3n unido a las mejoras en el control del mantenimiento y de las inspecciones reglamentarias. \u201cEstamos analizando c\u00f3mo introducir reformas en la legislaci\u00f3n para introducir medidas de seguridad y mantenimiento\u201d, explic\u00f3.<\/p>\n<p>La entrada <a rel=\"nofollow\" href=\"https:\/\/www.casadomo.com\/2017\/10\/17\/ascensores-futuro-estaran-conectados-usuarios-aplicacion-movil\">Los ascensores del futuro estar\u00e1n conectados con los usuarios a trav\u00e9s de una aplicaci\u00f3n m\u00f3vil<\/a> aparece primero en <a rel=\"nofollow\" href=\"https:\/\/www.casadomo.com\">CASADOMO<\/a>.<\/p>\n<p><a href='https:\/\/www.casadomo.com\/2017\/10\/17\/ascensores-futuro-estaran-conectados-usuarios-aplicacion-movil'>Ver noticia original<\/a><\/p>\n","protected":false},"excerpt":{"rendered":"<p>La conexi\u00f3n de los ascensores con los usuarios a trav\u00e9s de aplicaciones m\u00f3viles, la redirecci\u00f3n del tr\u00e1fico dentro de un edificio en el momento de subir o bajar en un elevador o el reconocimiento facial y de voz en el control de accesos son solo algunas de las novedades que veremos en un futuro muy &hellip; <a href=\"https:\/\/domosistemas.com\/?p=7981\" class=\"more-link\">Sigue leyendo <span class=\"screen-reader-text\">Los ascensores del futuro estar\u00e1n conectados con los usuarios a trav\u00e9s de una aplicaci\u00f3n m\u00f3vil<\/span><\/a><\/p>\n","protected":false},"author":1,"featured_media":0,"comment_status":"closed","ping_status":"closed","sticky":false,"template":"","format":"standard","meta":{"footnotes":""},"categories":[3],"tags":[],"class_list":["post-7981","post","type-post","status-publish","format-standard","hentry","category-casadomo-com"],"_links":{"self":[{"href":"https:\/\/domosistemas.com\/index.php?rest_route=\/wp\/v2\/posts\/7981","targetHints":{"allow":["GET"]}}],"collection":[{"href":"https:\/\/domosistemas.com\/index.php?rest_route=\/wp\/v2\/posts"}],"about":[{"href":"https:\/\/domosistemas.com\/index.php?rest_route=\/wp\/v2\/types\/post"}],"author":[{"embeddable":true,"href":"https:\/\/domosistemas.com\/index.php?rest_route=\/wp\/v2\/users\/1"}],"replies":[{"embeddable":true,"href":"https:\/\/domosistemas.com\/index.php?rest_route=%2Fwp%2Fv2%2Fcomments&post=7981"}],"version-history":[{"count":0,"href":"https:\/\/domosistemas.com\/index.php?rest_route=\/wp\/v2\/posts\/7981\/revisions"}],"wp:attachment":[{"href":"https:\/\/domosistemas.com\/index.php?rest_route=%2Fwp%2Fv2%2Fmedia&parent=7981"}],"wp:term":[{"taxonomy":"category","embeddable":true,"href":"https:\/\/domosistemas.com\/index.php?rest_route=%2Fwp%2Fv2%2Fcategories&post=7981"},{"taxonomy":"post_tag","embeddable":true,"href":"https:\/\/domosistemas.com\/index.php?rest_route=%2Fwp%2Fv2%2Ftags&post=7981"}],"curies":[{"name":"wp","href":"https:\/\/api.w.org\/{rel}","templated":true}]}}