{"id":8346,"date":"2018-02-08T03:00:00","date_gmt":"2018-02-08T03:00:00","guid":{"rendered":"http:\/\/domosistemas.com\/?p=8346"},"modified":"2018-02-08T03:00:00","modified_gmt":"2018-02-08T03:00:00","slug":"abb-centra-su-estrategia-de-futuro-en-los-edificios-inteligentes-y-la-e-movilidad","status":"publish","type":"post","link":"https:\/\/domosistemas.com\/?p=8346","title":{"rendered":"ABB centra su estrategia de futuro en los edificios inteligentes y la e-movilidad"},"content":{"rendered":"<p>La ciudad alemana de Fr\u00e1ncfort del Meno ha sido el escenario escogido por la multinacional <a href=\"http:\/\/new.abb.com\/es\">ABB<\/a> para celebrar su Conferencia Internacional de Prensa, bajo el t\u00edtulo <em>Smarter Buildings and e-Mobility<\/em>, que tuvo lugar entre los d\u00edas 24 y 25 de enero. Con una asistencia de m\u00e1s de 80 periodistas de medios de comunicaci\u00f3n especializados, entre los que estuvo CASADOMO, la compa\u00f1\u00eda suiza desvel\u00f3 su estrategia de futuro basada en los edificios inteligentes y la movilidad el\u00e9ctrica o e-movilidad.<\/p>\n<div class=\"video-wrapper\">\n<div class=\"video-container\"><\/div>\n<\/p><\/div>\n<p>Con motivo de la pr\u00f3xima celebraci\u00f3n de la feria Light+Building en Fr\u00e1ncfort, que tendr\u00e1 lugar entre el 18 y 23 de marzo, la compa\u00f1\u00eda ha escogido esta ciudad teutona y ha aprovechado para adelantar algunas de las novedades de la cartera de productos conectados ABB Ability que ver\u00e1n la luz en la cita bienal de electrotecnia e iluminaci\u00f3n.<\/p>\n<figure id=\"attachment_49224\" style=\"max-width: 500px\" class=\"wp-caption aligncenter\"><img loading=\"lazy\" decoding=\"async\" class=\"wp-image-49224 size-full\" src=\"https:\/\/static.casadomo.com\/media\/2018\/02\/abb-edificios-inteligentes-francfort-tacteo-conferencia-internacional-prensa-westhafentower.png\" alt=\"Edificio Westhafentower\" width=\"500\" height=\"479\" \/><figcaption class=\"wp-caption-text\">Westhafentower es una torre de m\u00e1s de cien metros de altura dise\u00f1ada por los arquitectos Schneider &amp; Schumacher ubicada junto al r\u00edo Meno.<\/figcaption><\/figure>\n<p>La primera jornada comenz\u00f3 con una rueda de prensa en el emblem\u00e1tico y moderno edificio Westhafentower, una torre de m\u00e1s de cien metros de altura dise\u00f1ada por los arquitectos Schneider &amp; Schumacher ubicada junto al r\u00edo Meno. Tras la bienvenida de Mike Mustapha, Group Executive Vice President Marketing, Sales and Commercial Operations de la division ABB Electrification Products, quien asegur\u00f3 que dicha divisi\u00f3n es \u201ccada vez m\u00e1s inteligente\u201d, Michael Lotfy, Goblal Commercial Manager, anunci\u00f3 algunas tendencias de mercado del futuro.<\/p>\n<figure id=\"attachment_49223\" style=\"max-width: 800px\" class=\"wp-caption aligncenter\"><img loading=\"lazy\" decoding=\"async\" class=\"wp-image-49223 size-full\" src=\"https:\/\/static.casadomo.com\/media\/2018\/02\/abb-edificios-inteligentes-francfort-tacteo-conferencia-internacional-prensa-vistas-rio-meno.png\" alt=\"Vistas desde Westhafentower\" width=\"800\" height=\"513\" \/><figcaption class=\"wp-caption-text\">La compa\u00f1\u00eda ha escogido esta ciudad teutona y ha aprovechado para adelantar algunas de las novedades de la cartera de productos conectados ABB Ability.<\/figcaption><\/figure>\n<p>Viviendas y edificios cada vez m\u00e1s inteligentes, digitalizaci\u00f3n, urbanizaci\u00f3n con una creciente movilidad el\u00e9ctrica y el aumento de la automatizaci\u00f3n de edificios son las megatendencias que marcar\u00e1n el mercado de los pr\u00f3ximos a\u00f1os. En este sentido, el aumento de las ciudades, siendo cada vez m\u00e1s inteligentes, exige \u201cedificios m\u00e1s inteligentes\u201d, lo que supone \u201cun aumento de las oportunidades de mercado\u201d, afirm\u00f3 Lotfy.<\/p>\n<figure id=\"attachment_49217\" style=\"max-width: 800px\" class=\"wp-caption aligncenter\"><img loading=\"lazy\" decoding=\"async\" class=\"wp-image-49217 size-full\" src=\"https:\/\/static.casadomo.com\/media\/2018\/02\/abb-edificios-inteligentes-francfort-tacteo-conferencia-internacional-prensa-mike-mustapha.png\" alt=\"Mike Mustapha\" width=\"800\" height=\"534\" \/><figcaption class=\"wp-caption-text\">Mike Mustapha, Group Executive Vice President Marketing, Sales and Commercial Operations de la division ABB Electrification Products, da la bienvenida.<\/figcaption><\/figure>\n<p>Seg\u00fan Lotfy, \u201clos edificios inteligentes del ma\u00f1ana deben proteger a sus residentes con sistemas de alarma, deben estar dotados de conectividad y ser sostenibles\u201d. Pero sobre este \u00faltimo punto matiz\u00f3 que sostenibles tambi\u00e9n implica \u201cprestar atenci\u00f3n a la forma en que reciclan o consumen\u201d. En definitiva, \u201clos edificios inteligentes deben hacer la vida m\u00e1s segura y f\u00e1cil\u201d, concluy\u00f3.<\/p>\n<h2>ABB-tacteo KNX<\/h2>\n<p>A continuaci\u00f3n, Axel Kaixer, Global Product Manager, anunci\u00f3 en primicia la \u00faltima incorporaci\u00f3n a la oferta para edificios inteligentes de ABB Ability: el nuevo sensor KNX ABB-tacteo, que ser\u00e1 presentado oficialmente al mercado en la feria Light+Building 2018.<\/p>\n<figure id=\"attachment_49216\" style=\"max-width: 800px\" class=\"wp-caption aligncenter\"><img loading=\"lazy\" decoding=\"async\" class=\"wp-image-49216 size-full\" src=\"https:\/\/static.casadomo.com\/media\/2018\/02\/abb-edificios-inteligentes-francfort-tacteo-conferencia-internacional-prensa-mike-michael-lofty.png\" alt=\"Michael Lofty\" width=\"800\" height=\"520\" \/><figcaption class=\"wp-caption-text\">Michael Lotfy, Goblal Commercial Manager, anunci\u00f3 algunas tendencias de mercado del futuro.<\/figcaption><\/figure>\n<p>Este dispositivo innovador combina personalizaci\u00f3n y digitalizaci\u00f3n en un dise\u00f1o extraplano fabricado en cristal. Con posibilidad de adaptarse a cada mercado nacional, se dirige a los sectores hotelero y residencias de lujo. Puede configurarse de manera individual para gestionar toda clase de edificios inteligentes, desde hoteles de lujo, hasta edificios p\u00fablicos y edificios residenciales de alta gama.<\/p>\n<figure id=\"attachment_49210\" style=\"max-width: 800px\" class=\"wp-caption aligncenter\"><img loading=\"lazy\" decoding=\"async\" class=\"wp-image-49210 size-full\" src=\"https:\/\/static.casadomo.com\/media\/2018\/02\/abb-edificios-inteligentes-francfort-tacteo-conferencia-internacional-prensa-axel-kaiser-publico.png\" alt=\"Axel Kaiser\" width=\"800\" height=\"546\" \/><figcaption class=\"wp-caption-text\">Axel Kaixer, Global Product Manager, anunci\u00f3 en primicia la \u00faltima incorporaci\u00f3n a la oferta para edificios inteligentes de ABB Ability: el nuevo sensor KNX ABB-tacteo.<\/figcaption><\/figure>\n<p>Este \u00faltimo sensor de ABB es otro ejemplo de su compromiso para desarrollar productos inteligentes que sean universales por lo que respecta a su uso, pero uniformes por lo que respecta a su finalidad.<\/p>\n<figure id=\"attachment_49209\" style=\"max-width: 800px\" class=\"wp-caption aligncenter\"><img loading=\"lazy\" decoding=\"async\" class=\"wp-image-49209 size-full\" src=\"https:\/\/static.casadomo.com\/media\/2018\/02\/abb-edificios-inteligentes-francfort-tacteo-conferencia-internacional-prensa-axel-kaiser.png\" alt=\"Axel Kaiser\" width=\"800\" height=\"528\" \/><figcaption class=\"wp-caption-text\">Con posibilidad de adaptarse a cada mercado nacional, se dirige a los sectores hotelero y residencias de lujo.<\/figcaption><\/figure>\n<p>Los sensores KNX de cristal capacitivo reaccionan sin contacto y ofrecen posibilidades pr\u00e1cticamente ilimitadas para la conexi\u00f3n en red de edificios inteligentes. Calefacci\u00f3n, persianas, iluminaci\u00f3n o incluso escenas de confort son algunos de los elementos que se pueden controlar para crear entornos adaptados a las diferentes necesidades cotidianas y profesionales.<\/p>\n<div class=\"video-wrapper\">\n<div class=\"video-container\"><\/div>\n<\/p><\/div>\n<p>Siguiendo la m\u00e1xima de ABB de la flexibilidad para garantizar la personalizaci\u00f3n de sus productos, los ajustes de ABB-tacteo KNX pueden modificarse mediante software, lo que permite al usuario o al instalador profesional adaptar la automatizaci\u00f3n a las nuevas situaciones.<\/p>\n<figure id=\"attachment_49220\" style=\"max-width: 800px\" class=\"wp-caption aligncenter\"><img loading=\"lazy\" decoding=\"async\" class=\"wp-image-49220 size-full\" src=\"https:\/\/static.casadomo.com\/media\/2018\/02\/abb-edificios-inteligentes-francfort-tacteo-conferencia-internacional-prensa-tacteo.png\" alt=\"Sensor ABB tacteo\" width=\"800\" height=\"524\" \/><figcaption class=\"wp-caption-text\">ABB-tacteo KNX pueden modificarse mediante software, lo que permite al usuario o al instalador profesional adaptar la automatizaci\u00f3n a las nuevas situaciones.<\/figcaption><\/figure>\n<p>Adem\u00e1s, en declaraciones a CASADOMO, Axel Kaiser explic\u00f3 que \u201clo realmente novedoso en tacteo es el control de accesos para las habitaciones de hotel\u201d. \u201cFuera de la habitaci\u00f3n, el hu\u00e9sped viene con la tarjeta y puede abrir la habitaci\u00f3n donde dentro est\u00e1 todo basado en KNX y le proporcionar\u00e1 informaci\u00f3n de sus preferencias\u201d, incidi\u00f3.<\/p>\n<h2>Colaboraci\u00f3n de diferentes agentes del sector para la tecnolog\u00eda conectada<\/h2>\n<p>Diferentes expertos de Sonos, Amazon, Mozaiq y ABB debatieron en una mesa redonda, moderada por Bernald D\u00f6rtsel, Senior Vice President en ABB Building Automation, sobre el futuro de los hogares inteligentes, los edificios inteligentes y las soluciones de movilidad el\u00e9ctrica.<\/p>\n<figure id=\"attachment_49215\" style=\"max-width: 800px\" class=\"wp-caption aligncenter\"><img loading=\"lazy\" decoding=\"async\" class=\"wp-image-49215 size-full\" src=\"https:\/\/static.casadomo.com\/media\/2018\/02\/abb-edificios-inteligentes-francfort-tacteo-conferencia-internacional-prensa-mesa-redonda.png\" alt=\"Mesa Redonda\" width=\"800\" height=\"563\" \/><figcaption class=\"wp-caption-text\">Diferentes expertos de Sonos, Amazon, Mozaiq y ABB debatieron en una mesa redonda, moderada por Bernald D\u00f6rtsel, Senior Vice President en ABB Building Automation.<\/figcaption><\/figure>\n<p>Durante el debate, esbozaron la realidad de 2025 donde todas las superficies se convertir\u00e1n en elementos t\u00e1ctiles, se realizar\u00e1n pagos instant\u00e1neos con un Smart watch, desaparecer\u00e1n los cables, el control por voz ser\u00e1 f\u00e1cil de ejecutar y las tecnolog\u00edas funcionar\u00e1n de acuerdo con el estado de \u00e1nimo de los usuarios. Todo ello, dominado por IoT y la Inteligencia Artificial, muy integrada en todos los productos que mejorar\u00e1n las habilidades de los usuarios.<\/p>\n<figure id=\"attachment_49218\" style=\"max-width: 800px\" class=\"wp-caption aligncenter\"><img loading=\"lazy\" decoding=\"async\" class=\"wp-image-49218 size-full\" src=\"https:\/\/static.casadomo.com\/media\/2018\/02\/abb-edificios-inteligentes-francfort-tacteo-conferencia-internacional-prensa-publico.png\" alt=\"P\u00fablico en Conferencia Internacional de prensa de ABB\" width=\"800\" height=\"569\" \/><figcaption class=\"wp-caption-text\">Mozaiq es una plataforma que permite la interoperabilidad entre todos los proveedores de tecnolog\u00edas dom\u00f3ticas.<\/figcaption><\/figure>\n<p>Las compa\u00f1\u00edas Amazon y Sonos han participado en este debate debido a que sus soluciones han sido recientemente integradas en ABB free@home, permitiendo el control por voz de hasta 65 funciones. Adem\u00e1s, como ABB desarrolla soluciones que dan respuesta a los cambios en el mundo conectado y con miras a que todos los sistemas y aparatos del hogar puedan intercambiar datos de manera sencilla y segura, ha puesto en marcha, junto con Bosch y Cisco, la plataforma Mozaiq, que permite la interoperabilidad entre todos los proveedores de tecnolog\u00edas dom\u00f3ticas.<\/p>\n<figure id=\"attachment_49208\" style=\"max-width: 800px\" class=\"wp-caption aligncenter\"><img loading=\"lazy\" decoding=\"async\" class=\"wp-image-49208 size-full\" src=\"https:\/\/static.casadomo.com\/media\/2018\/02\/abb-edificios-inteligentes-francfort-tacteo-conferencia-internacional-prensa-amazon-alexa.png\" alt=\"Amazon Alexa\" width=\"800\" height=\"563\" \/><figcaption class=\"wp-caption-text\">Las compa\u00f1\u00edas Amazon y Sonos han participado en este debate debido a que sus soluciones han sido recientemente integradas en ABB free@home, permitiendo el control por voz de hasta 65 funciones.<\/figcaption><\/figure>\n<p>Por ello, aseguraron que \u201clos consumidores esperan que todo sea interoperable y se creen productos basados en ese aspecto\u201d. \u201cLa interoperabilidad ser\u00e1 el rey en el futuro. Todo el mundo espera que todo est\u00e9 conectado\u201d, se\u00f1alaron. Para Sonos, \u201cel hogar inteligente debe ser conveniente, todos los dispositivos deben estar conectados\u201d.<\/p>\n<figure id=\"attachment_49219\" style=\"max-width: 800px\" class=\"wp-caption aligncenter\"><img loading=\"lazy\" decoding=\"async\" class=\"wp-image-49219 size-full\" src=\"https:\/\/static.casadomo.com\/media\/2018\/02\/abb-edificios-inteligentes-francfort-tacteo-conferencia-internacional-prensa-robots.png\" alt=\"Robots\" width=\"800\" height=\"515\" \/><figcaption class=\"wp-caption-text\">La rueda de prensa concluy\u00f3 con una visita por diferentes salas que acog\u00edan peque\u00f1as demos tecnol\u00f3gicas.<\/figcaption><\/figure>\n<p>La rueda de prensa concluy\u00f3 con una visita por diferentes salas que acog\u00edan peque\u00f1as demos de sistemas de realidades virtuales y aumentadas, una muestra del funcionamiento del sistema de control por voz Amazon Alexa y dos robots interactuando con los asistentes.<\/p>\n<h2>Proyectos de referencia<\/h2>\n<p>Durante la segunda jornada, se visitaron una serie de proyectos de referencia con soluciones de ABB. La primera parada fue en Lyoner Carree, un edificio de viviendas recientemente construido con el sistema de control por voz ABB free@home, instalado en todas ellas para monitorizar la iluminaci\u00f3n y las persianas, y el sistema de control de accesos ABB Welcome.<\/p>\n<figure id=\"attachment_49214\" style=\"max-width: 800px\" class=\"wp-caption aligncenter\"><img loading=\"lazy\" decoding=\"async\" class=\"wp-image-49214 size-full\" src=\"https:\/\/static.casadomo.com\/media\/2018\/02\/abb-edificios-inteligentes-francfort-tacteo-conferencia-internacional-prensa-lyoner-carree.png\" alt=\"Edificio Lyoner Carree\" width=\"800\" height=\"571\" \/><figcaption class=\"wp-caption-text\">ABB free@home est\u00e1 instalados en las viviendas del nuevo edificio Lyoner Carree.<\/figcaption><\/figure>\n<p>En un supermercado Aldi se encontraba la siguiente instalaci\u00f3n de referencia de ABB. Perteneciente a su estrategia de e-movilidad, la compa\u00f1\u00eda ha proporcionado el sistema de recarga r\u00e1pida Terra 53 CIG para veh\u00edculos el\u00e9ctricos, perteneciente a la cartera de soluciones conectadas ABB Ability. Terra 53 CIG permite recargar la bater\u00eda en torno a 20 minutos, lo que se suele tardar en realizar la comprar. Con un software integrado con conectividad de ABB, permite avisar en el caso de que se produzcan fallos.<\/p>\n<figure id=\"attachment_49207\" style=\"max-width: 800px\" class=\"wp-caption aligncenter\"><img loading=\"lazy\" decoding=\"async\" class=\"wp-image-49207 size-full\" src=\"https:\/\/static.casadomo.com\/media\/2018\/02\/abb-edificios-inteligentes-francfort-tacteo-conferencia-internacional-prensa-aldi.png\" alt=\"Recarga veh\u00edculo el\u00e9ctrico\" width=\"800\" height=\"571\" \/><figcaption class=\"wp-caption-text\">ABB ha suministrado un punto de recarga ultrarr\u00e1pida para veh\u00edculos el\u00e9ctricos en un supermercado ALDI.<\/figcaption><\/figure>\n<p>Se trata pues de un servicio que ofrece Aldi a sus clientes que permite la recarga de veh\u00edculos varias veces al d\u00eda. El cliente no tiene que pagar por la electricidad, ya que el suministro procede de unos paneles solares situados en el tejado del supermercado y de la consiguiente conexi\u00f3n a la red.<\/p>\n<figure id=\"attachment_49212\" style=\"max-width: 800px\" class=\"wp-caption aligncenter\"><img loading=\"lazy\" decoding=\"async\" class=\"wp-image-49212 size-full\" src=\"https:\/\/static.casadomo.com\/media\/2018\/02\/abb-edificios-inteligentes-francfort-tacteo-conferencia-internacional-prensa-holiday-inn.png\" alt=\"Dispositivos en Holiday INN\" width=\"800\" height=\"620\" \/><figcaption class=\"wp-caption-text\">ABB ha desplegado el sistema i-bus KNX para el control integral de la iluminaci\u00f3n en el Hotel Holiday Inn.<\/figcaption><\/figure>\n<p>Finalmente, la visita concluy\u00f3 en el Hotel Holiday Inn, cercano al aeropuerto de Fr\u00e1ncfort, donde ABB ha desplegado el sistema i-bus KNX para el control integral de la iluminaci\u00f3n. Tanto las habitaciones como las zonas comunes (situadas en la planta baja), cuentan con el panel t\u00e1ctil Busch-priON sensor de Busch-Jaeger (la marca alemana para las soluciones de control en el hogar de ABB), desde donde los hu\u00e9spedes pueden tener una experiencia funcional de todas las zonas.<\/p>\n<figure id=\"attachment_49213\" style=\"max-width: 800px\" class=\"wp-caption aligncenter\"><img loading=\"lazy\" decoding=\"async\" class=\"wp-image-49213 size-full\" src=\"https:\/\/static.casadomo.com\/media\/2018\/02\/abb-edificios-inteligentes-francfort-tacteo-conferencia-internacional-prensa-holiday-inn-sala-conferencias.png\" alt=\"Rueda de prensa final en Holiday Inn\" width=\"800\" height=\"559\" \/><figcaption class=\"wp-caption-text\">Tanto las habitaciones como las zonas comunes (situadas en la planta baja), cuentan con el panel t\u00e1ctil Busch-priON sensor de Busch-Jaeger.<\/figcaption><\/figure>\n<p>Dise\u00f1ado con materiales de alta calidad, el sensor Busch-priON cuenta se caracteriza por su pantalla de visualizaci\u00f3n, su modularidad y su combinaci\u00f3n con diferentes tipos de interruptores. La combinaci\u00f3n del marco enlaza \u00f3pticas homog\u00e9neas con un dise\u00f1o moderno en l\u00edneas rectas y puede ser equipado individualmente.<\/p>\n<p>La entrada <a rel=\"nofollow\" href=\"https:\/\/www.casadomo.com\/2018\/02\/08\/abb-centra-estrategia-futuro-edificios-inteligentes-e-movilidad\">ABB centra su estrategia de futuro en los edificios inteligentes y la e-movilidad<\/a> aparece primero en <a rel=\"nofollow\" href=\"https:\/\/www.casadomo.com\">CASADOMO<\/a>.<\/p>\n<p><a href='https:\/\/www.casadomo.com\/2018\/02\/08\/abb-centra-estrategia-futuro-edificios-inteligentes-e-movilidad'>Ver noticia original<\/a><\/p>\n","protected":false},"excerpt":{"rendered":"<p>La ciudad alemana de Fr\u00e1ncfort del Meno ha sido el escenario escogido por la multinacional ABB para celebrar su Conferencia Internacional de Prensa, bajo el t\u00edtulo Smarter Buildings and e-Mobility, que tuvo lugar entre los d\u00edas 24 y 25 de enero. Con una asistencia de m\u00e1s de 80 periodistas de medios de comunicaci\u00f3n especializados, entre &hellip; <a href=\"https:\/\/domosistemas.com\/?p=8346\" class=\"more-link\">Sigue leyendo <span class=\"screen-reader-text\">ABB centra su estrategia de futuro en los edificios inteligentes y la e-movilidad<\/span><\/a><\/p>\n","protected":false},"author":1,"featured_media":0,"comment_status":"closed","ping_status":"closed","sticky":false,"template":"","format":"standard","meta":{"footnotes":""},"categories":[3],"tags":[],"class_list":["post-8346","post","type-post","status-publish","format-standard","hentry","category-casadomo-com"],"_links":{"self":[{"href":"https:\/\/domosistemas.com\/index.php?rest_route=\/wp\/v2\/posts\/8346","targetHints":{"allow":["GET"]}}],"collection":[{"href":"https:\/\/domosistemas.com\/index.php?rest_route=\/wp\/v2\/posts"}],"about":[{"href":"https:\/\/domosistemas.com\/index.php?rest_route=\/wp\/v2\/types\/post"}],"author":[{"embeddable":true,"href":"https:\/\/domosistemas.com\/index.php?rest_route=\/wp\/v2\/users\/1"}],"replies":[{"embeddable":true,"href":"https:\/\/domosistemas.com\/index.php?rest_route=%2Fwp%2Fv2%2Fcomments&post=8346"}],"version-history":[{"count":0,"href":"https:\/\/domosistemas.com\/index.php?rest_route=\/wp\/v2\/posts\/8346\/revisions"}],"wp:attachment":[{"href":"https:\/\/domosistemas.com\/index.php?rest_route=%2Fwp%2Fv2%2Fmedia&parent=8346"}],"wp:term":[{"taxonomy":"category","embeddable":true,"href":"https:\/\/domosistemas.com\/index.php?rest_route=%2Fwp%2Fv2%2Fcategories&post=8346"},{"taxonomy":"post_tag","embeddable":true,"href":"https:\/\/domosistemas.com\/index.php?rest_route=%2Fwp%2Fv2%2Ftags&post=8346"}],"curies":[{"name":"wp","href":"https:\/\/api.w.org\/{rel}","templated":true}]}}