{"id":8507,"date":"2018-03-23T03:00:00","date_gmt":"2018-03-23T03:00:00","guid":{"rendered":"http:\/\/domosistemas.com\/?p=8507"},"modified":"2018-03-23T03:00:00","modified_gmt":"2018-03-23T03:00:00","slug":"vigo-opta-a-un-proyecto-de-internet-de-las-cosas-para-la-interconexion-entre-edificios","status":"publish","type":"post","link":"https:\/\/domosistemas.com\/?p=8507","title":{"rendered":"Vigo opta a un proyecto de Internet de las Cosas para la interconexi\u00f3n entre edificios"},"content":{"rendered":"<p>La Uni\u00f3n Europea impulsa en Galicia un proyecto de cinco millones de euros para la aplicaci\u00f3n de las \u00faltimas tecnolog\u00edas en las ciudades, entre las cuales, <a href=\"http:\/\/hoxe.vigo.org\/#\/\">Vigo<\/a>\u00a0quiere unirse presentando su candidatura. Este proyecto centrado en Internet de las Cosas, financiado con fondos europeos, trabajar\u00e1 en la interconexi\u00f3n entre edificios y entre distintas zonas de la ciudad y facilitar\u00e1 la aplicaci\u00f3n de la red m\u00f3vil 5G.<\/p>\n<figure id=\"attachment_51162\" style=\"max-width: 800px\" class=\"wp-caption aligncenter\"><img loading=\"lazy\" decoding=\"async\" class=\"wp-image-51162 size-full\" src=\"https:\/\/static.casadomo.com\/media\/2018\/03\/vigo-proyecto-internet-cosas-interconexion-edificios.png\" alt=\"Reuni\u00f3n entre el alcalde de Vigo, Abel Caballero, y el coordinador del Plan Nacional de Territorios Inteligentes, Enrique Mart\u00ednez Mar\u00edn\" width=\"800\" height=\"400\" \/><figcaption class=\"wp-caption-text\">Este proyecto centrado en Internet de las Cosas, financiado con fondos europeos, trabajar\u00e1 en la interconexi\u00f3n entre edificios y entre distintas zonas de la ciudad y facilitar\u00e1 la aplicaci\u00f3n de la red m\u00f3vil 5G.<\/figcaption><\/figure>\n<p>As\u00ed lo anunci\u00f3 el alcalde de la ciudad, Abel Caballero, tras reunirse con el coordinador del Plan Nacional de Territorios Inteligentes, Enrique Mart\u00ednez, y otros promotores del programa, en la que se trat\u00f3 la posibilidad de que Vigo opte al proyecto europeo de IoT.<\/p>\n<p>Seg\u00fan explic\u00f3 Caballero, el Ayuntamiento tiene \u201cmucho inter\u00e9s en este proyecto\u201d ya que \u201cse adapta muy bien a las caracter\u00edsticas de Vigo\u201d, a la que considera ciudad a la vanguardia en la aplicaci\u00f3n de la \u00faltima tecnolog\u00eda.\u00a0El proyecto se gestionar\u00e1 a trav\u00e9s de la Secretar\u00eda de Estado para la Sociedad de la Informaci\u00f3n y Agenda Digital del <a href=\"http:\/\/www.minetad.gob.es\/es-ES\/Paginas\/index.aspx\">Ministerio de Energ\u00eda, Turismo y Agenda Digital<\/a>.<\/p>\n<p>La entrada <a rel=\"nofollow\" href=\"https:\/\/www.casadomo.com\/2018\/03\/23\/vigo-opta-proyecto-internet-cosas-interconexion-edificios\">Vigo opta a un proyecto de Internet de las Cosas para la interconexi\u00f3n entre edificios<\/a> aparece primero en <a rel=\"nofollow\" href=\"https:\/\/www.casadomo.com\">CASADOMO<\/a>.<\/p>\n<p><a href='https:\/\/www.casadomo.com\/2018\/03\/23\/vigo-opta-proyecto-internet-cosas-interconexion-edificios'>Ver noticia original<\/a><\/p>\n","protected":false},"excerpt":{"rendered":"<p>La Uni\u00f3n Europea impulsa en Galicia un proyecto de cinco millones de euros para la aplicaci\u00f3n de las \u00faltimas tecnolog\u00edas en las ciudades, entre las cuales, Vigo\u00a0quiere unirse presentando su candidatura. Este proyecto centrado en Internet de las Cosas, financiado con fondos europeos, trabajar\u00e1 en la interconexi\u00f3n entre edificios y entre distintas zonas de la &hellip; <a href=\"https:\/\/domosistemas.com\/?p=8507\" class=\"more-link\">Sigue leyendo <span class=\"screen-reader-text\">Vigo opta a un proyecto de Internet de las Cosas para la interconexi\u00f3n entre edificios<\/span><\/a><\/p>\n","protected":false},"author":1,"featured_media":0,"comment_status":"closed","ping_status":"closed","sticky":false,"template":"","format":"standard","meta":{"footnotes":""},"categories":[3],"tags":[],"class_list":["post-8507","post","type-post","status-publish","format-standard","hentry","category-casadomo-com"],"_links":{"self":[{"href":"https:\/\/domosistemas.com\/index.php?rest_route=\/wp\/v2\/posts\/8507","targetHints":{"allow":["GET"]}}],"collection":[{"href":"https:\/\/domosistemas.com\/index.php?rest_route=\/wp\/v2\/posts"}],"about":[{"href":"https:\/\/domosistemas.com\/index.php?rest_route=\/wp\/v2\/types\/post"}],"author":[{"embeddable":true,"href":"https:\/\/domosistemas.com\/index.php?rest_route=\/wp\/v2\/users\/1"}],"replies":[{"embeddable":true,"href":"https:\/\/domosistemas.com\/index.php?rest_route=%2Fwp%2Fv2%2Fcomments&post=8507"}],"version-history":[{"count":0,"href":"https:\/\/domosistemas.com\/index.php?rest_route=\/wp\/v2\/posts\/8507\/revisions"}],"wp:attachment":[{"href":"https:\/\/domosistemas.com\/index.php?rest_route=%2Fwp%2Fv2%2Fmedia&parent=8507"}],"wp:term":[{"taxonomy":"category","embeddable":true,"href":"https:\/\/domosistemas.com\/index.php?rest_route=%2Fwp%2Fv2%2Fcategories&post=8507"},{"taxonomy":"post_tag","embeddable":true,"href":"https:\/\/domosistemas.com\/index.php?rest_route=%2Fwp%2Fv2%2Ftags&post=8507"}],"curies":[{"name":"wp","href":"https:\/\/api.w.org\/{rel}","templated":true}]}}