{"id":8605,"date":"2018-04-18T02:00:00","date_gmt":"2018-04-18T02:00:00","guid":{"rendered":"http:\/\/domosistemas.com\/?p=8605"},"modified":"2018-04-18T02:00:00","modified_gmt":"2018-04-18T02:00:00","slug":"abb-presenta-una-nueva-serie-de-estaciones-de-carga-electrica-de-pared-para-hogares-y-edificios-terciarios","status":"publish","type":"post","link":"https:\/\/domosistemas.com\/?p=8605","title":{"rendered":"ABB presenta una nueva serie de estaciones de carga el\u00e9ctrica de pared para hogares y edificios terciarios"},"content":{"rendered":"<p><a href=\"http:\/\/www.abb.es\">ABB<\/a> ha mejorado su su gama de sistemas de recarga de veh\u00edculos el\u00e9ctricos con una nueva serie de estaciones de carga el\u00e9ctrica de pared, una soluci\u00f3n sencilla de instalar en hogares y empresas.\u00a0Esta nueva gama se compone de un total de 52 modelos distintos que ofrecen puntos de carga rentables y de gran calidad para coches el\u00e9ctricos, tanto para uso privado como comercial.<\/p>\n<figure id=\"attachment_52090\" style=\"width: 800px\" class=\"wp-caption aligncenter\"><img loading=\"lazy\" decoding=\"async\" class=\"wp-image-52090 size-full\" src=\"https:\/\/static.casadomo.com\/media\/2018\/04\/abb-estaciones-carga-electrica-pared-edificios.png\" alt=\"Sistema de recarga de veh\u00edculos el\u00e9ctricos de ABB\" width=\"800\" height=\"578\" \/><figcaption class=\"wp-caption-text\">El sistema de recarga de veh\u00edculos el\u00e9ctricos cuenta con una interfaz de comunicaci\u00f3n para una carga de control inteligente y herramientas web para la gesti\u00f3n de acceso, configuraci\u00f3n y estad\u00edsticas.<\/figcaption><\/figure>\n<p>Esta \u00faltima incorporaci\u00f3n contribuye a reforzar la completa cartera de ABB de soluciones m\u00e1s inteligentes para edificios, que abarcan desde iluminaci\u00f3n hasta calefacci\u00f3n, m\u00fasica, seguridad y carga el\u00e9ctrica de veh\u00edculos.<\/p>\n<p>Gracias a su compacto dise\u00f1o de 50 x 25 cm2,\u00a0la estaci\u00f3n de carga de pared puede instalarse en cualquier vivienda o lugar de trabajo. Est\u00e1 especialmente adaptada para aquellos negocios que deseen ofrecer a sus clientes puntos de carga durante la noche, como en el caso de empresas de hosteler\u00eda.<\/p>\n<h2>Estaciones de carga preparadas para el futuro<\/h2>\n<p>Las estaciones de carga pueden ubicarse tanto en exterior como en interior ya que est\u00e1n fabricadas con un envolvente robusto y resistente a las inclemencias meteorol\u00f3gicas, y est\u00e1n disponibles en distintas versiones que ofrecen desde una carga de 4,6 y 11 kW de CA hasta una carga trif\u00e1sica de 22 kW de CA. Al igual que con otros productos de ABB, basta con llamar por tel\u00e9fono a los servicios de asistencia t\u00e9cnica para obtener ayuda experta a la hora de instalar y montar las estaciones de carga en la pared.<\/p>\n<p>Para cumplir con el est\u00e1ndar de la industria protocolo abierto de punto de carga (OCPP, por sus siglas en ingl\u00e9s), el sistema de la estaci\u00f3n de carga el\u00e9ctrica de pared de ABB est\u00e1 preparado para el futuro y habilitado para la autenticaci\u00f3n y el equilibrado de carga.<\/p>\n<h2>Identificaci\u00f3n por RFID<\/h2>\n<p>Las estaciones de carga de pared ofrecen, para ser m\u00e1s flexibles, diversos conectores que incluyen dos tomas: toma tipo 2 con obturador y cable de tipo 1 y 2. En el caso de aquellos lugares donde resulte dif\u00edcil el montaje en la pared, hay disponibles una gama de pedestales que incluyen un cargador, dos cargadores espalda con espalda o dos cargadores en un \u00e1ngulo de 90 grados.<\/p>\n<p>Las estaciones de carga de pared tambi\u00e9n se comercializan con o sin contador de energ\u00eda, equilibrado de carga, integraci\u00f3n con funciones administrativas y m\u00f3dem UMTS\/3G.<\/p>\n<p>Otras funciones opcionales clave son identificaci\u00f3n por radiofrecuencia (RFID) y autorizaci\u00f3n de claves para una mayor seguridad; modelos con tarjetas SIM para la comunicaci\u00f3n de datos; software limitador de la corriente de entrada para adaptarse a los requisitos del emplazamiento; interfaz de comunicaci\u00f3n para una carga de control inteligente y herramientas web para la gesti\u00f3n de acceso, configuraci\u00f3n y estad\u00edsticas.<\/p>\n<p>La entrada <a rel=\"nofollow\" href=\"https:\/\/www.casadomo.com\/2018\/04\/18\/abb-presenta-nueva-serie-estaciones-carga-electrica-pared-hogares-edificios-terciarios\">ABB presenta una nueva serie de estaciones de carga el\u00e9ctrica de pared para hogares y edificios terciarios<\/a> aparece primero en <a rel=\"nofollow\" href=\"https:\/\/www.casadomo.com\">CASADOMO<\/a>.<\/p>\n<p><a href='https:\/\/www.casadomo.com\/2018\/04\/18\/abb-presenta-nueva-serie-estaciones-carga-electrica-pared-hogares-edificios-terciarios'>Ver noticia original<\/a><\/p>\n","protected":false},"excerpt":{"rendered":"<p>ABB ha mejorado su su gama de sistemas de recarga de veh\u00edculos el\u00e9ctricos con una nueva serie de estaciones de carga el\u00e9ctrica de pared, una soluci\u00f3n sencilla de instalar en hogares y empresas.\u00a0Esta nueva gama se compone de un total de 52 modelos distintos que ofrecen puntos de carga rentables y de gran calidad para &hellip; <a href=\"https:\/\/domosistemas.com\/?p=8605\" class=\"more-link\">Sigue leyendo <span class=\"screen-reader-text\">ABB presenta una nueva serie de estaciones de carga el\u00e9ctrica de pared para hogares y edificios terciarios<\/span><\/a><\/p>\n","protected":false},"author":1,"featured_media":0,"comment_status":"closed","ping_status":"closed","sticky":false,"template":"","format":"standard","meta":{"footnotes":""},"categories":[3],"tags":[],"class_list":["post-8605","post","type-post","status-publish","format-standard","hentry","category-casadomo-com"],"_links":{"self":[{"href":"https:\/\/domosistemas.com\/index.php?rest_route=\/wp\/v2\/posts\/8605","targetHints":{"allow":["GET"]}}],"collection":[{"href":"https:\/\/domosistemas.com\/index.php?rest_route=\/wp\/v2\/posts"}],"about":[{"href":"https:\/\/domosistemas.com\/index.php?rest_route=\/wp\/v2\/types\/post"}],"author":[{"embeddable":true,"href":"https:\/\/domosistemas.com\/index.php?rest_route=\/wp\/v2\/users\/1"}],"replies":[{"embeddable":true,"href":"https:\/\/domosistemas.com\/index.php?rest_route=%2Fwp%2Fv2%2Fcomments&post=8605"}],"version-history":[{"count":0,"href":"https:\/\/domosistemas.com\/index.php?rest_route=\/wp\/v2\/posts\/8605\/revisions"}],"wp:attachment":[{"href":"https:\/\/domosistemas.com\/index.php?rest_route=%2Fwp%2Fv2%2Fmedia&parent=8605"}],"wp:term":[{"taxonomy":"category","embeddable":true,"href":"https:\/\/domosistemas.com\/index.php?rest_route=%2Fwp%2Fv2%2Fcategories&post=8605"},{"taxonomy":"post_tag","embeddable":true,"href":"https:\/\/domosistemas.com\/index.php?rest_route=%2Fwp%2Fv2%2Ftags&post=8605"}],"curies":[{"name":"wp","href":"https:\/\/api.w.org\/{rel}","templated":true}]}}