{"id":8735,"date":"2018-05-23T02:00:00","date_gmt":"2018-05-23T02:00:00","guid":{"rendered":"https:\/\/domosistemas.com\/?p=8735"},"modified":"2018-05-23T02:00:00","modified_gmt":"2018-05-23T02:00:00","slug":"espana-lider-en-fibra-optica-en-europa-importante-conclusion-del-dia-de-las-telecomunicaciones","status":"publish","type":"post","link":"https:\/\/domosistemas.com\/?p=8735","title":{"rendered":"&quot;Espa\u00f1a, l\u00edder en fibra \u00f3ptica en Europa&quot;, importante conclusi\u00f3n del D\u00eda de las Telecomunicaciones"},"content":{"rendered":"<p>El <a href=\"https:\/\/www.coit.es\/\" target=\"_blank\" rel=\"noopener\">Colegio Oficial de Ingenieros de Telecomunicaci\u00f3n<\/a> (COIT) ha conmemorado el D\u00eda de las Telecomunicaciones y la Sociedad de la Informaci\u00f3n.\u00a0\u201cEspa\u00f1a, l\u00edder Europeo en Fibra \u00f3ptica\u201d fue una de las principales conclusiones de un acto que se centr\u00f3 en temas regulatorios y t\u00e9cnicos de las redes de fibra \u00f3ptica y en c\u00f3mo las medidas tomadas a cabo en Espa\u00f1a han contribuido a que nuestro pa\u00eds sea pionero y modelo de referencia en la UE.<\/p>\n<p><img loading=\"lazy\" decoding=\"async\" class=\"aligncenter size-full wp-image-53987\" src=\"https:\/\/static.casadomo.com\/media\/2018\/05\/espana-fibra-optica-europa-dia-telecomunicaciones.png\" alt=\"Representaci\u00f3n del COIC en el D\u00eda de las Telecomunicaciones\" width=\"800\" height=\"580\" \/><\/p>\n<p>Espa\u00f1a, en cuanto al despliegue de su red \u00f3ptica est\u00e1 al nivel top de pa\u00edses como Corea y Jap\u00f3n. Seg\u00fan el Centro Tecnol\u00f3gico de Telecomunicaci\u00f3n de Catalunya (CTTC), las pr\u00f3ximas investigaciones internacionales en temas de redes \u00f3pticas deber\u00edan orientarse al usuario, para que la sociedad digital pudiera ofrecer mejores servicios a los consumidores.<\/p>\n<h2>Nuevos desaf\u00edos<\/h2>\n<p>\u201cHacia la sociedad del Gigabit\u201d es el reto que se les plantea a los pa\u00edses en los pr\u00f3ximos a\u00f1os. Esta pr\u00f3xima sociedad del Gigabit, potentemente conectada, generar\u00e1 retos, desaf\u00edos y oportunidades que deber\u00e1n resolver los profesionales que desarrollan la profesi\u00f3n de ingeniero de Telecomunicaci\u00f3n.<\/p>\n<p>Los objetivos estrat\u00e9gicos para los pr\u00f3ximos a\u00f1os en la UE, se fundamentan en un mercado digital \u00fanico y una potente conectividad. Los operadores deber\u00e1n desarrollar estrategias t\u00e9cnicas y las administraciones p\u00fablicas y las instituciones deber\u00e1n desarrollar acciones regulatorias y sociales para\u00a0 conseguir entre todos una autentica sociedad digital.<\/p>\n<p>La conmemoraci\u00f3n del DMT contribuye a que se conozcan mejor las posibilidades que pueden brindar Internet y otras tecnolog\u00edas de la informaci\u00f3n y las comunicaciones a las sociedades y econom\u00edas, para que se pueda reducir la brecha digital existente en el acceso a las tecnolog\u00edas de la informaci\u00f3n y las comunicaciones en el mundo, espec\u00edficamente en las telecomunicaciones e Internet.<\/p>\n<p>La entrada <a rel=\"nofollow\" href=\"https:\/\/www.casadomo.com\/2018\/05\/23\/espana-lider-fibra-optica-europa-importante-conclusion-del-dia-las-telecomunicaciones\">\u00abEspa\u00f1a, l\u00edder en fibra \u00f3ptica en Europa\u00bb, importante conclusi\u00f3n del D\u00eda de las Telecomunicaciones<\/a> aparece primero en <a rel=\"nofollow\" href=\"https:\/\/www.casadomo.com\">CASADOMO<\/a>.<\/p>\n<p><a href='https:\/\/www.casadomo.com\/2018\/05\/23\/espana-lider-fibra-optica-europa-importante-conclusion-del-dia-las-telecomunicaciones'>Ver noticia original<\/a><\/p>\n","protected":false},"excerpt":{"rendered":"<p>El Colegio Oficial de Ingenieros de Telecomunicaci\u00f3n (COIT) ha conmemorado el D\u00eda de las Telecomunicaciones y la Sociedad de la Informaci\u00f3n.\u00a0\u201cEspa\u00f1a, l\u00edder Europeo en Fibra \u00f3ptica\u201d fue una de las principales conclusiones de un acto que se centr\u00f3 en temas regulatorios y t\u00e9cnicos de las redes de fibra \u00f3ptica y en c\u00f3mo las medidas tomadas &hellip; <a href=\"https:\/\/domosistemas.com\/?p=8735\" class=\"more-link\">Sigue leyendo <span class=\"screen-reader-text\">&quot;Espa\u00f1a, l\u00edder en fibra \u00f3ptica en Europa&quot;, importante conclusi\u00f3n del D\u00eda de las Telecomunicaciones<\/span><\/a><\/p>\n","protected":false},"author":1,"featured_media":0,"comment_status":"closed","ping_status":"closed","sticky":false,"template":"","format":"standard","meta":{"footnotes":""},"categories":[3],"tags":[],"class_list":["post-8735","post","type-post","status-publish","format-standard","hentry","category-casadomo-com"],"_links":{"self":[{"href":"https:\/\/domosistemas.com\/index.php?rest_route=\/wp\/v2\/posts\/8735","targetHints":{"allow":["GET"]}}],"collection":[{"href":"https:\/\/domosistemas.com\/index.php?rest_route=\/wp\/v2\/posts"}],"about":[{"href":"https:\/\/domosistemas.com\/index.php?rest_route=\/wp\/v2\/types\/post"}],"author":[{"embeddable":true,"href":"https:\/\/domosistemas.com\/index.php?rest_route=\/wp\/v2\/users\/1"}],"replies":[{"embeddable":true,"href":"https:\/\/domosistemas.com\/index.php?rest_route=%2Fwp%2Fv2%2Fcomments&post=8735"}],"version-history":[{"count":0,"href":"https:\/\/domosistemas.com\/index.php?rest_route=\/wp\/v2\/posts\/8735\/revisions"}],"wp:attachment":[{"href":"https:\/\/domosistemas.com\/index.php?rest_route=%2Fwp%2Fv2%2Fmedia&parent=8735"}],"wp:term":[{"taxonomy":"category","embeddable":true,"href":"https:\/\/domosistemas.com\/index.php?rest_route=%2Fwp%2Fv2%2Fcategories&post=8735"},{"taxonomy":"post_tag","embeddable":true,"href":"https:\/\/domosistemas.com\/index.php?rest_route=%2Fwp%2Fv2%2Ftags&post=8735"}],"curies":[{"name":"wp","href":"https:\/\/api.w.org\/{rel}","templated":true}]}}