{"id":9339,"date":"2019-04-17T07:30:30","date_gmt":"2019-04-17T07:30:30","guid":{"rendered":"https:\/\/domosistemas.com\/?p=9339"},"modified":"2019-04-17T07:30:30","modified_gmt":"2019-04-17T07:30:30","slug":"los-dispositivos-iot-la-clave-para-el-desarrollo-de-nuevos-modems-5g-de-intel-tras-dejar-a-un-lado-el-mercado-de-los-smartphones","status":"publish","type":"post","link":"https:\/\/domosistemas.com\/?p=9339","title":{"rendered":"Los dispositivos IoT la clave para el desarrollo de nuevos modems 5G de Intel tras dejar a un lado el mercado de los smartphones"},"content":{"rendered":"<div>\n<p>\n      <img decoding=\"async\" src=\"https:\/\/i.blogs.es\/ea7df4\/iot\/1024_2000.jpg\" alt=\"Los dispositivos IoT la clave para el desarrollo de nuevos modems 5G de Intel tras dejar a un lado el mercado de los smartphones \">\n    <\/p>\n<div class=\"article-asset-image article-asset-normal\">\n<div class=\"asset-content\">  <\/div>\n<\/div>\n<p>Es una de las decisiones m\u00e1s llamativas de la jornada. Intel anuncia que deja a un lado la fabricaci\u00f3n de modems 5G para m\u00f3viles y <strong>pasar\u00e1 a centrarse en otros nichos de mercado ahora minoritarios<\/strong>, como es el Internet de las Cosas (IoT).<\/p>\n<p>El acuerdo entre Apple y Qualcomm es seguro, parte del responsable de este movimiento que de hecho, ha provocado que sea el propio CEO de Intel explicando en un <a href=\"https:\/\/newsroom.intel.com\/news-releases\/intel-modem-statement\/#gs.5ks55l\">comunicado<\/a> los motivos por el que <strong>cesan la fabricaci\u00f3n de este tipo de componentes para <em>smartphones<\/em><\/strong>.<!--more--><\/p>\n<p>La renuncia a la tarta de los modems 5G para <em>smartphones<\/em> hace que Intel se vuelque en otros mercados. En concreto la empresa valorar\u00e1 la creaci\u00f3n de m\u00f3dems 4G y 5G en computadoras, pero <strong>sobre todo optar\u00e1 por los dispositivos IoT<\/strong> a la vez que continuar\u00e1 invirtiendo en su negocio de infraestructura de redes 5G.<\/p>\n<p><strong>Los dispositivos IoT cada vez cobran m\u00e1s importancia en nuestros hogares y en nuestras vidas<\/strong> y la conexi\u00f3n permanente es una de las caracter\u00edsticas b\u00e1sicas. Ahora mismo, lo m\u00e1s habitual es que estos se conecten a la red Wi-Fi del hogar, pero la <a href=\"https:\/\/www.xataka.com\/moviles\/5g-realidad-tenemos-estandar-definitivo-para-implementacion-redes-moviles-proxima-generacion\">llegada del 5G<\/a> les puede abrir un nuevo campo de desarrollo.<\/p>\n<div class=\"desvio-container\">\n<div class=\"desvio\">\n<div class=\"desvio-figure js-desvio-figure\">\n   <a href=\"https:\/\/www.xataka.com\/moviles\/5g-realidad-tenemos-estandar-definitivo-para-implementacion-redes-moviles-proxima-generacion\" target=\"_blank\" rel=\"noopener noreferrer\"><br \/>\n    <img decoding=\"async\" src=\"https:\/\/i.blogs.es\/4a3cc1\/5g-estandar\/375_142.jpeg\" alt=\"El 5G es una realidad: ya tenemos el est\u00e1ndar definitivo para la implementaci\u00f3n de las redes m\u00f3viles de pr\u00f3xima generaci\u00f3n\"><br \/>\n   <\/a>\n  <\/div>\n<div class=\"desvio-summary\">\n<div class=\"desvio-taxonomy js-desvio-taxonomy\">\n    <a href=\"https:\/\/www.xataka.com\/moviles\/5g-realidad-tenemos-estandar-definitivo-para-implementacion-redes-moviles-proxima-generacion\" class=\"desvio-taxonomy-anchor m-crosspost\" target=\"_blank\" rel=\"noopener noreferrer\">En Xataka<\/a>\n   <\/div>\n<p>   <a href=\"https:\/\/www.xataka.com\/moviles\/5g-realidad-tenemos-estandar-definitivo-para-implementacion-redes-moviles-proxima-generacion\" class=\"desvio-title js-desvio-title\" target=\"_blank\" rel=\"noopener noreferrer\">El 5G es una realidad: ya tenemos el est\u00e1ndar definitivo para la implementaci\u00f3n de las redes m\u00f3viles de pr\u00f3xima generaci\u00f3n<\/a>\n  <\/div>\n<\/p><\/div>\n<\/div>\n<p>La llegada del 5G permitir\u00e1, entre otras mejoras, que podamos conectar un mayor n\u00famero de wearables de todo tipo. Pensemos en <a href=\"https:\/\/www.xatakahome.com\/seguridad-en-el-hogar\/stop-ladrones-vigila-tu-casa-distancia-cuando-salgas-vacaciones-estas-siete-camaras-vigilancia-ip\">c\u00e1maras de vigilancia<\/a>, <a href=\"https:\/\/www.xatakahome.com\/tag\/cerraduras\">sistemas de control de acceso<\/a>, veh\u00edculos&#8230; <strong>la ciudad inteligente y el hogar conectado se beneficiar\u00e1n<\/strong> de esta nueva conexi\u00f3n e Intel quiere participar en este futuro.<\/p>\n<h2>A\u00f1o 2020<\/h2>\n<div class=\"article-asset-image article-asset-normal\">\n<div class=\"asset-content\"> <img decoding=\"async\" alt=\"Intel\" src=\"https:\/\/i.blogs.es\/a7dcca\/intel\/450_1000.jpg\"> <\/div>\n<\/div>\n<p>En su momento conocimos tanto el <a href=\"https:\/\/ec.europa.eu\/transparency\/regdoc\/rep\/1\/2016\/ES\/1-2016-588-ES-F1-1.PDF\">Plan de Acci\u00f3n para 5G de la Uni\u00f3n Europea<\/a>, donde preve\u00eda que las primeras redes comerciales 5G llegaran en 2020. En Espa\u00f1a hemos asistido recientemente a la licitaci\u00f3n de las bandas de frecuencias para su desarrollo y despliegue. Y la <strong>apuesta por Intel pasa por fortalecer infraestructuras 5G<\/strong> a la vez que apostar por el IoT.<\/p>\n<p>Lo que es cierto, es que parte de este movimiento se debe [al acuerdo entre Apple y Qualcomm(https:\/\/www.xataka.com\/legislacion-y-derechos\/apple-qualcomm-ponen-fin-a-su-batalla-legal-ambas-companias-llegan-a-acuerdo-retiran-todas-demandas-todo-mundo). <strong>Intel no pod\u00eda cumplir con los plazos para ofrecer modems 5G<\/strong> para los pr\u00f3ximos iPhone de cara a 2019, por lo que tendremos que esperar a 2020 para ver dicha integraci\u00f3n.<\/p>\n<div class=\"desvio-container\">\n<div class=\"desvio\">\n<div class=\"desvio-figure js-desvio-figure\">\n   <a href=\"https:\/\/www.xataka.com\/internet-of-things\/revolucion-iot-se-atasca-productos-que-prometen-todo-acaban-siendo-abandonados-dejando-a-usuarios-vendidos\" target=\"_blank\" rel=\"noopener noreferrer\"><br \/>\n    <img decoding=\"async\" src=\"https:\/\/i.blogs.es\/1041dc\/momit\/375_142.jpg\" alt=\"La revoluci\u00f3n IoT se atasca: productos que lo prometen todo acaban siendo abandonados y dejando a los usuarios vendidos\"><br \/>\n   <\/a>\n  <\/div>\n<div class=\"desvio-summary\">\n<div class=\"desvio-taxonomy js-desvio-taxonomy\">\n    <a href=\"https:\/\/www.xataka.com\/internet-of-things\/revolucion-iot-se-atasca-productos-que-prometen-todo-acaban-siendo-abandonados-dejando-a-usuarios-vendidos\" class=\"desvio-taxonomy-anchor m-crosspost\" target=\"_blank\" rel=\"noopener noreferrer\">En Xataka<\/a>\n   <\/div>\n<p>   <a href=\"https:\/\/www.xataka.com\/internet-of-things\/revolucion-iot-se-atasca-productos-que-prometen-todo-acaban-siendo-abandonados-dejando-a-usuarios-vendidos\" class=\"desvio-title js-desvio-title\" target=\"_blank\" rel=\"noopener noreferrer\">La revoluci\u00f3n IoT se atasca: productos que lo prometen todo acaban siendo abandonados y dejando a los usuarios vendidos<\/a>\n  <\/div>\n<\/p><\/div>\n<\/div>\n<p>El mismo a\u00f1o en el que nos prometen que el 5G puede comenzar a ser una realidad en nuestras vidas <a href=\"https:\/\/www.xatakamovil.com\/orange\/orange-zte-realizan-primera-llamada-infraestructura-100-5g-espana\">m\u00e1s all\u00e1 de pruebas puntuales<\/a>. El 5G permitir\u00e1 el acceso a una banda ancha, con <strong>muy baja latencia, m\u00e1s fiabilidad y el soporte para m\u00e1s dispositivos conectados<\/strong>. Estas ser\u00e1n las claves para el desarrollo digital de los pr\u00f3ximos a\u00f1os en el que Intel puede haber fijado su futuro.<\/p>\n<p>M\u00e1s informaci\u00f3n |\u00a0<a href=\"https:\/\/newsroom.intel.com\/news-releases\/intel-modem-statement\/#gs.5ks55l\">Intel<\/a><\/p>\n<\/p>\n<h4>Tambi\u00e9n te recomendamos<\/h4>\n<p>\n        <a href=\"https:\/\/www.xatakahome.com\/\/https:\/\/www.bloglenovo.es\/estas-son-todas-las-muertes-que-habrias-sufrido-sin-tecnologia\/?utm_source=recommended&#038;utm_medium=feed&#038;utm_campaign=17_Apr_2019\"><br \/>\n            Estas son todas las muertes que habr\u00edas sufrido sin tecnolog\u00eda<br \/>\n        <\/a>\n    <\/p>\n<p>\n        <a href=\"https:\/\/www.xatakahome.com\/domotica\/synthetic-sensors-un-sensor-multiproposito-para-gobernarlos-a-todos?utm_source=recommended&#038;utm_medium=feed&#038;utm_campaign=17_Apr_2019\"><br \/>\n            Synthetic Sensors, un sensor multiprop\u00f3sito para gobernarlos a todos<br \/>\n        <\/a>\n    <\/p>\n<p>\n        <a href=\"https:\/\/www.xatakahome.com\/trucos-y-bricolaje-smart\/con-este-hat-para-la-raspberry-pi-3-podras-dar-tus-pinitos-con-android-things?utm_source=recommended&#038;utm_medium=feed&#038;utm_campaign=17_Apr_2019\"><br \/>\n            Con este Hat para la Raspberry Pi 3 podr\u00e1s dar tus pinitos con Android Things<br \/>\n        <\/a>\n    <\/p>\n<p> &#8211; <br \/> La noticia<br \/>\n       <a href=\"https:\/\/www.xatakahome.com\/domotica\/dispositivos-iot-clave-para-desarrollo-nuevos-modems-5g-intel-dejar-a-lado-mercado-smartphones?utm_source=feedburner&#038;utm_medium=feed&#038;utm_campaign=17_Apr_2019\"><br \/>\n        <em> Los dispositivos IoT la clave para el desarrollo de nuevos modems 5G de Intel tras dejar a un lado el mercado de los smartphones  <\/em><br \/>\n       <\/a><br \/>\n       fue publicada originalmente en<br \/>\n       <a href=\"https:\/\/www.xatakahome.com\/?utm_source=feedburner&#038;utm_medium=feed&#038;utm_campaign=17_Apr_2019\"><br \/>\n        <strong> Xataka Smart Home <\/strong><br \/>\n       <\/a><br \/>\n              por <a href=\"https:\/\/www.xatakahome.com\/autor\/jose-antonio-carmona?utm_source=feedburner&#038;utm_medium=feed&#038;utm_campaign=17_Apr_2019\"><br \/>\n        Jose Antonio<br \/>\n       <\/a><br \/>\n       . <\/p>\n<div class=\"feedflare\">\n<a href=\"http:\/\/feeds.weblogssl.com\/~ff\/Xatakahome?a=UUt-FSvI964:mMRuABeivsU:yIl2AUoC8zA\"><img decoding=\"async\" src=\"http:\/\/feeds.feedburner.com\/~ff\/Xatakahome?d=yIl2AUoC8zA\" border=\"0\"><\/a>\n<\/div>\n<p><img loading=\"lazy\" decoding=\"async\" src=\"http:\/\/feeds.feedburner.com\/~r\/Xatakahome\/~4\/UUt-FSvI964\" height=\"1\" width=\"1\" alt=\"\"><\/div>\n","protected":false},"excerpt":{"rendered":"<p>Es una de las decisiones m\u00e1s llamativas de la jornada. Intel anuncia que deja a un lado la fabricaci\u00f3n de modems 5G para m\u00f3viles y pasar\u00e1 a centrarse en otros nichos de mercado ahora minoritarios, como es el Internet de las Cosas (IoT). El acuerdo entre Apple y Qualcomm es seguro, parte del responsable de &hellip; <a href=\"https:\/\/domosistemas.com\/?p=9339\" class=\"more-link\">Sigue leyendo <span class=\"screen-reader-text\">Los dispositivos IoT la clave para el desarrollo de nuevos modems 5G de Intel tras dejar a un lado el mercado de los smartphones<\/span><\/a><\/p>\n","protected":false},"author":1,"featured_media":0,"comment_status":"closed","ping_status":"closed","sticky":false,"template":"","format":"standard","meta":{"footnotes":""},"categories":[8],"tags":[],"class_list":["post-9339","post","type-post","status-publish","format-standard","hentry","category-xataka"],"_links":{"self":[{"href":"https:\/\/domosistemas.com\/index.php?rest_route=\/wp\/v2\/posts\/9339","targetHints":{"allow":["GET"]}}],"collection":[{"href":"https:\/\/domosistemas.com\/index.php?rest_route=\/wp\/v2\/posts"}],"about":[{"href":"https:\/\/domosistemas.com\/index.php?rest_route=\/wp\/v2\/types\/post"}],"author":[{"embeddable":true,"href":"https:\/\/domosistemas.com\/index.php?rest_route=\/wp\/v2\/users\/1"}],"replies":[{"embeddable":true,"href":"https:\/\/domosistemas.com\/index.php?rest_route=%2Fwp%2Fv2%2Fcomments&post=9339"}],"version-history":[{"count":0,"href":"https:\/\/domosistemas.com\/index.php?rest_route=\/wp\/v2\/posts\/9339\/revisions"}],"wp:attachment":[{"href":"https:\/\/domosistemas.com\/index.php?rest_route=%2Fwp%2Fv2%2Fmedia&parent=9339"}],"wp:term":[{"taxonomy":"category","embeddable":true,"href":"https:\/\/domosistemas.com\/index.php?rest_route=%2Fwp%2Fv2%2Fcategories&post=9339"},{"taxonomy":"post_tag","embeddable":true,"href":"https:\/\/domosistemas.com\/index.php?rest_route=%2Fwp%2Fv2%2Ftags&post=9339"}],"curies":[{"name":"wp","href":"https:\/\/api.w.org\/{rel}","templated":true}]}}