{"id":9392,"date":"2019-04-26T10:07:20","date_gmt":"2019-04-26T10:07:20","guid":{"rendered":"https:\/\/domosistemas.com\/?p=9392"},"modified":"2019-04-26T10:07:20","modified_gmt":"2019-04-26T10:07:20","slug":"el-debate-electoral-23a-grabado-a-8k-nos-da-una-idea-de-como-se-veran-las-emisiones-televisivas-en-un-futuro-no-muy-lejano","status":"publish","type":"post","link":"https:\/\/domosistemas.com\/?p=9392","title":{"rendered":"El debate electoral 23A grabado a 8K nos da una idea de c\u00f3mo se ver\u00e1n las emisiones televisivas en un futuro no muy lejano"},"content":{"rendered":"<div>\n<p>\n      <img decoding=\"async\" src=\"https:\/\/i.blogs.es\/b360c8\/debate\/1024_2000.jpg\" alt=\"El debate electoral 23A grabado a 8K nos da una idea de c\u00f3mo se ver\u00e1n las emisiones televisivas en un futuro no muy lejano \">\n    <\/p>\n<p>La <strong>resoluci\u00f3n 8K<\/strong> lleva ya unos meses haciendo su aparici\u00f3n en  diferentes ferias, muestras e incluso en las estanter\u00edas de las tiendas con modelos como el televisor de <strong>Samsung Q900r<\/strong> que pudimos <a href=\"https:\/\/www.xataka.com\/analisis\/samsung-qled-8k-q900r-analisis-caracteristicas-precio-especificaciones\">analizar a fondo<\/a> hace unos meses. <\/p>\n<p><!-- BREAK 1 --><\/p>\n<p>Sin embargo, a pesar de que los fabricantes prometen acercarnos esta tecnolog\u00eda en la pr\u00f3xima generaci\u00f3n de <strong>pantallas inteligentes<\/strong> hay todav\u00eda un gran problema: el acceso a contenidos es <strong>muy limitado por no decir casi inexistente<\/strong>.<!--more--><\/p>\n<p><!-- BREAK 2 --><\/p>\n<p>M\u00e1s all\u00e1 de unos pocos v\u00eddeos demostrativos y alg\u00fan documental en YouTube <strong>no hay previstas pel\u00edculas<\/strong>, soportes \u00f3pticos compatibles, una nueva TDT a 8K ni m\u00e1s <a href=\"https:\/\/www.xatakahome.com\/televisores\/estamos-viendo-televisores-8k-no-te-preocupes-no-tienes-que-pensar-cambiar-tu-televisor-actual\">contenidos disponibles<\/a> en el corto-medio plazo. De ah\u00ed que resulte llamativa la apuesta de Atresmedia por grabar el <strong>debate electoral del pasado 23 de abril<\/strong> en esta resoluci\u00f3n.<\/p>\n<p><!-- BREAK 3 --><\/p>\n<p>Se trata de un encuentro que fue grabado con un equipo cinematogr\u00e1fico de <strong>5 c\u00e1maras a resoluci\u00f3n 8K<\/strong> que se ha editado para ser subido, en teor\u00eda, a resoluci\u00f3n 8K a la plataforma de v\u00eddeos <a href=\"https:\/\/vimeo.com\/user52923785\">Vimeo<\/a> y que podremos ver siempre que contemos con un equipo compatible, empezando por un navegador web actualizado, una buena conexi\u00f3n a Internet de <strong>al menos 30 Mbps<\/strong>  y siguiendo por una pantalla con tal cantidad de p\u00edxeles como el anteriormente mencionado modelo de Samsung.<\/p>\n<p><!-- BREAK 4 --><\/p>\n<div class=\"article-asset-video article-asset-large\">\n<div class=\"asset-content\">\n<div class=\"base-asset-video\">\n   <iframe loading=\"lazy\" src=\"https:\/\/player.vimeo.com\/video\/332492255\" width=\"651\" height=\"366\" frameborder=\"0\" allow=\"autoplay; fullscreen\" allowfullscreen>   <\/iframe>\n  <\/div>\n<\/p><\/div>\n<\/div>\n<p>Por el momento solo est\u00e1 disponible para <strong>verlo a 4K<\/strong>, resoluci\u00f3n m\u00e1s asequible y que nos da una idea de c\u00f3mo se ver\u00eda la televisi\u00f3n en abierto si los canales de la TDT <a href=\"https:\/\/www.xatakahome.com\/servicios-de-smart-tv\/aqui-suspiramos-acceder-a-contenido-4k-italia-8k-sera-realidad-2020\">emitiesen<\/a> en UHD real. Para poder seleccionar la resoluci\u00f3n desde un ordenador solo tenemos que entrar en la <a href=\"https:\/\/vimeo.com\/332492255\">web de Vimeo donde est\u00e1 el v\u00eddeo<\/a> y pulsar en la opci\u00f3n de configuraci\u00f3n con forma de engranaje abajo a la derecha. All\u00ed tendremos todas las resoluciones disponibles a nuestro alcance, incluidas <strong>varias SD, 720p, 1080p, 2K y 4K<\/strong>.<\/p>\n<p><!-- BREAK 5 --><\/p>\n<p>M\u00e1s informaci\u00f3n | <a href=\"https:\/\/news.samsung.com\/es\/samsung-debate-8k\">Samsung<\/a> | <a href=\"https:\/\/www.atresmediapublicidad.com\/television\/noticias\/debate-decisivo-grabara_201904235cbefc710cf282ad6cbb4df0.html\">Atresmedia<\/a><br \/>\nV\u00eddeo | <a href=\"https:\/\/vimeo.com\/user52923785\">Vimeo<br \/>\n<\/a><\/p>\n<\/p>\n<h4>Tambi\u00e9n te recomendamos<\/h4>\n<p>\n        <a href=\"https:\/\/www.xatakahome.com\/\/https:\/\/www.bloglenovo.es\/estas-son-todas-las-muertes-que-habrias-sufrido-sin-tecnologia\/?utm_source=recommended&#038;utm_medium=feed&#038;utm_campaign=26_Apr_2019\"><br \/>\n            Estas son todas las muertes que habr\u00edas sufrido sin tecnolog\u00eda<br \/>\n        <\/a>\n    <\/p>\n<p>\n        <a href=\"https:\/\/www.xatakahome.com\/televisores\/ves-tdt-sd-720p-1080i-japon-empiezan-a-probar-emisiones-8k?utm_source=recommended&#038;utm_medium=feed&#038;utm_campaign=26_Apr_2019\"><br \/>\n            \u00bfA\u00fan ves la TDT en SD, 720p o 1080i? En Jap\u00f3n ya empiezan a probar las emisiones 8K<br \/>\n        <\/a>\n    <\/p>\n<p>\n        <a href=\"https:\/\/www.xatakahome.com\/televisores\/la-segunda-mitad-de-2018-sera-el-momento-para-ver-llegar-los-primeros-televisores-con-resolucion-8k-al-mercado?utm_source=recommended&#038;utm_medium=feed&#038;utm_campaign=26_Apr_2019\"><br \/>\n            La segunda mitad de 2018 ser\u00e1 el momento para ver llegar los primeros televisores con resoluci\u00f3n 8K al mercado<br \/>\n        <\/a>\n    <\/p>\n<p> &#8211; <br \/> La noticia<br \/>\n       <a href=\"https:\/\/www.xatakahome.com\/televisores\/debate-electoral-23a-grabado-a-8k-nos-da-idea-como-se-veran-emisiones-televisivas-futuro-no-muy-lejano?utm_source=feedburner&#038;utm_medium=feed&#038;utm_campaign=26_Apr_2019\"><br \/>\n        <em> El debate electoral 23A grabado a 8K nos da una idea de c\u00f3mo se ver\u00e1n las emisiones televisivas en un futuro no muy lejano  <\/em><br \/>\n       <\/a><br \/>\n       fue publicada originalmente en<br \/>\n       <a href=\"https:\/\/www.xatakahome.com\/?utm_source=feedburner&#038;utm_medium=feed&#038;utm_campaign=26_Apr_2019\"><br \/>\n        <strong> Xataka Smart Home <\/strong><br \/>\n       <\/a><br \/>\n              por <a href=\"https:\/\/www.xatakahome.com\/autor\/paco-rodriguez?utm_source=feedburner&#038;utm_medium=feed&#038;utm_campaign=26_Apr_2019\"><br \/>\n        Paco Rodriguez<br \/>\n       <\/a><br \/>\n       . <\/p>\n<div class=\"feedflare\">\n<a href=\"http:\/\/feeds.weblogssl.com\/~ff\/Xatakahome?a=nEdJlJQfrj0:iodj7AXD6cg:yIl2AUoC8zA\"><img decoding=\"async\" src=\"http:\/\/feeds.feedburner.com\/~ff\/Xatakahome?d=yIl2AUoC8zA\" border=\"0\"><\/a>\n<\/div>\n<p><img loading=\"lazy\" decoding=\"async\" src=\"http:\/\/feeds.feedburner.com\/~r\/Xatakahome\/~4\/nEdJlJQfrj0\" height=\"1\" width=\"1\" alt=\"\"><\/div>\n","protected":false},"excerpt":{"rendered":"<p>La resoluci\u00f3n 8K lleva ya unos meses haciendo su aparici\u00f3n en diferentes ferias, muestras e incluso en las estanter\u00edas de las tiendas con modelos como el televisor de Samsung Q900r que pudimos analizar a fondo hace unos meses. Sin embargo, a pesar de que los fabricantes prometen acercarnos esta tecnolog\u00eda en la pr\u00f3xima generaci\u00f3n de &hellip; <a href=\"https:\/\/domosistemas.com\/?p=9392\" class=\"more-link\">Sigue leyendo <span class=\"screen-reader-text\">El debate electoral 23A grabado a 8K nos da una idea de c\u00f3mo se ver\u00e1n las emisiones televisivas en un futuro no muy lejano<\/span><\/a><\/p>\n","protected":false},"author":1,"featured_media":0,"comment_status":"closed","ping_status":"closed","sticky":false,"template":"","format":"standard","meta":{"footnotes":""},"categories":[8],"tags":[],"class_list":["post-9392","post","type-post","status-publish","format-standard","hentry","category-xataka"],"_links":{"self":[{"href":"https:\/\/domosistemas.com\/index.php?rest_route=\/wp\/v2\/posts\/9392","targetHints":{"allow":["GET"]}}],"collection":[{"href":"https:\/\/domosistemas.com\/index.php?rest_route=\/wp\/v2\/posts"}],"about":[{"href":"https:\/\/domosistemas.com\/index.php?rest_route=\/wp\/v2\/types\/post"}],"author":[{"embeddable":true,"href":"https:\/\/domosistemas.com\/index.php?rest_route=\/wp\/v2\/users\/1"}],"replies":[{"embeddable":true,"href":"https:\/\/domosistemas.com\/index.php?rest_route=%2Fwp%2Fv2%2Fcomments&post=9392"}],"version-history":[{"count":0,"href":"https:\/\/domosistemas.com\/index.php?rest_route=\/wp\/v2\/posts\/9392\/revisions"}],"wp:attachment":[{"href":"https:\/\/domosistemas.com\/index.php?rest_route=%2Fwp%2Fv2%2Fmedia&parent=9392"}],"wp:term":[{"taxonomy":"category","embeddable":true,"href":"https:\/\/domosistemas.com\/index.php?rest_route=%2Fwp%2Fv2%2Fcategories&post=9392"},{"taxonomy":"post_tag","embeddable":true,"href":"https:\/\/domosistemas.com\/index.php?rest_route=%2Fwp%2Fv2%2Ftags&post=9392"}],"curies":[{"name":"wp","href":"https:\/\/api.w.org\/{rel}","templated":true}]}}