{"id":9407,"date":"2019-04-30T03:03:03","date_gmt":"2019-04-30T03:03:03","guid":{"rendered":"https:\/\/domosistemas.com\/?p=9407"},"modified":"2019-04-30T03:03:03","modified_gmt":"2019-04-30T03:03:03","slug":"francisco-hortiguela-es-nombrado-nuevo-director-general-de-ametic","status":"publish","type":"post","link":"https:\/\/domosistemas.com\/?p=9407","title":{"rendered":"Francisco Hortig\u00fcela es nombrado nuevo director general de Ametic"},"content":{"rendered":"<div>\n<p>La patronal del sector digital espa\u00f1ol, <a href=\"https:\/\/ametic.es\/es\" target=\"_blank\" rel=\"noopener noreferrer\">Ametic,<\/a> ha anunciado el nombramiento de su nuevo director general: Francisco Hortig\u00fcela, que sustituye a Mar\u00eda Teresa G\u00f3mez Condado que, tras dos a\u00f1os en el cargo, deja la patronal para iniciar un nuevo proyecto profesional por iniciativa propia. El mandato de Hortig\u00fcela ser\u00e1 efectivo a partir del pr\u00f3ximo mes de mayo.<\/p>\n<figure id=\"attachment_63344\" aria-describedby=\"caption-attachment-63344\" style=\"width: 800px\" class=\"wp-caption aligncenter\"><img loading=\"lazy\" decoding=\"async\" class=\"wp-image-63344 size-full\" src=\"https:\/\/static.casadomo.com\/media\/2019\/04\/francisco-hortiguela-director-general-ametic.png\" alt=\"Francisco Hortig\u00fcela, nuevo director general Ametic.\" width=\"800\" height=\"483\" srcset=\"https:\/\/static.casadomo.com\/media\/2019\/04\/francisco-hortiguela-director-general-ametic.png 800w, https:\/\/static.casadomo.com\/media\/2019\/04\/francisco-hortiguela-director-general-ametic-300x181.png 300w, https:\/\/static.casadomo.com\/media\/2019\/04\/francisco-hortiguela-director-general-ametic-768x464.png 768w, https:\/\/static.casadomo.com\/media\/2019\/04\/francisco-hortiguela-director-general-ametic-180x109.png 180w\" sizes=\"auto, (max-width: 800px) 100vw, 800px\"><figcaption id=\"caption-attachment-63344\" class=\"wp-caption-text\">Francisco Hortig\u00fcela, nuevo director general de Ametic.<\/figcaption><\/figure>\n<p>El nuevo director general lleva a sus espaldas una larga trayectoria profesional que cuenta con un amplio reconocimiento en el sector nacional e internacional, desempe\u00f1ando puestos de responsabilidad en el departamento de Relaciones Institucionales de Philips y de Samsung. En esta \u00faltima compa\u00f1\u00eda ejerci\u00f3 el puesto de director de Relaciones Institucionales y Ciudadan\u00eda Corporativa de Samsung.<\/p>\n<p>Esta trayectoria ha sido gracias al perfil acad\u00e9mico de Hortig\u00fcela. Se licenci\u00f3 en la Universidad Polit\u00e9cnica de Madrid como Ingeniero T\u00e9cnico de Telecomunicaci\u00f3n, realiz\u00f3 un M\u00e1ster en Direcci\u00f3n Estrat\u00e9gica de Marketing por ESADE Business &#038; Law School, PDG en Management por IESE Business School \u2013 Universidad de Navarra y M\u00e1ster en Alta Direcci\u00f3n en la gesti\u00f3n de empresas en la cadena agroalimentaria por la Universidad de San Telmo.<\/p>\n<h2>El legado de Mar\u00eda Teresa G\u00f3mez Condado<\/h2>\n<p>Durante los dos a\u00f1os de mandato de G\u00f3mez Condado, en estrecha colaboraci\u00f3n con el presidente de Ametic, Pedro Mier, y la Junta Directiva, han logrado fortalecer la patronal, tanto desde el punto de vista asociativo, como ante las instituciones p\u00fablicas. Adem\u00e1s, han contribuido a asentar las bases de la operativa de la asociaci\u00f3n.<\/p>\n<p>Por su parte, Hortig\u00fcela tiene como objetivo el crecimiento de la base de los asociados, ademas de reforzar la posici\u00f3n de Ametic como patronal de referencia de la industria digital y digitalizaci\u00f3n en Espa\u00f1a, el fortalecimiento de la presencia de la asociaci\u00f3n en Europa, y continuar con el proceso de crecimiento de la patronal.<\/p>\n<p>La entrada <a rel=\"nofollow\" href=\"https:\/\/www.casadomo.com\/2019\/04\/30\/francisco-hortiguela-es-nombrado-nuevo-director-general-ametic\">Francisco Hortig\u00fcela es nombrado nuevo director general de Ametic<\/a> aparece primero en <a rel=\"nofollow\" href=\"https:\/\/www.casadomo.com\/\">CASADOMO<\/a>.<\/p>\n<\/div>\n","protected":false},"excerpt":{"rendered":"<p>La patronal del sector digital espa\u00f1ol, Ametic, ha anunciado el nombramiento de su nuevo director general: Francisco Hortig\u00fcela, que sustituye a Mar\u00eda Teresa G\u00f3mez Condado que, tras dos a\u00f1os en el cargo, deja la patronal para iniciar un nuevo proyecto profesional por iniciativa propia. El mandato de Hortig\u00fcela ser\u00e1 efectivo a partir del pr\u00f3ximo mes &hellip; <a href=\"https:\/\/domosistemas.com\/?p=9407\" class=\"more-link\">Sigue leyendo <span class=\"screen-reader-text\">Francisco Hortig\u00fcela es nombrado nuevo director general de Ametic<\/span><\/a><\/p>\n","protected":false},"author":1,"featured_media":0,"comment_status":"closed","ping_status":"closed","sticky":false,"template":"","format":"standard","meta":{"footnotes":""},"categories":[3],"tags":[],"class_list":["post-9407","post","type-post","status-publish","format-standard","hentry","category-casadomo-com"],"_links":{"self":[{"href":"https:\/\/domosistemas.com\/index.php?rest_route=\/wp\/v2\/posts\/9407","targetHints":{"allow":["GET"]}}],"collection":[{"href":"https:\/\/domosistemas.com\/index.php?rest_route=\/wp\/v2\/posts"}],"about":[{"href":"https:\/\/domosistemas.com\/index.php?rest_route=\/wp\/v2\/types\/post"}],"author":[{"embeddable":true,"href":"https:\/\/domosistemas.com\/index.php?rest_route=\/wp\/v2\/users\/1"}],"replies":[{"embeddable":true,"href":"https:\/\/domosistemas.com\/index.php?rest_route=%2Fwp%2Fv2%2Fcomments&post=9407"}],"version-history":[{"count":0,"href":"https:\/\/domosistemas.com\/index.php?rest_route=\/wp\/v2\/posts\/9407\/revisions"}],"wp:attachment":[{"href":"https:\/\/domosistemas.com\/index.php?rest_route=%2Fwp%2Fv2%2Fmedia&parent=9407"}],"wp:term":[{"taxonomy":"category","embeddable":true,"href":"https:\/\/domosistemas.com\/index.php?rest_route=%2Fwp%2Fv2%2Fcategories&post=9407"},{"taxonomy":"post_tag","embeddable":true,"href":"https:\/\/domosistemas.com\/index.php?rest_route=%2Fwp%2Fv2%2Ftags&post=9407"}],"curies":[{"name":"wp","href":"https:\/\/api.w.org\/{rel}","templated":true}]}}