{"id":9703,"date":"2019-06-11T14:02:56","date_gmt":"2019-06-11T14:02:56","guid":{"rendered":"https:\/\/domosistemas.com\/?p=9703"},"modified":"2019-06-11T14:02:56","modified_gmt":"2019-06-11T14:02:56","slug":"este-proyector-portatil-de-acer-el-b130i-incorpora-una-bateria-para-no-depender-de-un-enchufe","status":"publish","type":"post","link":"https:\/\/domosistemas.com\/?p=9703","title":{"rendered":"Este proyector port\u00e1til de Acer, el B130i, incorpora una bater\u00eda para no depender de un enchufe"},"content":{"rendered":"<div>\n<p>\n      <img decoding=\"async\" src=\"https:\/\/i.blogs.es\/821c83\/acer-b130i\/1024_2000.jpg\" alt=\"Este proyector port\u00e1til de Acer, el B130i, incorpora una bater\u00eda para no depender de un enchufe\">\n    <\/p>\n<p>Acer vuelve a lanzar un <a href=\"https:\/\/www.xatakahome.com\/tag\/proyector\">nuevo proyector<\/a> al mercado pero en este caso con una peculiaridad. Se trata de un proyector port\u00e1til, algo que es posible gracias a la <strong>integraci\u00f3n de una bater\u00eda<\/strong> que evita que tengamos que contar con una toma el\u00e9ctrica cerca antes de usarlo.<\/p>\n<p><!-- BREAK 1 --><\/p>\n<p><strong>El Acer B130i es el \u00faltimo modelo que llega al mercado<\/strong> de la firma asi\u00e1tica. Un proyector que de entrada ofrece unas formas llamativas, pues el aspecto de cubo no pasa desapercibido. Tanto es as\u00ed que a muchos usuarios puede recordar al que ofrece una Nintendo Game Cube.<!--more--><\/p>\n<p><!-- BREAK 2 --><\/p>\n<h2>Compacto y ligero<\/h2>\n<p>El Acer B130i integra en su interior una bater\u00eda de 15.000 mAh, siendo esta su principal caracter\u00edstica, pues permite que podamos usarlo sin depender de un enchufe cerca. El conjunto del proyector, incluida la bater\u00eda es de s\u00f3lo 812 gramos de peso y un tama\u00f1o de 108 x 103 x 96 mil\u00edmetros. <strong>Un tama\u00f1o mucho m\u00e1s reducido que un proyector convencional<\/strong>.<\/p>\n<p><!-- BREAK 3 --><\/p>\n<div class=\"article-asset-image article-asset-normal\">\n<div class=\"asset-content\"> <img decoding=\"async\" alt=\"Acer B130i\" src=\"https:\/\/i.blogs.es\/44ab54\/acer-b130i-\/450_1000.png\"> <\/div>\n<\/div>\n<p>El proyector de Acer ofrece <strong>una autonom\u00eda de hasta 5 horas<\/strong> de uso con una s\u00f3la carga y puede ser el acompa\u00f1ante ideal para los dispositivos port\u00e1tiles. Para ser totalmente independiente, incorpora adem\u00e1s un sistema de sonido gracias a dos altavoces de 3 vatios, que sin ofrecer una gran calidad, pueden ayudar a los usuarios a salir del paso.<\/p>\n<p><!-- BREAK 4 --><\/p>\n<div class=\"desvio-container\">\n<div class=\"desvio\">\n<div class=\"desvio-figure js-desvio-figure\">\n   <a href=\"https:\/\/www.xatakahome.com\/televisores\/quiero-montar-un-proyector-en-el-salon-necesito-comprar-tambien-una-pantalla-o-me-sirve-la-pared\"><br \/>\n    <img decoding=\"async\" src=\"https:\/\/i.blogs.es\/089992\/shortthrowprojector28\/375_142.jpg\" alt=\"Quiero montar un proyector en el sal\u00f3n, \u00bfnecesito comprar tambi\u00e9n una pantalla o me sirve la pared?\"><br \/>\n   <\/a>\n  <\/div>\n<div class=\"desvio-summary\">\n<div class=\"desvio-taxonomy js-desvio-taxonomy\">\n    <a href=\"https:\/\/www.xatakahome.com\/televisores\/quiero-montar-un-proyector-en-el-salon-necesito-comprar-tambien-una-pantalla-o-me-sirve-la-pared\" class=\"desvio-taxonomy-anchor\">En Xataka Smart Home<\/a>\n   <\/div>\n<p>   <a href=\"https:\/\/www.xatakahome.com\/televisores\/quiero-montar-un-proyector-en-el-salon-necesito-comprar-tambien-una-pantalla-o-me-sirve-la-pared\" class=\"desvio-title js-desvio-title\">Quiero montar un proyector en el sal\u00f3n, \u00bfnecesito comprar tambi\u00e9n una pantalla o me sirve la pared?<\/a>\n  <\/div>\n<\/p><\/div>\n<\/div>\n<p>Del resto de especificaciones hay que hablar de la duraci\u00f3n de la l\u00e1mpara, un factor b\u00e1sico en un proyector. En este caso ofrece <strong>hasta 20.000 horas de vida \u00fatil<\/strong>. El Acer B130i ofrece hasta el 85% de cobertura de color NTSC intentando crear im\u00e1genes n\u00edtidas y con un color consistente.<\/p>\n<p><!-- BREAK 5 --><\/p>\n<h2>Precio y disponibilidad<\/h2>\n<p>El proyector port\u00e1til Acer B130i est\u00e1 disponible en Espa\u00f1a por <strong>un precio a partir de 499 euros<\/strong>.<\/p>\n<p><!-- BREAK 6 --><\/p>\n<p>M\u00e1s informaci\u00f3n |\u00a0<a href=\"https:\/\/www.acer.com\/ac\/es\/ES\/content\/home\">Acer<\/a><\/p>\n<\/p>\n<h4>Tambi\u00e9n te recomendamos<\/h4>\n<p>\n        <a href=\"https:\/\/www.xatakahome.com\/centro-multimedia\/lg-mostrara-ces-2019-su-nuevo-proyector-laser-tiro-ultracorto-dentro-gama-cinebeam?utm_source=recommended&#038;utm_medium=feed&#038;utm_campaign=11_Jun_2019\"><br \/>\n            LG mostrar\u00e1 en el CES 2019 su nuevo proyector l\u00e1ser de tiro ultracorto dentro de la gama CineBeam<br \/>\n        <\/a>\n    <\/p>\n<p>\n        <a href=\"https:\/\/www.xatakahome.com\/centro-multimedia\/nuevos-proyectores-gama-x1-acer-no-necesitan-cables-para-recibir-contenido-pc-smartphone?utm_source=recommended&#038;utm_medium=feed&#038;utm_campaign=11_Jun_2019\"><br \/>\n            Los nuevos proyectores de la gama X1 de Acer no necesitan cables para recibir contenido desde un PC o un Smartphone<br \/>\n        <\/a>\n    <\/p>\n<p>\n        <a href=\"https:\/\/www.xatakahome.com\/centro-multimedia\/se-puede-encontrar-proyector-uhd-mas-exclusivo-lg-mercado-estados-unidos?utm_source=recommended&#038;utm_medium=feed&#038;utm_campaign=11_Jun_2019\"><br \/>\n            Ya se puede encontrar el proyector UHD m\u00e1s exclusivo de LG en el mercado de Estados Unidos<br \/>\n        <\/a>\n    <\/p>\n<p> &#8211; <br \/> La noticia<br \/>\n       <a href=\"https:\/\/www.xatakahome.com\/centro-multimedia\/acer-presenta-nuevo-proyector-portatil-acer-b130i-incorpora-bateria-para-no-depender-enchufe?utm_source=feedburner&#038;utm_medium=feed&#038;utm_campaign=11_Jun_2019\"><br \/>\n        <em> Este proyector port\u00e1til de Acer, el B130i, incorpora una bater\u00eda para no depender de un enchufe <\/em><br \/>\n       <\/a><br \/>\n       fue publicada originalmente en<br \/>\n       <a href=\"https:\/\/www.xatakahome.com\/?utm_source=feedburner&#038;utm_medium=feed&#038;utm_campaign=11_Jun_2019\"><br \/>\n        <strong> Xataka Smart Home <\/strong><br \/>\n       <\/a><br \/>\n              por <a href=\"https:\/\/www.xatakahome.com\/autor\/jose-antonio-carmona?utm_source=feedburner&#038;utm_medium=feed&#038;utm_campaign=11_Jun_2019\"><br \/>\n        Jose Antonio<br \/>\n       <\/a><br \/>\n       . <\/p>\n<div class=\"feedflare\">\n<a href=\"http:\/\/feeds.weblogssl.com\/~ff\/Xatakahome?a=ICy8m8LqSfw:XbbLBtU9Qgg:yIl2AUoC8zA\"><img decoding=\"async\" src=\"http:\/\/feeds.feedburner.com\/~ff\/Xatakahome?d=yIl2AUoC8zA\" border=\"0\"><\/a>\n<\/div>\n<p><img loading=\"lazy\" decoding=\"async\" src=\"http:\/\/feeds.feedburner.com\/~r\/Xatakahome\/~4\/ICy8m8LqSfw\" height=\"1\" width=\"1\" alt=\"\"><\/div>\n","protected":false},"excerpt":{"rendered":"<p>Acer vuelve a lanzar un nuevo proyector al mercado pero en este caso con una peculiaridad. Se trata de un proyector port\u00e1til, algo que es posible gracias a la integraci\u00f3n de una bater\u00eda que evita que tengamos que contar con una toma el\u00e9ctrica cerca antes de usarlo. El Acer B130i es el \u00faltimo modelo que &hellip; <a href=\"https:\/\/domosistemas.com\/?p=9703\" class=\"more-link\">Sigue leyendo <span class=\"screen-reader-text\">Este proyector port\u00e1til de Acer, el B130i, incorpora una bater\u00eda para no depender de un enchufe<\/span><\/a><\/p>\n","protected":false},"author":1,"featured_media":0,"comment_status":"closed","ping_status":"closed","sticky":false,"template":"","format":"standard","meta":{"footnotes":""},"categories":[8],"tags":[],"class_list":["post-9703","post","type-post","status-publish","format-standard","hentry","category-xataka"],"_links":{"self":[{"href":"https:\/\/domosistemas.com\/index.php?rest_route=\/wp\/v2\/posts\/9703","targetHints":{"allow":["GET"]}}],"collection":[{"href":"https:\/\/domosistemas.com\/index.php?rest_route=\/wp\/v2\/posts"}],"about":[{"href":"https:\/\/domosistemas.com\/index.php?rest_route=\/wp\/v2\/types\/post"}],"author":[{"embeddable":true,"href":"https:\/\/domosistemas.com\/index.php?rest_route=\/wp\/v2\/users\/1"}],"replies":[{"embeddable":true,"href":"https:\/\/domosistemas.com\/index.php?rest_route=%2Fwp%2Fv2%2Fcomments&post=9703"}],"version-history":[{"count":0,"href":"https:\/\/domosistemas.com\/index.php?rest_route=\/wp\/v2\/posts\/9703\/revisions"}],"wp:attachment":[{"href":"https:\/\/domosistemas.com\/index.php?rest_route=%2Fwp%2Fv2%2Fmedia&parent=9703"}],"wp:term":[{"taxonomy":"category","embeddable":true,"href":"https:\/\/domosistemas.com\/index.php?rest_route=%2Fwp%2Fv2%2Fcategories&post=9703"},{"taxonomy":"post_tag","embeddable":true,"href":"https:\/\/domosistemas.com\/index.php?rest_route=%2Fwp%2Fv2%2Ftags&post=9703"}],"curies":[{"name":"wp","href":"https:\/\/api.w.org\/{rel}","templated":true}]}}