{"id":9959,"date":"2019-07-18T02:00:00","date_gmt":"2019-07-18T02:00:00","guid":{"rendered":"https:\/\/domosistemas.com\/?p=9959"},"modified":"2019-07-18T02:00:00","modified_gmt":"2019-07-18T02:00:00","slug":"el-vi-congreso-smart-grids-abre-el-llamamiento-de-comunicaciones-para-su-celebracion-el-12-de-diciembre","status":"publish","type":"post","link":"https:\/\/domosistemas.com\/?p=9959","title":{"rendered":"El VI Congreso Smart Grids abre el Llamamiento de Comunicaciones para su celebraci\u00f3n el 12 de diciembre"},"content":{"rendered":"<div>\n<p>El <a href=\"https:\/\/www.congreso-smartgrids.es\/\" target=\"_blank\" rel=\"noopener noreferrer\">VI Congreso Smart Grids<\/a> se celebrar\u00e1 el 12 de diciembre de 2019 en un nuevo escenario. Como novedad este a\u00f1o tendr\u00e1 lugar en el Auditorio Agust\u00edn de Betancourt del Colegio de Ingenieros de Caminos, Canales y Puertos (CICCP) en Madrid. Ya est\u00e1 abierto el Llamamiento de Comunicaciones, hasta el 1 de octubre todas las entidades y profesionales de las Smart Grids y sectores relacionados podr\u00e1n presentar sus propuestas para esta sexta edici\u00f3n.<\/p>\n<figure id=\"attachment_65435\" aria-describedby=\"caption-attachment-65435\" style=\"width: 800px\" class=\"wp-caption aligncenter\"><img loading=\"lazy\" decoding=\"async\" class=\"size-full wp-image-65435\" src=\"https:\/\/static.casadomo.com\/media\/2019\/07\/congreso-smart-grids-redes-electricas-inteligentes-espana-foto-familia.png\" alt=\"Foto de familia de la primera reuni\u00f3n del Comit\u00e9 T\u00e9cnico del VI Congreso Smart Grids\" width=\"800\" height=\"463\" srcset=\"https:\/\/static.casadomo.com\/media\/2019\/07\/congreso-smart-grids-redes-electricas-inteligentes-espana-foto-familia.png 800w, https:\/\/static.casadomo.com\/media\/2019\/07\/congreso-smart-grids-redes-electricas-inteligentes-espana-foto-familia-300x174.png 300w, https:\/\/static.casadomo.com\/media\/2019\/07\/congreso-smart-grids-redes-electricas-inteligentes-espana-foto-familia-768x444.png 768w, https:\/\/static.casadomo.com\/media\/2019\/07\/congreso-smart-grids-redes-electricas-inteligentes-espana-foto-familia-180x104.png 180w\" sizes=\"auto, (max-width: 800px) 100vw, 800px\"><figcaption id=\"caption-attachment-65435\" class=\"wp-caption-text\">Foto de familia de la primera reuni\u00f3n del Comit\u00e9 T\u00e9cnico del VI Congreso Smart Grids.<\/figcaption><\/figure>\n<p>El Congreso Smart Grids es el principal foro profesional para el sector de las Redes El\u00e9ctricas Inteligentes en Espa\u00f1a. Est\u00e1 organizado por Grupo Tecma Red con la co-organizaci\u00f3n de FutuRed, la Plataforma Espa\u00f1ola de Redes El\u00e9ctricas, adem\u00e1s de contar con el apoyo de m\u00e1s de 60 entidades p\u00fablicas y privadas del sector.<\/p>\n<p>El pasado 9 de julio se constituy\u00f3 el <a href=\"https:\/\/www.congreso-smartgrids.es\/comite-tecnico\/\" target=\"_blank\" rel=\"noopener noreferrer\">Comit\u00e9 T\u00e9cnico<\/a> del VI Congreso Smart Grids, que en su primera reuni\u00f3n defini\u00f3 las \u00e1reas tem\u00e1ticas del evento y estableci\u00f3 el calendario de trabajo a seguir.<\/p>\n<p>Dicho Comit\u00e9 T\u00e9cnico est\u00e1 compuesto por m\u00e1s de 40 profesionales pertenecientes a las siguientes entidades: CICCP, CGCII, CCII, COIIM, AELEC, AEPIBAL, AFBEL, AFCE, ASEME, CEDOM, CNH2, CARTIF, CEDER-CIEMAT, Cl\u00faster Energ\u00eda Pa\u00eds Vasco, CNI Instaladores, ENTRA Agregaci\u00f3n y Flexibilidad, SERCOBE, Planetic, T&#038;D Europe, Universidad Valladolid, CENER, CEIT-IK4, CIC Energigune, Imdea Energ\u00eda, ITE, TE3CNALIA, Enerclub, CDTI*, ACIE*, AEDIVE*, Fenitel*, IREC*, FutuRed y Grupo Tecma Red.<\/p>\n<h2>Llamamiento de Comunicaciones VI Congreso Smart Grids<\/h2>\n<p>Los profesionales o entidades interesados en presentar Comunicaciones al VI Congreso Smart Grids deber\u00e1n enviar una propuesta breve que resuma sus aspectos clave, utilizando para ello el formulario online disponible en la p\u00e1gina web del Congreso: <a href=\"http:\/\/www.congreso-smartgrids.es\/comunicaciones\" target=\"_blank\" rel=\"noopener noreferrer\">www.congreso-smartgrids.es\/comunicaciones<\/a><\/p>\n<p>Las propuestas de Comunicaciones que se presenten deber\u00e1n estar enmarcadas en alguna de las siguientes \u00e1reas tem\u00e1ticas definidas para esta edici\u00f3n por el Comit\u00e9 T\u00e9cnico:<\/p>\n<ul>\n<li>Equipos Avanzados, Control, Operaci\u00f3n, Protecci\u00f3n, Calidad del Suministro y Gesti\u00f3n de Activos en las Redes El\u00e9ctricas de Transporte y de Distribuci\u00f3n<\/li>\n<li>Modelos de Flexibilidad y Mercado: Agregaci\u00f3n de la Demanda, Generaci\u00f3n Distribuida, Almacenamiento, Microrredes e Interconexi\u00f3n de redes el\u00e9ctricas y no el\u00e9ctricas<\/li>\n<li>La revoluci\u00f3n en la Baja Tensi\u00f3n: Automatizaci\u00f3n de Red, Usuario Activo, Veh\u00edculo El\u00e9ctrico, Autoconsumo, Ciudades, Edificios Inteligentes y APPs<\/li>\n<li>Digitalizaci\u00f3n: Anal\u00edtica de Datos, Gesti\u00f3n de Activos, IoT, Inteligencia Artificial, Rob\u00f3tica, Ciberseguridad y Blockchain<\/li>\n<li>Las Redes El\u00e9ctricas en el contexto de las Pol\u00edticas de Energ\u00eda y Clima: PNIEC, Cambio Clim\u00e1tico, Econom\u00eda Circular, etc.<\/li>\n<\/ul>\n<figure id=\"attachment_65436\" aria-describedby=\"caption-attachment-65436\" style=\"width: 800px\" class=\"wp-caption aligncenter\"><img loading=\"lazy\" decoding=\"async\" class=\"size-full wp-image-65436\" src=\"https:\/\/static.casadomo.com\/media\/2019\/07\/congreso-smart-grids-redes-electricas-inteligentes-espana-trabajo-1.png\" alt=\"Los miembros del Comit\u00e9 T\u00e9cnico durante la primera reuni\u00f3n de trabajo para definir las \u00e1reas tem\u00e1ticas del VI Congreso Smart Grids.\" width=\"800\" height=\"449\" srcset=\"https:\/\/static.casadomo.com\/media\/2019\/07\/congreso-smart-grids-redes-electricas-inteligentes-espana-trabajo-1.png 800w, https:\/\/static.casadomo.com\/media\/2019\/07\/congreso-smart-grids-redes-electricas-inteligentes-espana-trabajo-1-300x168.png 300w, https:\/\/static.casadomo.com\/media\/2019\/07\/congreso-smart-grids-redes-electricas-inteligentes-espana-trabajo-1-768x431.png 768w, https:\/\/static.casadomo.com\/media\/2019\/07\/congreso-smart-grids-redes-electricas-inteligentes-espana-trabajo-1-750x420.png 750w, https:\/\/static.casadomo.com\/media\/2019\/07\/congreso-smart-grids-redes-electricas-inteligentes-espana-trabajo-1-180x101.png 180w\" sizes=\"auto, (max-width: 800px) 100vw, 800px\"><figcaption id=\"caption-attachment-65436\" class=\"wp-caption-text\">Los miembros del Comit\u00e9 T\u00e9cnico durante la primera reuni\u00f3n de trabajo para definir las \u00e1reas tem\u00e1ticas del VI Congreso Smart Grids.<\/figcaption><\/figure>\n<p>Las propuestas recibidas ser\u00e1n evaluadas por la organizaci\u00f3n, para comprobar que se ajustan a las tem\u00e1ticas y objetivos del Congreso, y una vez aceptadas se informar\u00e1 a los autores para que puedan enviar la Comunicaci\u00f3n Final. El plazo para presentar Propuestas de Comunicaciones finaliza el 20 de septiembre de 2019, mientras que las Comunicaciones Finales deber\u00e1n ser enviadas antes del 1 de octubre.<\/p>\n<p>Las Comunicaciones Finales seleccionadas por el Comit\u00e9 T\u00e9cnico tendr\u00e1n la oportunidad de ser presentadas de forma oral en el Congreso por parte de su autor. Tambi\u00e9n, junto a las Comunicaciones aceptadas por el Comit\u00e9 T\u00e9cnico en su conjunto, ser\u00e1n publicadas en el Libro de Comunicaciones y en formato digital en el portal <a href=\"https:\/\/www.smartgridsinfo.es\/\" target=\"_blank\" rel=\"noopener noreferrer\">SMARTGRIDSINFO<\/a> con posterioridad a la celebraci\u00f3n del Congreso.<\/p>\n<h2>El programa del VI Congreso Smart Grids<\/h2>\n<p>En esta sexta edici\u00f3n del Congreso el programa preliminar, con un d\u00eda de duraci\u00f3n, contempla una Ponencia Magistral, dos Mesas Redondas que abarcar\u00e1n tem\u00e1ticas de gran actualidad del sector, y las Ponencias Orales basadas en el Llamamiento de Comunicaciones.<\/p>\n<figure id=\"attachment_65437\" aria-describedby=\"caption-attachment-65437\" style=\"width: 800px\" class=\"wp-caption aligncenter\"><img loading=\"lazy\" decoding=\"async\" class=\"size-full wp-image-65437\" src=\"https:\/\/static.casadomo.com\/media\/2019\/07\/congreso-smart-grids-redes-electricas-inteligentes-espana-trabajo-2.png\" alt=\"El Comit\u00e9 T\u00e9cnico se reunir\u00e1 por segunda vez en el mes de octubre para seleccionar las Comunicaciones Finales y definir el programa definitivo del Congreso.\" width=\"800\" height=\"493\" srcset=\"https:\/\/static.casadomo.com\/media\/2019\/07\/congreso-smart-grids-redes-electricas-inteligentes-espana-trabajo-2.png 800w, https:\/\/static.casadomo.com\/media\/2019\/07\/congreso-smart-grids-redes-electricas-inteligentes-espana-trabajo-2-300x185.png 300w, https:\/\/static.casadomo.com\/media\/2019\/07\/congreso-smart-grids-redes-electricas-inteligentes-espana-trabajo-2-768x473.png 768w, https:\/\/static.casadomo.com\/media\/2019\/07\/congreso-smart-grids-redes-electricas-inteligentes-espana-trabajo-2-180x111.png 180w\" sizes=\"auto, (max-width: 800px) 100vw, 800px\"><figcaption id=\"caption-attachment-65437\" class=\"wp-caption-text\">El Comit\u00e9 T\u00e9cnico se reunir\u00e1 por segunda vez en el mes de octubre para seleccionar las Comunicaciones Finales y definir el programa definitivo del Congreso.<\/figcaption><\/figure>\n<p>El Director del Congreso Smart Grids, Stefan Junestrand, invita a todas las entidades y profesionales de las Smart Grids y sectores relacionados a presentar sus Propuestas de Comunicaciones y destaca la apuesta para que sea un Congreso multidisciplinar, \u201cun evento de exposici\u00f3n y debate activo en las mesas redondas, que sea transversal en una gran variedad de temas, no solamente el tecnol\u00f3gico, hay muchos aspectos que influyen en el desarrollo de las redes el\u00e9ctricas inteligentes\u201d.<\/p>\n<h2>Abierto el plazo de inscripci\u00f3n<\/h2>\n<p>El plazo de inscripci\u00f3n del Congreso, que se celebra el 12 de diciembre de 2019, estar\u00e1 abierto hasta el 10 de diciembre, si antes no se completa el aforo. Existen condiciones especiales para las entidades de Apoyo Institucional, Colaboradores y la red de Patrocinadores. Adem\u00e1s, hay descuentos especiales para estudiantes y desempleados (plazas limitadas). Para m\u00e1s informaci\u00f3n y formalizar la inscripci\u00f3n dirigirse a la web del Congreso: <a href=\"http:\/\/www.congreso-smartgrids.es\/inscripciones\" target=\"_blank\" rel=\"noopener noreferrer\">www.congreso-smartgrids.es\/inscripciones<\/a><\/p>\n<h2>Organizaci\u00f3n, patrocinios, apoyo y colaboradores<\/h2>\n<p>Hasta el momento han confirmado la colaboraci\u00f3n y patrocinio las siguientes entidades*:<\/p>\n<p><u>Organiza<\/u>: Grupo Tecma Red<\/p>\n<p><u>Co-organiza<\/u>: FutuRed<\/p>\n<p><u>Patrocinio Oro<\/u>: Schneider Electric<\/p>\n<p><u>Patrocinio Plata<\/u>: Everis, Siemens<\/p>\n<p><u>Apoyo Institucional<\/u>: Ayuntamiento de Madrid, Ministerio de Ciencia, Innovaci\u00f3n y Universidades, Colegio de Ingenieros de Caminos, Canales y Puertos.<\/p>\n<p><u>Colaboradores:<\/u> A3E, ACE, ACOGEN, AEDIVE, AELEC, AEPIBAL, AFBEL, AFCE, AMETIC, AMI, ANAE, ANESE, ASEME, CCII, CDTI, CEDOM, CEIT-IK4, CENER, CNH2, CIC ENERGIGUNE, CEDER-CIEMAT, CIRCE, ENERCLUB, Cl\u00faster Energ\u00eda Pa\u00eds Vasco, CNI Instaladores, COIIM, COIT, COGITT\/AEGITT, CONAIF, CREVER, EMVS, ENERAGEN, ENERGYLAB, Enginyers Industrials de Catalunya, EURELECTRIC, FECOTEL, FENIE, FENITEL, IMDEA Energ\u00eda, IO-CSIC, IREC, ITE, KNX Espa\u00f1a, OSGP Alliance, PESI, PLANETIC, RECI, SECARTYS, SERCOBE, TECNALIA, T&#038;D Europe, UNEF, Universidad Valencia, Universidad Valladolid.<\/p>\n<p>La entrada <a rel=\"nofollow\" href=\"https:\/\/www.casadomo.com\/2019\/07\/18\/6-congreso-smart-grids-abre-llamamiento-comunicaciones-celebracion-12-diciembre\">El VI Congreso Smart Grids abre el Llamamiento de Comunicaciones para su celebraci\u00f3n el 12 de diciembre<\/a> aparece primero en <a rel=\"nofollow\" href=\"https:\/\/www.casadomo.com\/\">CASADOMO<\/a>.<\/p>\n<\/div>\n","protected":false},"excerpt":{"rendered":"<p>El VI Congreso Smart Grids se celebrar\u00e1 el 12 de diciembre de 2019 en un nuevo escenario. Como novedad este a\u00f1o tendr\u00e1 lugar en el Auditorio Agust\u00edn de Betancourt del Colegio de Ingenieros de Caminos, Canales y Puertos (CICCP) en Madrid. Ya est\u00e1 abierto el Llamamiento de Comunicaciones, hasta el 1 de octubre todas las &hellip; <a href=\"https:\/\/domosistemas.com\/?p=9959\" class=\"more-link\">Sigue leyendo <span class=\"screen-reader-text\">El VI Congreso Smart Grids abre el Llamamiento de Comunicaciones para su celebraci\u00f3n el 12 de diciembre<\/span><\/a><\/p>\n","protected":false},"author":1,"featured_media":0,"comment_status":"closed","ping_status":"closed","sticky":false,"template":"","format":"standard","meta":{"footnotes":""},"categories":[3],"tags":[],"class_list":["post-9959","post","type-post","status-publish","format-standard","hentry","category-casadomo-com"],"_links":{"self":[{"href":"https:\/\/domosistemas.com\/index.php?rest_route=\/wp\/v2\/posts\/9959","targetHints":{"allow":["GET"]}}],"collection":[{"href":"https:\/\/domosistemas.com\/index.php?rest_route=\/wp\/v2\/posts"}],"about":[{"href":"https:\/\/domosistemas.com\/index.php?rest_route=\/wp\/v2\/types\/post"}],"author":[{"embeddable":true,"href":"https:\/\/domosistemas.com\/index.php?rest_route=\/wp\/v2\/users\/1"}],"replies":[{"embeddable":true,"href":"https:\/\/domosistemas.com\/index.php?rest_route=%2Fwp%2Fv2%2Fcomments&post=9959"}],"version-history":[{"count":0,"href":"https:\/\/domosistemas.com\/index.php?rest_route=\/wp\/v2\/posts\/9959\/revisions"}],"wp:attachment":[{"href":"https:\/\/domosistemas.com\/index.php?rest_route=%2Fwp%2Fv2%2Fmedia&parent=9959"}],"wp:term":[{"taxonomy":"category","embeddable":true,"href":"https:\/\/domosistemas.com\/index.php?rest_route=%2Fwp%2Fv2%2Fcategories&post=9959"},{"taxonomy":"post_tag","embeddable":true,"href":"https:\/\/domosistemas.com\/index.php?rest_route=%2Fwp%2Fv2%2Ftags&post=9959"}],"curies":[{"name":"wp","href":"https:\/\/api.w.org\/{rel}","templated":true}]}}